{"id":7870,"date":"2022-11-19T11:04:52","date_gmt":"2022-11-19T11:04:52","guid":{"rendered":"http:\/\/www.movimientocaamanista.com\/?p=7870"},"modified":"2022-11-19T11:04:54","modified_gmt":"2022-11-19T11:04:54","slug":"elecciones-en-israel-ascenso-de-la-extrema-derecha-religiosa","status":"publish","type":"post","link":"http:\/\/www.movimientocaamanista.com\/?p=7870","title":{"rendered":"Elecciones en Israel : ascenso de la extrema derecha religiosa"},"content":{"rendered":"\n<p>Marc Vandepitte<\/p>\n\n\n\n<p>Fuente: <a href=\"https:\/\/rebelion.org\/elecciones-en-israel-ascenso-de-la-extrema-derecha-religiosa\/\">Rebeli\u00f3n<\/a><\/p>\n\n\n\n<p>Traducido del franc\u00e9s para Rebeli\u00f3n por Beatriz Morales Bastos<\/p>\n\n\n\n<p>Seg\u00fan su propia propaganda, el Estado de Israel es una democracia y comparte los mismos valores que Occidente. En la pr\u00e1ctica, hace tiempo que el pa\u00eds transita por un camino muy sombr\u00edo. Con las \u00faltimas elecciones se dirige a un gobierno reaccionario y radical de derecha. Caen las m\u00e1scaras.<\/p>\n\n\n\n<h2 class=\"wp-block-heading\">Una alianza c\u00ednica<\/h2>\n\n\n\n<p>Hace poco menos de a\u00f1o y medio una coalici\u00f3n amplia ech\u00f3 a Benjamin Netanyahu. Hoy parece dispuesto a volver al poder, en gran parte gracias al ascenso de un partido de extrema derecha, Fuerza Jud\u00eda.<\/p>\n\n\n\n<p>Se trata de una alianza muy c\u00ednica. Netanyahu puede ir a la c\u00e1rcel acusado de corrupci\u00f3n, fraude y abuso de confianza durante su anterior mandato. Ahora quiere anular este proceso judicial o bien recuperando la inmunidad o bien modificando la ley referente a este asunto. La extrema derecha est\u00e1 encantada de ayudarle a conseguirlo, porque tambi\u00e9n quiere modificar el sistema judicial.<\/p>\n\n\n\n<h2 class=\"wp-block-heading\">\u201cMuerte a los \u00e1rabes\u201d<\/h2>\n\n\n\n<p>El principal responsable de todo ello es Itamar Ben-Gvir, presidente del partido de extrema derecha y ultranacionalista Fuerza Jud\u00eda. Antes de las elecciones hab\u00eda formado una alianza con otro partido de extrema derecha, Sionistas Religiosos. Juntos se han convertido en la tercera fuerza del parlamento.<\/p>\n\n\n\n<p><a href=\"https:\/\/en.wikipedia.org\/wiki\/Itamar_Ben-Gvir\">Ben-Gvir<\/a>&nbsp;era miembro de Kach, el partido del rabino extremista Meir Kahane, un partido que finalmente est\u00e1 prohibido en Israel por ser una organizaci\u00f3n terrorista y que tambi\u00e9n figura en la lista de organizaciones terroristas de Estados Unidos. Tambi\u00e9n se le deneg\u00f3 a Ben-Gvir la entrada en el ej\u00e9rcito por ser demasiado extremo.<\/p>\n\n\n\n<figure class=\"wp-block-image\"><img decoding=\"async\" src=\"https:\/\/www.dewereldmorgen.be\/wp-content\/uploads\/2022\/11\/Itamar_Ben_Gvir_1-320x320.jpg\" alt=\"\"\/><figcaption>Foto: Itamar Ben-Gvir (David Denberg, Wikimedia Commons)]<\/figcaption><\/figure>\n\n\n\n<p>Hace tiempo que tiene colgada en su casa una fotograf\u00eda de&nbsp;<a href=\"https:\/\/nl.wikipedia.org\/wiki\/Baruch_Goldstein\">Baruch Goldstein<\/a>, que en 1994 asesin\u00f3 a 29 personas palestinas que rezaban en una mezquita de Hebron. Se le conoce por su eslogan \u201cmuerte a los \u00e1rabes\u201d. Durante una provocadora visita a Jerusal\u00e9n el verano pasado pidi\u00f3 a los guardias de seguridad que le escoltaban que dispararan a los manifestantes. En dos ocasiones \u00e9l mismo&nbsp;<a href=\"https:\/\/www.hln.be\/buitenland\/portret-ben-gvir-de-ultrarechtse-kolonist-die-netanyahu-het-israelische-premierschap-terugbezorgde~a04d2d76\/\">ha apuntado con un arma<\/a>&nbsp;a personas palestinas. Considera que estas, los mismo que las \u201c\u00e1rabes israel\u00edes\u201d (1), no tienen nada que hacer en \u201ctierra jud\u00eda\u201d. Si no son \u201cleales\u201d, quiere expulsarlas. Ben-Gvir tiene la intenci\u00f3n de ser ministro de Seguridad P\u00fablica en el nuevo gobierno.<\/p>\n\n\n\n<p>Este ultranacionalista tambi\u00e9n quiere anexionarse Cisjordania o, al menos, su Zona C (en rosa en el mapa), que representa el 62% de su superficie. Seg\u00fan el Estatuto de Roma, establecer colonias en territorio ocupado constituye&nbsp;<a href=\"https:\/\/www.vredesactie.be\/madeinillegality\">un crime<\/a><a href=\"https:\/\/www.vredesactie.be\/madeinillegality\">n<\/a><a href=\"https:\/\/www.vredesactie.be\/madeinillegality\">&nbsp;de guerr<\/a><a href=\"https:\/\/www.vredesactie.be\/madeinillegality\">a<\/a>. La anexi\u00f3n de esta Zona C va todav\u00eda m\u00e1s lejos.<\/p>\n\n\n\n<figure class=\"wp-block-image\"><img decoding=\"async\" src=\"https:\/\/rebelion.org\/wp-content\/uploads\/2022\/11\/4096px-Control_status_of_the_West_Bank_as_per_the_Oslo_Accords-EDITED-678x1024.jpg\" alt=\"\" class=\"wp-image-740403\"\/><figcaption><br><strong>En verde<\/strong>: Zona A, bajo gesti\u00f3n administrativa de la Autoridad Palestina.&nbsp;<strong>En rojo<\/strong>: Zona B, gesti\u00f3n administrativa entre la Autoridad Palestina y el Estado de Israel.&nbsp;<strong>En rosa<\/strong>: Zona C, gesti\u00f3n administrativa exclusivamente del Estado de Israel. La poblaci\u00f3n palestina vive sobre todo en las Zonas A y B. En la Zona C viven 300.000 palestinos y 400.000 colonos israel\u00edes. Estas Zonas fueron establecidas por los Acuerdos de Oslo de 1993 (mapa: Wikimedia Commons)<\/figcaption><\/figure>\n\n\n\n<h2 class=\"wp-block-heading\">Podredumbre<\/h2>\n\n\n\n<p>Hace diez a\u00f1os este tipo de figuras todav\u00eda estaban demasiado desprestigiadas y eran t\u00f3xicas como para integrarse en la corriente pol\u00edtica dominante de Israel. Hoy el l\u00edder de la derecha radical del Likud, Netanyahu, se al\u00eda oficialmente con Sionistas Religiosos.<\/p>\n\n\n\n<p>Ben-Gvir no es una ruptura con el pasado, sino m\u00e1s bien&nbsp;<a href=\"https:\/\/scheerpost.com\/2022\/11\/02\/the-rise-of-israeli-fascism-as-the-swing-vote-in-parliament-and-the-project-of-ethnic-cleansing\/%20nov%202\">un s<\/a><a href=\"https:\/\/scheerpost.com\/2022\/11\/02\/the-rise-of-israeli-fascism-as-the-swing-vote-in-parliament-and-the-project-of-ethnic-cleansing\/%20nov%202\">\u00edntoma de la podredumbre<\/a>&nbsp;de la pol\u00edtica israel\u00ed. Hace tiempo que sus opiniones extremistas han dejado de ser monopolio de la extrema derecha.<\/p>\n\n\n\n<p>Durante su \u00faltimo mandato como primer ministro Netanyahu ya hab\u00eda sugerido anexionar los territorios ocupados. Y en el pasado el exministro de Exteriores y de Defensa Avigdor Lieberman hab\u00eda pedido que se expulsara a las personas israel\u00edes de origen palestino si se negaban a firmar un juramento de lealtad.<\/p>\n\n\n\n<p>El diario progresista israel\u00ed&nbsp;<em>Haaretz<\/em>&nbsp;describe en&nbsp;<a href=\"https:\/\/www.haaretz.com\/opinion\/editorial\/2022-11-02\/ty-article-opinion\/kahanism-won\/00000184-3591-d636-a9ed-fdb1292d0000\">un&nbsp;<\/a><a href=\"https:\/\/www.haaretz.com\/opinion\/editorial\/2022-11-02\/ty-article-opinion\/kahanism-won\/00000184-3591-d636-a9ed-fdb1292d0000\">e<\/a><a href=\"https:\/\/www.haaretz.com\/opinion\/editorial\/2022-11-02\/ty-article-opinion\/kahanism-won\/00000184-3591-d636-a9ed-fdb1292d0000\">ditorial<\/a>&nbsp;la podredumbre [del Estado de Israel] de la siguiente manera: \u201cSionistas Religiosos es el partido de la Knesset [parlamento israel\u00ed] que ha mutilado el proyecto sionista y ha transformado el proyecto de la patria del pueblo jud\u00edo en un proyecto conservador, de derecha, racista y de supremac\u00eda religiosa jud\u00eda en el esp\u00edritu del tutor de BenGvir, el rabino Meir Kahane. Este partido es hoy la tercera fuerza pol\u00edtica de Israel. Este es el significado real y aterrador de las elecciones del martes\u201d.<\/p>\n\n\n\n<h2 class=\"wp-block-heading\">El futuro<\/h2>\n\n\n\n<p>El nuevo gobierno de extrema derecha podr\u00eda tratar de limitar al poder judicial. Durante la campa\u00f1a electoral Bezalel Smotrich, l\u00edder de Sionistas Religiosos, ya hab\u00eda dado a entender que est\u00e1 presionando para que el parlamento pueda anular por mayor\u00eda simple las decisiones del Tribunal Supremo.<\/p>\n\n\n\n<p>Seg\u00fan el diario&nbsp;<a href=\"https:\/\/www.haaretz.com\/opinion\/editorial\/2022-11-02\/ty-article-opinion\/kahanism-won\/00000184-3591-d636-a9ed-fdb1292d0000\"><em>Haaretz<\/em><\/a>, el Estado de Israel est\u00e1 \u201cal borde de una revoluci\u00f3n de derecha, religiosa y autoritaria cuyo objetivo es diezmar la infraestructura democr\u00e1tica de este pa\u00eds\u201d.<\/p>\n\n\n\n<p>Si la nueva coalici\u00f3n logra restringir el sistema judicial, Netanyahu podr\u00eda ser declarado impune con car\u00e1cter retroactivo y el gobierno israel\u00ed podr\u00eda entonces decidir por s\u00ed mismo qu\u00e9 ciudadanos son o no \u201cleales\u201d y, por consiguiente, qui\u00e9nes pueden ser deportados.<\/p>\n\n\n\n<p>Ben-Gvir tambi\u00e9n quiere dar m\u00e1s libertad a la polic\u00eda para disparar balas reales contra los \u201cterroristas\u201d y concederle la inmunidad en caso de que haya un proceso judicial. Quiere introducir la pena de muerte para los \u201cterroristas\u201d palestinos.<\/p>\n\n\n\n<p>En cualquier caso, para las personas palestinas los tiempos ser\u00e1n a\u00fan m\u00e1s duros de lo que ya lo son. Se acelerar\u00e1 la pol\u00edtica ilegal de ocupaci\u00f3n y se intensificar\u00e1 la represi\u00f3n contra el pueblo palestino. El movimiento de solidaridad deber\u00eda estar preparado.<\/p>\n\n\n\n<h3 class=\"wp-block-heading\">Referencias:<\/h3>\n\n\n\n<p>\u2013&nbsp;<a href=\"https:\/\/scheerpost.com\/2022\/11\/02\/the-rise-of-israeli-fascism-as-the-swing-vote-in-parliament-and-the-project-of-ethnic-cleansing\/\">The Rise of Israeli Fascism as the Swing Vote in Parliament, and the Project of Ethnic Cleansing<\/a>,&nbsp;<em>Scheerpost<\/em><br>\u2013&nbsp;<a href=\"https:\/\/www.ft.com\/content\/ac7ea287-ed8f-4bc4-bc33-c7df5e495764\">Far-right leader Itamar Ben-Gvir emerges as Israel\u2019s kingmaker<\/a>,<em>&nbsp;Financial Times<br><\/em>\u2013&nbsp;<a href=\"https:\/\/www.haaretz.com\/opinion\/editorial\/2022-11-02\/ty-article-opinion\/kahanism-won\/00000184-3591-d636-a9ed-fdb1292d0000\">Kahanism Won. Israel Is Now Closing in on a Right-wing, Religious, Authoritarian Revolution<\/a>,&nbsp;<em>Haaretz<br><\/em>\u2013&nbsp;<a href=\"https:\/\/www.standaard.be\/cnt\/dmf20221102_95785671\">Glijdt Isra\u00ebl af naar een extreemrechts \u2018Bibistan\u2019?<\/a>,<em>&nbsp;De Standaard<br><\/em>\u2013&nbsp;<a href=\"https:\/\/www.tijd.be\/politiek-economie\/internationaal\/midden-oosten\/itamar-ben-gvir-veroordeelde-ultranationalist-steunt-comeback-netanyahu\/10424949.html\">Itamar Ben-Gvir, veroordeelde ultranationalist steunt comeback Netanyahu<\/a>,&nbsp;<em>De Tijd<\/em><\/p>\n\n\n\n<h4 class=\"wp-block-heading\">Nota:<\/h4>\n\n\n\n<p>(1) Las personas \u00e1rabes israel\u00edes son aquellas personas palestinas que no se marcharon o no fueron desplazadas por los ataques terroristas o por el ej\u00e9rcito israel\u00ed desde la fundaci\u00f3n del Estado de Israel en 1948. Representan aproximadamente una quinta parte de la poblaci\u00f3n del Estado de Israel y tienen un documento de identidad israel\u00ed.<\/p>\n","protected":false},"excerpt":{"rendered":"<p>Marc Vandepitte Fuente: Rebeli\u00f3n Traducido del franc\u00e9s para Rebeli\u00f3n por Beatriz Morales Bastos Seg\u00fan su propia propaganda, el Estado de Israel es una democracia y comparte los mismos valores que Occidente. En la pr\u00e1ctica, hace tiempo que el pa\u00eds transita por un camino muy sombr\u00edo. Con las \u00faltimas elecciones se dirige a un gobierno reaccionario [&hellip;]<\/p>\n","protected":false},"author":1,"featured_media":7871,"comment_status":"open","ping_status":"open","sticky":false,"template":"","format":"standard","meta":{"footnotes":""},"categories":[5,3],"tags":[],"_links":{"self":[{"href":"http:\/\/www.movimientocaamanista.com\/index.php?rest_route=\/wp\/v2\/posts\/7870"}],"collection":[{"href":"http:\/\/www.movimientocaamanista.com\/index.php?rest_route=\/wp\/v2\/posts"}],"about":[{"href":"http:\/\/www.movimientocaamanista.com\/index.php?rest_route=\/wp\/v2\/types\/post"}],"author":[{"embeddable":true,"href":"http:\/\/www.movimientocaamanista.com\/index.php?rest_route=\/wp\/v2\/users\/1"}],"replies":[{"embeddable":true,"href":"http:\/\/www.movimientocaamanista.com\/index.php?rest_route=%2Fwp%2Fv2%2Fcomments&post=7870"}],"version-history":[{"count":1,"href":"http:\/\/www.movimientocaamanista.com\/index.php?rest_route=\/wp\/v2\/posts\/7870\/revisions"}],"predecessor-version":[{"id":7872,"href":"http:\/\/www.movimientocaamanista.com\/index.php?rest_route=\/wp\/v2\/posts\/7870\/revisions\/7872"}],"wp:featuredmedia":[{"embeddable":true,"href":"http:\/\/www.movimientocaamanista.com\/index.php?rest_route=\/wp\/v2\/media\/7871"}],"wp:attachment":[{"href":"http:\/\/www.movimientocaamanista.com\/index.php?rest_route=%2Fwp%2Fv2%2Fmedia&parent=7870"}],"wp:term":[{"taxonomy":"category","embeddable":true,"href":"http:\/\/www.movimientocaamanista.com\/index.php?rest_route=%2Fwp%2Fv2%2Fcategories&post=7870"},{"taxonomy":"post_tag","embeddable":true,"href":"http:\/\/www.movimientocaamanista.com\/index.php?rest_route=%2Fwp%2Fv2%2Ftags&post=7870"}],"curies":[{"name":"wp","href":"https:\/\/api.w.org\/{rel}","templated":true}]}}