{"id":7876,"date":"2022-11-22T02:21:39","date_gmt":"2022-11-22T02:21:39","guid":{"rendered":"http:\/\/www.movimientocaamanista.com\/?p=7876"},"modified":"2022-11-22T02:21:40","modified_gmt":"2022-11-22T02:21:40","slug":"capitalismo-es-desigualdad","status":"publish","type":"post","link":"http:\/\/www.movimientocaamanista.com\/?p=7876","title":{"rendered":"CAPITALISMO  ES DESIGUALDAD"},"content":{"rendered":"\n<p>Narciso Isa Conde<\/p>\n\n\n\n<p>Un estudio reciente realizado por el Ministerio de Econom\u00eda revela que aqu\u00ed la desigualdad es m\u00e1s dram\u00e1tica de lo que se dec\u00eda. Buen aporte: El 10 % m\u00e1s pobre recibe el 1 % del ingreso nacional, el 10 % m\u00e1s rico recibe el 55 %, el 90 % controla el 45 %, las 100 mil personas m\u00e1s ricas reciben m\u00e1s ingresos que ocho millones de personas.<\/p>\n\n\n\n<p>El crecimiento de la econom\u00eda en dos d\u00e9cadas, a un promedio anual del 5 %, se ha concentrado arriba. Esto es consecuencia de la din\u00e1mica perversa de un capitalismo, que aqu\u00ed y en el planeta, impone \u201cprogreso\u201d a costa de la desgracia de gran parte de la humanidad y del deterioro su casa com\u00fan: la Madre Tierra;  realidad se sigue agravando a consecuencia del neoliberalismo, privatizaciones, parasitismo financiero, gansterizaci\u00f3n sist\u00e9mica y dominio opresor de los mega-capitalistas. <\/p>\n\n\n\n<p>El referido estudio, claro est\u00e1, no llega a esas profundidades y en eso y en sus recomendaciones amarradas a esa formaci\u00f3n econ\u00f3mico-social y al poder constituido, consiste su gran debilidad. Porque esta desigualdad ni se reduce, ni se supera, sin enfrentar el capitalismo actual, sin desplazar del poder constituido a los mega-capitalistas y sin sustituir esta institucionalidad antidemocr\u00e1tica. <\/p>\n\n\n\n<p>Los\/as responsables de esa investigaci\u00f3n y ese an\u00e1lisis de la pobreza, posiblemente con las mejores intenciones del mundo, han declarado  que reducir la desigualdad es la principal prioridad del pa\u00eds. Pero la verdad es que podr\u00eda serlo para el pa\u00eds, pero no para este capitalismo, ni para este gobierno. Eso no est\u00e1 en su agenda real. <\/p>\n\n\n\n<p>El capitalismo, menos aun el capitalismo imperialista neoliberal, no es un sistema para satisfacer necesidades humanas, sino para expandir y concentrar el capital, a base de obtener el m\u00e1ximo de ganancia para sus elites. Es ambientalmente insustentable y hasta su fase keynesiana y liberal-democr\u00e1tica ha sido sepultada y reemplazada por un elitismo neo-conservador, recolonizador, con fuertes componentes neofascistas. <\/p>\n\n\n\n<p>Tal din\u00e1mica  se torna cada vez peor cuando NO hay decisi\u00f3n de gobernar sin la tutela de EU y el gran capital local y transnacional, en tanto colonialidad, privatizaci\u00f3n de lo social, gobierno de multimillonarios, neoliberalismo duro, racismo, ecocidio y partidismo corrupto, siguen disparando las desigualdades.<\/p>\n\n\n\n<p>Aqu\u00ed, con Abinader gobiernan  los Vicini, Bonetti, Rainieri, Risek\u2026 el CONEP, las C\u00e1maras Minera y  Americana y un Congreso corrupto y neofascista. Lo dem\u00e1s es adorno mercadol\u00f3gico junto a  loables esfuerzos t\u00e9cnicos-intelectuales, que podr\u00eda ser \u00fatiles para gobiernos alternativos, pero jam\u00e1s prop\u00f3sito de quienes gobiernan para enriquecer minor\u00edas, empobreciendo territorio y seres humanos.<\/p>\n","protected":false},"excerpt":{"rendered":"<p>Narciso Isa Conde Un estudio reciente realizado por el Ministerio de Econom\u00eda revela que aqu\u00ed la desigualdad es m\u00e1s dram\u00e1tica de lo que se dec\u00eda. Buen aporte: El 10 % m\u00e1s pobre recibe el 1 % del ingreso nacional, el 10 % m\u00e1s rico recibe el 55 %, el 90 % controla el 45 %, [&hellip;]<\/p>\n","protected":false},"author":1,"featured_media":7877,"comment_status":"open","ping_status":"open","sticky":false,"template":"","format":"standard","meta":{"footnotes":""},"categories":[5,16],"tags":[],"_links":{"self":[{"href":"http:\/\/www.movimientocaamanista.com\/index.php?rest_route=\/wp\/v2\/posts\/7876"}],"collection":[{"href":"http:\/\/www.movimientocaamanista.com\/index.php?rest_route=\/wp\/v2\/posts"}],"about":[{"href":"http:\/\/www.movimientocaamanista.com\/index.php?rest_route=\/wp\/v2\/types\/post"}],"author":[{"embeddable":true,"href":"http:\/\/www.movimientocaamanista.com\/index.php?rest_route=\/wp\/v2\/users\/1"}],"replies":[{"embeddable":true,"href":"http:\/\/www.movimientocaamanista.com\/index.php?rest_route=%2Fwp%2Fv2%2Fcomments&post=7876"}],"version-history":[{"count":1,"href":"http:\/\/www.movimientocaamanista.com\/index.php?rest_route=\/wp\/v2\/posts\/7876\/revisions"}],"predecessor-version":[{"id":7878,"href":"http:\/\/www.movimientocaamanista.com\/index.php?rest_route=\/wp\/v2\/posts\/7876\/revisions\/7878"}],"wp:featuredmedia":[{"embeddable":true,"href":"http:\/\/www.movimientocaamanista.com\/index.php?rest_route=\/wp\/v2\/media\/7877"}],"wp:attachment":[{"href":"http:\/\/www.movimientocaamanista.com\/index.php?rest_route=%2Fwp%2Fv2%2Fmedia&parent=7876"}],"wp:term":[{"taxonomy":"category","embeddable":true,"href":"http:\/\/www.movimientocaamanista.com\/index.php?rest_route=%2Fwp%2Fv2%2Fcategories&post=7876"},{"taxonomy":"post_tag","embeddable":true,"href":"http:\/\/www.movimientocaamanista.com\/index.php?rest_route=%2Fwp%2Fv2%2Ftags&post=7876"}],"curies":[{"name":"wp","href":"https:\/\/api.w.org\/{rel}","templated":true}]}}