{"id":7997,"date":"2022-12-09T02:13:38","date_gmt":"2022-12-09T02:13:38","guid":{"rendered":"http:\/\/www.movimientocaamanista.com\/?p=7997"},"modified":"2022-12-09T02:13:39","modified_gmt":"2022-12-09T02:13:39","slug":"el-alto-precio-del-combustible-mata-a-mas-personas-en-europa-que-los-combates-en-ucrania","status":"publish","type":"post","link":"http:\/\/www.movimientocaamanista.com\/?p=7997","title":{"rendered":"El alto precio del combustible mata a m\u00e1s personas en Europa que los combates en Ucrania"},"content":{"rendered":"\n<p>Marc Vandepitte<\/p>\n\n\n\n<p>Fuente: <a href=\"https:\/\/rebelion.org\/el-alto-precio-del-combustible-mata-a-mas-personas-en-europa-que-los-combates-en-ucrania\/\">Rebeli\u00f3n<\/a><\/p>\n\n\n\n<p>Traducido del neerland\u00e9s para Rebeli\u00f3n por Sven Magnus<\/p>\n\n\n\n<p>Es molesto el hecho de que las sanciones econ\u00f3micas derivadas de la invasi\u00f3n de Ucrania afecten m\u00e1s a Europa que a Rusia. Pero ahora un estudio reciente de la revista The Economist ha demostrado que debido a los altos precios del combustible, la cantidad de muertes adicionales en Europa en el pr\u00f3ximo invierno podr\u00eda ser mayor que la de soldados muertos hasta ahora en combate en Ucrania. Un dato que da que pensar.<\/p>\n\n\n\n<p>Antes de la guerra Rusia suministraba alrededor de&nbsp;<a href=\"https:\/\/www.ft.com\/content\/96611190-3c09-48b7-8ded-7b2651590f94\">40%<\/a>&nbsp;del consumo total de gas de la Uni\u00f3n Europea. En respuesta a la guerra y para reducir la dependencia del gas ruso,&nbsp;<a href=\"https:\/\/edition.cnn.com\/2022\/05\/11\/energy\/ukraine-russia-gas-suspension\/index.html\">Ucrania<\/a>&nbsp;y&nbsp;<a href=\"https:\/\/www.gov.pl\/web\/climate\/poland-terminated-the-gas-agreement-on-the-yamal-gas-pipeline\">Polonia<\/a>&nbsp;cerraron algunos oleoductos que transportan gas desde Rusia a Europa Occidental.<\/p>\n\n\n\n<p>Rusia desconect\u00f3 a pa\u00edses&nbsp;<a href=\"https:\/\/www.bloomberg.com\/news\/articles\/2022-05-20\/finland-loses-main-gas-supply-as-russia-will-turn-off-taps?leadSource=uverify%20wall\">como Finlandia<\/a>,&nbsp;<a href=\"https:\/\/www.dw.com\/en\/russias-gazprom-halts-gas-supplies-to-poland-bulgaria\/a-61602038\">Bulgaria y Polonia<\/a>&nbsp;que no estaban dispuestos a pagar su gas en rublos. Adem\u00e1s, las obras necesarias para mantener el importante&nbsp;<a href=\"https:\/\/www.bloomberg.com\/news\/articles\/2022-07-07\/germany-s-habeck-urges-canada-to-help-thwart-putin-s-gas-excuses?leadSource=uverify%20wall\">gaseoducto Nord Stream<\/a>&nbsp;a plena capacidad tambi\u00e9n se vieron comprometidas.<\/p>\n\n\n\n<p>La fuerte reducci\u00f3n del suministro de gas, que hasta ahora&nbsp;<a href=\"https:\/\/www.economist.com\/finance-and-economics\/the-wests-threat-of-a-ban-on-russian-oil-shakes-markets\/21808059\">no se puede compensar en su totalidad<\/a>&nbsp;por las importaciones de otros lugares, ha disparado los precios del gas e indirectamente los de la electricidad en Europa.<\/p>\n\n\n\n<p>Mientras tanto, debido a un oto\u00f1o muy suave y a las grandes reservas de gas que Europa ha acumulado, los precios del mercado han bajado desde su m\u00e1ximo en el verano. Sin embargo, el precio medio del gas hoy en d\u00eda es&nbsp;<a href=\"https:\/\/www.economist.com\/interactive\/graphic-detail\/2022\/11\/26\/high-fuel-prices-could-kill-more-europeans-than-fighting-in-ukraine-has\">casi dos veces y media<\/a>&nbsp;superior al del periodo 2000-2019. En el caso de la electricidad, casi el doble.<\/p>\n\n\n\n<p>Y ahora el invierno est\u00e1 a la vuelta de la esquina. Es un fen\u00f3meno bien conocido que en el periodo invernal mueren m\u00e1s personas a causa del fr\u00edo que en el verano. Tanto en Europa como en Estados Unidos la media es de un&nbsp;<a href=\"https:\/\/theconversation.com\/more-people-die-in-winter-than-summer-but-climate-change-may-see-this-reverse-159135\">20%<\/a>&nbsp;m\u00e1s.<\/p>\n\n\n\n<p>En el pasado los precios de la energ\u00eda ten\u00edan poco o ning\u00fan impacto en ese exceso de mortalidad porque las fluctuaciones de los precios eran muy peque\u00f1as. Pero ahora que los aumentos de costes son notablemente grandes podemos esperar un impacto mucho mayor.<\/p>\n\n\n\n<p><a href=\"https:\/\/www.economist.com\/interactive\/graphic-detail\/2022\/11\/26\/high-fuel-prices-could-kill-more-europeans-than-fighting-in-ukraine-has\"><em>The Economist<\/em><\/a>&nbsp;desarroll\u00f3 un modelo estad\u00edstico para calcular ese impacto. Adem\u00e1s de los precios de la energ\u00eda, hay otros tres factores que provocan muertes adicionales: el m\u00e1s importante es la severidad del invierno, adem\u00e1s de la gravedad de la temporada de gripe (que viene determinada en parte por el fr\u00edo) y, por \u00faltimo, las compensaciones que los gobiernos dan a las familias para hacer frente a la subida de precios.<\/p>\n\n\n\n<p>Los altos precios de los combustibles pueden agravar el efecto de las bajas temperaturas sobre la cantidad de muertes, al disuadir a la gente de poner la calefacci\u00f3n, con lo que se expone de esa manera m\u00e1s al fr\u00edo. En gran medida, lo mismo ocurre con el apoyo de los gobiernos a los hogares para hacer frente a la crisis energ\u00e9tica.<\/p>\n\n\n\n<p>Seg\u00fan el estudio de&nbsp;<em>The Economist&nbsp;<\/em>la \u00abdura conclusi\u00f3n\u00bb es que el impacto \u00abser\u00e1 muy fuerte\u00bb y la cantidad de muertos \u00abpodr\u00eda ser mayor que la cantidad de soldados muertos hasta ahora en combate en Ucrania\u00bb.<\/p>\n\n\n\n<p>Si los precios de la energ\u00eda se mantienen en los niveles actuales, en un invierno t\u00edpico unas 147.000 personas m\u00e1s podr\u00edan perder la vida la vida en Europa en comparaci\u00f3n con que se mantuvieran los precios \u00abnormales\u00bb. Si es un invierno suave (haciendo los c\u00e1lculos seg\u00fan la temperatura del invierno m\u00e1s c\u00e1lido de los \u00faltimos 20 a\u00f1os para cada pa\u00eds) la cifra se reduce a 79.000. Con un invierno duro (calculando seg\u00fan el invierno m\u00e1s fr\u00edo desde el a\u00f1o 2000 hasta ahora) el exceso de mortalidad adicional se podr\u00eda elevar a 185.000.<\/p>\n\n\n\n<p>Se cree que entre 25.000 y 30.000 militares de ambos bandos han muerto en la guerra, adem\u00e1s de unos 6.500 civiles ucranianos. En total es una cifra inferior incluso al n\u00famero resultante de la mejor predicci\u00f3n de tiempo del modelo de&nbsp;<em>The Economist.<\/em><\/p>\n\n\n\n<p>La revista se\u00f1ala que el efecto puede variar mucho de un pa\u00eds a otro. En los pa\u00edses que han establecido precios m\u00e1ximos o una facturaci\u00f3n m\u00e1xima apenas habr\u00e1 mortalidad adicional o incluso puede que la mortalidad disminuya. Esto incluye a Francia, Gran Breta\u00f1a, Espa\u00f1a y Austria. En los pa\u00edses en los que el apoyo gubernamental es escaso (por ahora), como Italia, Estonia y Finlandia, se prev\u00e9 una cantidad de muertes mucho mayor.<\/p>\n\n\n\n<p>Sin duda las sanciones contra Putin debilitar\u00e1n la econom\u00eda rusa a largo plazo, pero hasta ahora no es en absoluto el caso. Los ingresos previstos por las exportaciones energ\u00e9ticas rusas ser\u00e1n&nbsp;<a href=\"https:\/\/scheerpost.com\/2022\/10\/11\/how-the-wests-sanctions-on-russia-boomeranged\/\">un tercio superior<\/a>&nbsp;a los del a\u00f1o pasado. Los principales castigados son los pa\u00edses europeos. que se castigan a s\u00ed mismos imponiendo esas sanciones. Datos recientes muestran que el&nbsp;<a href=\"https:\/\/www.economist.com\/finance-and-economics\/2022\/10\/11\/as-europe-falls-into-recession-russia-climbs-out\">tasa de actividad rusa<\/a>&nbsp;(indicador de actividad actual) es mayor que en otros grandes pa\u00edses europeos.<\/p>\n\n\n\n<p>Como consecuencia de los altos precios de la energ\u00eda muchas empresas podr\u00edan tener que cerrar sus puertas&nbsp;<a href=\"https:\/\/www.ft.com\/content\/75ed449d-e9fd-41de-96bd-c92d316651da\">o trasladarse<\/a>&nbsp;a otras regiones donde los costes energ\u00e9ticos son m\u00e1s bajos. Adem\u00e1s, para combatir la inflaci\u00f3n que, a su vez, es resultado sobre todo de los altos precios de la energ\u00eda, es casi seguro que nos dirigimos a una&nbsp;<a href=\"https:\/\/www.ft.com\/content\/dbef6a09-a688-42d5-a640-cea055bccb9b\">una verdadera recesi\u00f3n<\/a>&nbsp;en Europa..<\/p>\n\n\n\n<p>Adem\u00e1s de la autoflagelaci\u00f3n econ\u00f3mica, el peaje que pagar\u00e1 Europa en vidas humanas ser\u00e1 especialmente alto. Ya es hora de reflexionar profundamente sobre el sentido o la falta de sentido de las sanciones econ\u00f3micas.<\/p>\n","protected":false},"excerpt":{"rendered":"<p>Marc Vandepitte Fuente: Rebeli\u00f3n Traducido del neerland\u00e9s para Rebeli\u00f3n por Sven Magnus Es molesto el hecho de que las sanciones econ\u00f3micas derivadas de la invasi\u00f3n de Ucrania afecten m\u00e1s a Europa que a Rusia. Pero ahora un estudio reciente de la revista The Economist ha demostrado que debido a los altos precios del combustible, la [&hellip;]<\/p>\n","protected":false},"author":1,"featured_media":7998,"comment_status":"open","ping_status":"open","sticky":false,"template":"","format":"standard","meta":{"footnotes":""},"categories":[5,3],"tags":[],"_links":{"self":[{"href":"http:\/\/www.movimientocaamanista.com\/index.php?rest_route=\/wp\/v2\/posts\/7997"}],"collection":[{"href":"http:\/\/www.movimientocaamanista.com\/index.php?rest_route=\/wp\/v2\/posts"}],"about":[{"href":"http:\/\/www.movimientocaamanista.com\/index.php?rest_route=\/wp\/v2\/types\/post"}],"author":[{"embeddable":true,"href":"http:\/\/www.movimientocaamanista.com\/index.php?rest_route=\/wp\/v2\/users\/1"}],"replies":[{"embeddable":true,"href":"http:\/\/www.movimientocaamanista.com\/index.php?rest_route=%2Fwp%2Fv2%2Fcomments&post=7997"}],"version-history":[{"count":1,"href":"http:\/\/www.movimientocaamanista.com\/index.php?rest_route=\/wp\/v2\/posts\/7997\/revisions"}],"predecessor-version":[{"id":7999,"href":"http:\/\/www.movimientocaamanista.com\/index.php?rest_route=\/wp\/v2\/posts\/7997\/revisions\/7999"}],"wp:featuredmedia":[{"embeddable":true,"href":"http:\/\/www.movimientocaamanista.com\/index.php?rest_route=\/wp\/v2\/media\/7998"}],"wp:attachment":[{"href":"http:\/\/www.movimientocaamanista.com\/index.php?rest_route=%2Fwp%2Fv2%2Fmedia&parent=7997"}],"wp:term":[{"taxonomy":"category","embeddable":true,"href":"http:\/\/www.movimientocaamanista.com\/index.php?rest_route=%2Fwp%2Fv2%2Fcategories&post=7997"},{"taxonomy":"post_tag","embeddable":true,"href":"http:\/\/www.movimientocaamanista.com\/index.php?rest_route=%2Fwp%2Fv2%2Ftags&post=7997"}],"curies":[{"name":"wp","href":"https:\/\/api.w.org\/{rel}","templated":true}]}}