{"id":8000,"date":"2022-12-09T02:20:49","date_gmt":"2022-12-09T02:20:49","guid":{"rendered":"http:\/\/www.movimientocaamanista.com\/?p=8000"},"modified":"2022-12-09T02:20:50","modified_gmt":"2022-12-09T02:20:50","slug":"sobre-la-guerra-juridica-a-cfk-lecciones-olvidadas-de-18-anos-de-proscripcion","status":"publish","type":"post","link":"http:\/\/www.movimientocaamanista.com\/?p=8000","title":{"rendered":"Sobre la guerra jur\u00eddica a CFK: lecciones olvidadas de 18 a\u00f1os de proscripci\u00f3n"},"content":{"rendered":"\n<p>Fuente: <a href=\"https:\/\/rebelion.org\/sobre-la-guerra-juridica-a-cfk-lecciones-olvidadas-de-18-anos-de-proscripcion\/\">Rebeli\u00f3n<\/a><\/p>\n\n\n\n<p>La debilidad de la carga probatoria sostenida durante el juicio de Vialidad Nacional por los fiscales federales Sergio Mola y Diego Luciani en el proceso que investiga presuntas irregularidades en la obra p\u00fablica de Santa Cruz, no impidi\u00f3 que el primer d\u00eda de alegato del Ministerio P\u00fablico Fiscal se encendieran las marquesinas de la guerra jur\u00eddica.<\/p>\n\n\n\n<p>Los grandes medios hegem\u00f3nicos antikirchneristas dieron una centralidad al comienzo del alegato. \u00bfPero qu\u00e9 rigurosidad tiene la acusaci\u00f3n? Vayamos por parte.<\/p>\n\n\n\n<p>Para quienes hayan seguido las audiencias de debate deben haberse sorprendido por la vehemencia del fiscal en su apertura de alegato y la falta de coherencia con lo que fueron las audiencias durante el juicio. Semana tras semana, los testigos fueron demoliendo los fundamentos de la acusaci\u00f3n fiscal. Decenas de testimonios, entre los que se encuentran empresarios de la construcci\u00f3n, se\u00f1alaron que L\u00e1zaro B\u00e1ez obten\u00eda las licitaciones porque ten\u00eda la log\u00edstica de sus trabajadores y maquinarias en la provincia de Santa Cruz y por ende pod\u00eda ofrecer mejores valores. De hecho, B\u00e1ez no gan\u00f3 ninguna licitaci\u00f3n fuera de la provincia patag\u00f3nica.<\/p>\n\n\n\n<p>M\u00e1s descabellado y falto de materialidad, resulta el intento de incluir al expresidente N\u00e9stor y la expresidenta Cristina Fern\u00e1ndez de Kirchner en una delirante figura de asociaci\u00f3n il\u00edcita por licitaciones que se hicieron en la provincia de Santa Cruz (p\u00e1rrafo aparte para el contorsionismo judicial de la utilizaci\u00f3n de la figura de asociaci\u00f3n il\u00edcita). La teor\u00eda de los fiscales fuerza todas las comprensiones sensatas relativas al funcionamiento de la administraci\u00f3n p\u00fablica, al arrastrar a los jefes de Estado nacional a un supuesto arreglo realizado a nivel provincial. Durante el juicio oral no apareci\u00f3 ning\u00fan documento que demostrara favoritismo a B\u00e1ez, a pesar que desfilaron decenas de testigos a los cuales se les consult\u00f3 justamente eso.<\/p>\n\n\n\n<p><strong>La mayor dificultad encontrada para Luciani y Mola fue vincular en su alegato a Cristina Fern\u00e1ndez de Kirchner -que nunca fue mencionada durante todo el proceso- a la acusaci\u00f3n<\/strong>. Para lograr ese supuesto v\u00ednculo los fiscales tuvieron que apelar a fuego de artificios: escuchas de \u00faltima hora del expediente por el cual fue condenado el exsecretario de Obras P\u00fablicas, Jos\u00e9 L\u00f3pez, por intentar esconder nueve millones de d\u00f3lares en un convento en General Rodr\u00edguez. La prueba autorizada por el tribunal, reci\u00e9n en el \u00faltimo d\u00eda, expone lo endeble de la acusaci\u00f3n.<\/p>\n\n\n\n<p>Ahora, el esc\u00e1ndalo gan\u00f3 un nuevo cap\u00edtulo con la aparici\u00f3n de pruebas \u2013 ahora s\u00ed hay pruebas contundentes \u2013 que dan cuenta de la connivencia del ex presidente Mauricio Macri, dirigentes de Cambiemos de primer nivel y de los fiscales y el juez que llevan adelante la causa Vialidad. Durante 2016, por lo menos, se juntaban a jugar al f\u00fatbol mientras comenzaba el entramado que derivar\u00eda en el juicio actual.&nbsp;<\/p>\n\n\n\n<p><strong>Pero si la causa no se sostiene en s\u00ed misma, \u00bfqu\u00e9 es lo que hay detr\u00e1s de ella?<\/strong><\/p>\n\n\n\n<p>La historia de este pa\u00eds expone que la fantas\u00eda por proscribir a la dirigencia peronista tiene larga data. Es muy dif\u00edcil no leer el cronograma del juicio seg\u00fan los tiempos electorales del pa\u00eds. Mecanismos similares se usaron en Brasil para encarcelar sin pruebas a Lula Da Silva y allanarle as\u00ed el camino a la ultraderecha. \u00bfMisma l\u00f3gica para mismos resultados? Las dificultades econ\u00f3micas de la gesti\u00f3n del Frente de Todos empoderaron a funcionarios judiciales, que se apresuraron en sobreseer a Macri por el espionaje a los familiares del Ara San Juan \u2013 que la justicia comprob\u00f3 y aprob\u00f3 -, mientras, por el otro lado, preparan una condena a Cristina.<\/p>\n\n\n\n<p>Es el mismo odio vigente desde el 17 de octubre de 1945 que tiene hoy como objetivo final demoler la imagen de la principal dirigente pol\u00edtica del campo popular. Pero esto abre otras preguntas respecto a la naturaleza mon\u00e1rquica que reina a\u00fan en el Poder Judicial, y le da potestad para poner en jaque a la democracia argentina. \u00bfAcaso Comodoro Py no comprende que la persecuci\u00f3n a Cristina involucra a millones de argentinos y argentinas que se sienten representados con sus ideas? \u00bf18 a\u00f1os de proscripci\u00f3n del principal l\u00edder del peronismo no fueron ense\u00f1anza suficiente sobre lo que implica el odio pol\u00edtico?<\/p>\n","protected":false},"excerpt":{"rendered":"<p>Fuente: Rebeli\u00f3n La debilidad de la carga probatoria sostenida durante el juicio de Vialidad Nacional por los fiscales federales Sergio Mola y Diego Luciani en el proceso que investiga presuntas irregularidades en la obra p\u00fablica de Santa Cruz, no impidi\u00f3 que el primer d\u00eda de alegato del Ministerio P\u00fablico Fiscal se encendieran las marquesinas de [&hellip;]<\/p>\n","protected":false},"author":1,"featured_media":8001,"comment_status":"open","ping_status":"open","sticky":false,"template":"","format":"standard","meta":{"footnotes":""},"categories":[5,3],"tags":[],"_links":{"self":[{"href":"http:\/\/www.movimientocaamanista.com\/index.php?rest_route=\/wp\/v2\/posts\/8000"}],"collection":[{"href":"http:\/\/www.movimientocaamanista.com\/index.php?rest_route=\/wp\/v2\/posts"}],"about":[{"href":"http:\/\/www.movimientocaamanista.com\/index.php?rest_route=\/wp\/v2\/types\/post"}],"author":[{"embeddable":true,"href":"http:\/\/www.movimientocaamanista.com\/index.php?rest_route=\/wp\/v2\/users\/1"}],"replies":[{"embeddable":true,"href":"http:\/\/www.movimientocaamanista.com\/index.php?rest_route=%2Fwp%2Fv2%2Fcomments&post=8000"}],"version-history":[{"count":1,"href":"http:\/\/www.movimientocaamanista.com\/index.php?rest_route=\/wp\/v2\/posts\/8000\/revisions"}],"predecessor-version":[{"id":8002,"href":"http:\/\/www.movimientocaamanista.com\/index.php?rest_route=\/wp\/v2\/posts\/8000\/revisions\/8002"}],"wp:featuredmedia":[{"embeddable":true,"href":"http:\/\/www.movimientocaamanista.com\/index.php?rest_route=\/wp\/v2\/media\/8001"}],"wp:attachment":[{"href":"http:\/\/www.movimientocaamanista.com\/index.php?rest_route=%2Fwp%2Fv2%2Fmedia&parent=8000"}],"wp:term":[{"taxonomy":"category","embeddable":true,"href":"http:\/\/www.movimientocaamanista.com\/index.php?rest_route=%2Fwp%2Fv2%2Fcategories&post=8000"},{"taxonomy":"post_tag","embeddable":true,"href":"http:\/\/www.movimientocaamanista.com\/index.php?rest_route=%2Fwp%2Fv2%2Ftags&post=8000"}],"curies":[{"name":"wp","href":"https:\/\/api.w.org\/{rel}","templated":true}]}}