{"id":8006,"date":"2022-12-09T02:27:31","date_gmt":"2022-12-09T02:27:31","guid":{"rendered":"http:\/\/www.movimientocaamanista.com\/?p=8006"},"modified":"2023-01-06T11:19:13","modified_gmt":"2023-01-06T11:19:13","slug":"por-que-cayo-castillo","status":"publish","type":"post","link":"http:\/\/www.movimientocaamanista.com\/?p=8006","title":{"rendered":"\u00bfPor qu\u00e9 cay\u00f3 Castillo?"},"content":{"rendered":"\n<p>C\u00e9sar Zelada<\/p>\n\n\n\n<p>Fuente: <a href=\"https:\/\/rebelion.org\/por-que-cayo-castillo\/\">Rebeli\u00f3n<\/a><\/p>\n\n\n\n<p>La estrategia \u201cinstitucionalista\u201d de allanarse a la OEA, respetar el statu quo y de acuerdos con la centroderecha, produjo el aislamiento y p\u00e9rdida de popularidad del expresidente.<\/p>\n\n\n\n<p>Hace tres meses atr\u00e1s se\u00f1al\u00e1bamos que el gobierno de Castillo ingresaba en una fase de derrumbe (\u00bfSe derrumba el gobierno de Castillo?, Rebeli\u00f3n, 06\/08\/22), y avizor\u00e1bamos que era \u201caltamente improbable que las FF.AA. vayan a apoyar el cierre del Congreso\u201d.<\/p>\n\n\n\n<p><strong>El ascenso de Castillo al poder se dio en medio de una gran convulsi\u00f3n social<\/strong><\/p>\n\n\n\n<p>El ascenso del profesor chotano al poder se dio no como el surgimiento de un rayo en el cielo repentinamente sino gracias a, por un lado, la acumulaci\u00f3n de ganancias multitudinarias por parte de un peque\u00f1o grupo de poder econ\u00f3mico, y por otro, de salarios miserables y de una profundizaci\u00f3n del colapso del r\u00e9gimen de explotaci\u00f3n capitalista (43% de desnutrici\u00f3n infantil, cerca de la mitad de la poblaci\u00f3n en estado de pobreza, grandes desigualdades sociales, desempleo, etc.), exacerbado por la pandemia, produciendo una gran convulsi\u00f3n social de masas.<\/p>\n\n\n\n<p>Agricultores, obreros rurales (mineros, de limpieza p\u00fablica, etc.), estudiantes contra las leyes de explotaci\u00f3n juvenil, comunidades campesinas contra el poder minero contaminante, mujeres contra el feminicidio, y la impresionante huelga magisterial del 2017, etc. fueron algunas de las luchas que caracterizaron los a\u00f1os anteriores a la aparici\u00f3n de Castillo en el escenario pol\u00edtico nacional. Esto es lo que explica que, a pesar de solo plantearse la posibilidad de poner una bancada congresal, Castillo y Per\u00fa Libre (PL), terminaron ganando las elecciones presidenciales del 2021.<\/p>\n\n\n\n<p><strong>Un gobierno a la defensiva y con una estrategia \u201cinstitucionalista\u201d y de pactos con la centro derecha que lo aislaron m\u00e1s de sus bases de apoyo popular<\/strong><\/p>\n\n\n\n<p>Desde la segunda vuelta electoral, la derecha puso a Castillo a la defensiva tild\u00e1ndolo de comunista, \u201cterruco\u201d, etc. ep\u00edtetos que Castillo negaba. Una vez en el gobierno, despu\u00e9s de que el neofascismo denunciara fraude y L\u00f3pez Aliaga llamara a matar al propio Castillo, \u00e9ste sigui\u00f3 a la defensiva, rompi\u00f3 con Per\u00fa Libre (PL), y organiz\u00f3 una estructura pol\u00edtica precaria y oportunista (la misma que termin\u00f3 denunci\u00e1ndolo de corrupto).<\/p>\n\n\n\n<p>A la par que se deshac\u00eda del tufo marxistoide de PL, pero en la l\u00ednea de Vladimir Cerr\u00f3n y el ex premier An\u00edbal Torres, pactaban en las alturas con la oposici\u00f3n centroderechista reparti\u00e9ndose el poder estatal (varios ministerios, etc.), y dando marcha atr\u00e1s en las promesas de campa\u00f1a como disoluci\u00f3n del TC, aumento de presupuesto para salud y educaci\u00f3n, nacionalizaciones de Camisea, Minas, convocatoria de Asamblea Constituyente, etc.<\/p>\n\n\n\n<p>A medio a\u00f1o de gobierno, la centroizquierda dirigida por Ver\u00f3nica Mendoza, \u201crompi\u00f3\u201d con Castillo, a pesar de que uno de sus cuadros m\u00e1s importantes como Pedro Francke fue jefe del superministerio MEF (y neg\u00f3 cualquier aumento de salarios y m\u00e1s por el contrario, confirm\u00f3 el endeudamiento de Per\u00fa con el FMI por $5,000 millones que hab\u00edan decretado, anteriormente, Vizcarra y Sagasti). Fue esta misma centroizquierda que hizo firmar a Castillo la \u201choja de ruta\u201d (actas ciudadanas y con la Iglesia), comprometi\u00e9ndolo a respetar el statu quo de opresi\u00f3n imperialista. Otra muestra escandalosa del fracaso del centroizquierdismo es la declaraci\u00f3n de la ex premier Mirtha V\u00e1squez sobre la contaminaci\u00f3n de Repsol al decir, \u201cles vamos a regalar canastas a los pobladores\u201d.<\/p>\n\n\n\n<p>La marcha atr\u00e1s de Castillo en las promesas de campa\u00f1a produjo la desmoralizaci\u00f3n de las masas que lo auparon al poder pol\u00edtico (a esto hay que sumar la impotencia para comprar fertilizantes). Esto se vio confirmado en la d\u00e9bil convocatoria de l\u00edderes y aparatos del reformismo de izquierda a la Toma de Lima en \u201cdefensa de la democracia y la gobernabilidad\u201d que no logr\u00f3 aglutinar a m\u00e1s de 10,000 pobladores. Este m\u00e9todo burocr\u00e1tico es una contradicci\u00f3n con el m\u00e9todo de acci\u00f3n directa del bloqueo de carreteras que durante a\u00f1os han venido ejerciendo los trabajadores en sus provincias (base social que llev\u00f3 al poder a Castillo). A la vez, toda la campa\u00f1a de agitaci\u00f3n de la ultraderecha hab\u00eda desarrollado una base de unos cuantos miles en Lima.<\/p>\n\n\n\n<p><strong>La victoria del neofascista Aliaga y la centroderecha en Lima potenci\u00f3 la ofensiva contra Castillo<\/strong><\/p>\n\n\n\n<p>La descomposici\u00f3n (que involucr\u00f3 a varios asesores de Castillo), y fragmentaci\u00f3n del gobierno (PL y JP se partieron en varias bancadas en el Congreso), fue capitalizada por la derecha en las \u00faltimas elecciones municipales y regionales donde L\u00f3pez Aliaga gan\u00f3 Lima Metropolitana; mientras que Urresti y Forsyth los conos populares de Lima; y movimientos independientes y Somos Per\u00fa las regiones. Esta victoria potenci\u00f3 al golpismo polarizando m\u00e1s la situaci\u00f3n pol\u00edtica entre Ejecutivo y Legislativo-Poder Judicial (este \u00faltimo plante\u00f3 al Legislativo la necesidad de una acusaci\u00f3n constitucional contra el inquilino de Palacio).<\/p>\n\n\n\n<figure class=\"wp-block-image\"><img decoding=\"async\" src=\"https:\/\/rebelion.org\/wp-content\/uploads\/2022\/12\/Castillo-OEA-Peru.jpg\" alt=\"\" class=\"wp-image-744064\"\/><figcaption><em>Castillo con la Misi\u00f3n de la OEA saliendo de Palacio de Gobierno<\/em><\/figcaption><\/figure>\n\n\n\n<p><strong>La OEA como arbitro<\/strong><\/p>\n\n\n\n<p>Es as\u00ed como intervino la OEA con el fin de arbitrar entre los dos bandos en pugna por el poder pol\u00edtico para \u201cbajar las aguas\u201d. Si bien es cierto, para EE.UU., Castillo no era de su agrado, pues, no ve\u00edan en la derecha un l\u00edder popular que logre aglutinar al conjunto de la oposici\u00f3n. Hay que tener en cuenta que ah\u00ed donde EE.UU. apoy\u00f3 golpes de Estado como en Venezuela o Bolivia, pues, termin\u00f3 derrotado.<\/p>\n\n\n\n<p><strong>\u00bfHubo un plan para cerrar el Congreso?<\/strong><\/p>\n\n\n\n<p>Es en este contexto que se desarroll\u00f3 el mensaje a la Naci\u00f3n por parte del ex presidente Castillo proponiendo el Cierre del Congreso y la convocatoria a un Congreso Constituyente. Adem\u00e1s, fundament\u00f3 que tomaba esta decisi\u00f3n porque el Legislativo era obstruccionista y dictatorial porque no daba tr\u00e1mite a las leyes de segunda reforma agraria, reforma tributaria, lucha contra los monopolios y oligopolios, etc. A la misma vez se\u00f1al\u00f3 expl\u00edcitamente que todo esto era en el marco del \u201crespeto a la propiedad privada\u201d, mandando se\u00f1ales a los grandes empresarios nacionales que no va a chocar con sus intereses econ\u00f3micos.<\/p>\n\n\n\n<p>Hay un debate sobre si esto fue una aventura o algo planificado. Pues bien, el nombramiento de personalidades nacionalistas como Fernando Bobbio y Wilson Barrantes en las carteras de Defensa y la Direcci\u00f3n de Inteligencia, respectivamente, son una muestra de que hab\u00eda un Plan. Es decir, que a la vez que quer\u00edan asegurar el alineamiento de las FF.AA. convocaban a marchar sobre Lima.<\/p>\n\n\n\n<p>Entonces, \u00bfQu\u00e9 pas\u00f3? El anterior jefe de Defensa, Daniel Barragan, en declaraciones a la prensa, se\u00f1al\u00f3 que no \u201cestaba de acuerdo con que las FF.AA. intervengan en la seguridad ciudadana\u201d, (ATV, 05\/12\/22). En otras palabras, no estaba de acuerdo con el Cierre del Congreso y el Estado de Excepci\u00f3n.<\/p>\n\n\n\n<p><strong>EE.UU., la Elite capitalista y el jefe del Ej\u00e9rcito sacaron cuerpo<\/strong><\/p>\n\n\n\n<p>Al parecer, el kid del asunto estuvo en la postura de EE.UU. y la clase capitalista nacional. Y es que, si bien es verdad, EE.UU. y buena parte del capital nacional (que todo este tiempo ha seguido haciendo negocios millonarios y que ten\u00edan diferencias por el pase a planillas de los tercerizados, pero luego se contentaron con la resoluci\u00f3n de INDECOPI), respaldaban a Castillo por las razones expuestas l\u00edneas arriba, pues, el Cierre del Congreso, no era parte de su estrategia pol\u00edtica. No quieren un nuevo \u201cBonaparte\u201d que se eleve por encima de la sociedad de clases sociales y de sus intereses como clase dominante.<\/p>\n\n\n\n<p>\u201cEstados Unidos rechaza categ\u00f3ricamente cualquier acto extraconstitucional del presidente Castillo para impedir que el Congreso cumpla con su mandato\u2026\u201d, (Huffpost, 07\/12\/22). \u201cEn esta tarde estar\u00e9 buscando comunicaci\u00f3n con ella para transmitir el apoyo de la secretar\u00eda general de la OEA a la democracia, la paz y la institucionalidad en el Per\u00fa\u201d, dijo Almagro, secretario de la OEA.<\/p>\n\n\n\n<p>As\u00ed las cosas, el Imperio del Norte y la clase capitalista nacional sacaron cuerpo y dejaron a Castillo \u201ctirando cintura\u201d. Esta cuesti\u00f3n parece ser que produjo la renuncia del jefe del Ej\u00e9rcito y posteriormente la renuncia de varios Ministros de Estado derrumb\u00e1ndose el plan del gobierno. El nacionalismo de Bobbio y Barrantes, ingres\u00f3 a un callej\u00f3n sin salida y termin\u00f3 impotente para enfrentar a la potencia imperialista. Otro factor que puede haber influido es que las masas no salieron de forma multitudinaria a respaldar al ex mandatario, lo que podr\u00eda haber forzado al Jefe del Ej\u00e9rcito, Walter C\u00f3rdova, a cerrar el Congreso.<\/p>\n\n\n\n<p>\u2026<strong>Y los congresistas \u201cpatriotas y centroizquierdistas\u201d tambi\u00e9n<\/strong><\/p>\n\n\n\n<p>Pero no solo EE.UU. sac\u00f3 cuerpo sino un variopinto grupo de congresistas que hasta horas antes hablaban en nombre del pueblo. En nombre de la \u201cdemocracia\u201d, la congresista centroizquierdista Sigrid Baz\u00e1n, vot\u00f3 a favor de la vacancia de Castillo. Cinco de Per\u00fa Libre, tres del Bloque Magisterial (base de Castillo), tres de Juntos por el Per\u00fa, uno de Per\u00fa Democr\u00e1tico (la bancada del congresista Guillermo Bermejo), tambi\u00e9n votaron por el golpe de Estado contra Castillo. De esta forma, fueron 101 congresistas (de 132), los que votaron por la destituci\u00f3n del profesor chotano.<\/p>\n\n\n\n<p><strong>Dina Boluarte asume la presidencia con mucha debilidad pol\u00edtica y estar\u00eda jaqueada por la dictadura parlamentaria y las masas populares en lucha<\/strong><\/p>\n\n\n\n<p>En esta situaci\u00f3n de incertidumbre y volatilidad (al menos que haya una respuesta popular de apoyo a Castillo en las pr\u00f3ximas horas), pues, asume la presidencia la abogada Dina Boluarte, la misma que en su discurso de asunci\u00f3n se\u00f1al\u00f3 que formar\u00e1 un gabinete de \u201cunidad nacional\u201d, es decir de co-gobierno con la derecha golpista. No obstante, el gobierno de Dina ser\u00e1 muy d\u00e9bil (no tiene base social como si la ten\u00eda Castillo), sin luna de miel y estar\u00e1 jaqueada desde el primer d\u00eda de su mandato, por un lado, por la dictadura parlamentaria y las fuerzas de la derecha, y por otro, por las movilizaciones populares exigiendo soluci\u00f3n a sus demandas hist\u00f3ricas embalsamadas.<\/p>\n\n\n\n<p><strong>C\u00e9sar Zelada<\/strong>.&nbsp;<strong>Dirigente de la Agrupaci\u00f3n Vilcapaza.<\/strong><\/p>\n","protected":false},"excerpt":{"rendered":"<p>C\u00e9sar Zelada Fuente: Rebeli\u00f3n La estrategia \u201cinstitucionalista\u201d de allanarse a la OEA, respetar el statu quo y de acuerdos con la centroderecha, produjo el aislamiento y p\u00e9rdida de popularidad del expresidente. Hace tres meses atr\u00e1s se\u00f1al\u00e1bamos que el gobierno de Castillo ingresaba en una fase de derrumbe (\u00bfSe derrumba el gobierno de Castillo?, Rebeli\u00f3n, 06\/08\/22), [&hellip;]<\/p>\n","protected":false},"author":1,"featured_media":5142,"comment_status":"open","ping_status":"open","sticky":false,"template":"","format":"standard","meta":{"footnotes":""},"categories":[5,3],"tags":[],"_links":{"self":[{"href":"http:\/\/www.movimientocaamanista.com\/index.php?rest_route=\/wp\/v2\/posts\/8006"}],"collection":[{"href":"http:\/\/www.movimientocaamanista.com\/index.php?rest_route=\/wp\/v2\/posts"}],"about":[{"href":"http:\/\/www.movimientocaamanista.com\/index.php?rest_route=\/wp\/v2\/types\/post"}],"author":[{"embeddable":true,"href":"http:\/\/www.movimientocaamanista.com\/index.php?rest_route=\/wp\/v2\/users\/1"}],"replies":[{"embeddable":true,"href":"http:\/\/www.movimientocaamanista.com\/index.php?rest_route=%2Fwp%2Fv2%2Fcomments&post=8006"}],"version-history":[{"count":1,"href":"http:\/\/www.movimientocaamanista.com\/index.php?rest_route=\/wp\/v2\/posts\/8006\/revisions"}],"predecessor-version":[{"id":8007,"href":"http:\/\/www.movimientocaamanista.com\/index.php?rest_route=\/wp\/v2\/posts\/8006\/revisions\/8007"}],"wp:featuredmedia":[{"embeddable":true,"href":"http:\/\/www.movimientocaamanista.com\/index.php?rest_route=\/wp\/v2\/media\/5142"}],"wp:attachment":[{"href":"http:\/\/www.movimientocaamanista.com\/index.php?rest_route=%2Fwp%2Fv2%2Fmedia&parent=8006"}],"wp:term":[{"taxonomy":"category","embeddable":true,"href":"http:\/\/www.movimientocaamanista.com\/index.php?rest_route=%2Fwp%2Fv2%2Fcategories&post=8006"},{"taxonomy":"post_tag","embeddable":true,"href":"http:\/\/www.movimientocaamanista.com\/index.php?rest_route=%2Fwp%2Fv2%2Ftags&post=8006"}],"curies":[{"name":"wp","href":"https:\/\/api.w.org\/{rel}","templated":true}]}}