{"id":805,"date":"2019-12-05T18:24:35","date_gmt":"2019-12-05T18:24:35","guid":{"rendered":"http:\/\/www.movimientocaamanista.com\/?p=805"},"modified":"2019-12-05T18:24:37","modified_gmt":"2019-12-05T18:24:37","slug":"noviembre-caliente","status":"publish","type":"post","link":"http:\/\/www.movimientocaamanista.com\/?p=805","title":{"rendered":"Noviembre caliente"},"content":{"rendered":"\n<p><a href=\"https:\/\/brecha.com.uy\/noviembre-caliente\/\">Decio Machado<\/a><\/p>\n\n\n\n<p><em> Los colombianos viven la oleada de protestas m\u00e1s grande de las \n\u00faltimas d\u00e9cadas. Represi\u00f3n, toques de queda y el asesinato de \nmanifestantes han sido los primeros reflejos del gobierno ante las \ndemandas de m\u00faltiples sectores sociales. Aunque, con el ejemplo de Chile\n en mente, el presidente llam\u00f3 luego a un di\u00e1logo nacional con el fin de\n rebajar la tensi\u00f3n, las demandas de los manifestantes apuntan contra \naspectos claves de su mandato. <\/em><\/p>\n\n\n\n<p> Miles de colombianos, \nespecialmente j\u00f3venes, protagonizan durante este mes de noviembre \nmovilizaciones diarias en la naci\u00f3n cafetera. Todo empez\u00f3 con un gran \nparo nacional el jueves 21, algo que no ocurr\u00eda en el pa\u00eds desde 1977. \nEntre los convocantes a estas marchas y al paro destacan sindicatos, \norganizaciones estudiantiles, organizaciones de mujeres, ind\u00edgenas, \nambientalistas y agrupaciones pol\u00edticas opositoras al gobierno de Iv\u00e1n \nDuque. <\/p>\n\n\n\n<p> Para enfrentarlos, el gobierno colombiano ha utilizado la\n vieja t\u00e1ctica de intentar instalar un clima de vandalismo generalizado \nen las manifestaciones, con lo que busca criminalizar el reclamo social.\n Primero en Cali, luego en Bogot\u00e1 y posteriormente en otras localidades \n\u2013a pedido del presidente\u2013 se fueron decretando toques de queda \u201cpara \ngarantizar el orden p\u00fablico y la seguridad de los habitantes\u201d, seg\u00fan \ndeclararon las autoridades. De igual manera, las fuerzas armadas han \ntomado posiciones en las grandes ciudades del pa\u00eds, de forma especial en\n Bogot\u00e1, donde desde el 18 de noviembre las tropas est\u00e1n acuarteladas en\n estado de alerta. <\/p>\n\n\n\n<p> Los allanamientos de viviendas y locales \nsociales de forma ilegal se han dado por doquier en estos \u00faltimos d\u00edas, \nal igual que las detenciones arbitrarias. La estrategia implementada por\n el gobierno es expandir el terror, algo a lo que el Estado est\u00e1 \nacostumbrado tras 60 a\u00f1os de conflicto interno con la insurgencia. \nIm\u00e1genes de cuerpos de manifestantes lacerados, intoxicados por el gas \npimienta han sido retransmitidas en redes sociales hasta la saciedad. \nSeg\u00fan la propia Polic\u00eda, ya son cuatro los muertos y hay al menos 180 \ndetenidos. Los organismos de derechos humanos, por su parte, hablan de \nal menos 500 heridos. <\/p>\n\n\n\n<p> En ese contexto, el asesinato del \nestudiante de 18 a\u00f1os Dilan Cruz a manos del Escuadr\u00f3n M\u00f3vil \nAntidisturbios (Esmad) ha abierto un debate social que se ha incorporado\n a las demandas de algunos de los sectores movilizados: disolver este \nviolento cuerpo represivo que forma parte de la estructura de la Polic\u00eda\n Nacional. Este jueves 28, el Instituto Nacional de Medicina Legal y \nCiencias Forenses de Colombia concluy\u00f3 en que la muerte a comienzos de \nesta semana de Cruz se debi\u00f3 a un homicidio. La forma en que se cercen\u00f3 \nsu corta vida no deja lugar a la discusi\u00f3n: en el informe forense se \nindica claramente que \u201cla muerte del joven es secundaria al trauma \ncraneoencef\u00e1lico penetrante ocasionado por munici\u00f3n de impacto disparado\n por arma de fuego, lo cual ocasiona severos e irreversibles da\u00f1os a \nnivel de enc\u00e9falo\u201d. <\/p>\n\n\n\n<p> A Cruz le hab\u00edan disparado el s\u00e1bado pasado,\n durante la represi\u00f3n de una protesta, a manos del Esmad, con un \ncartucho de carga m\u00faltiple y munici\u00f3n de impacto tipo bean bag, en un \narma de fuego tipo escopeta calibre 12, un tipo de armamento permitido \npara el cuerpo antidisturbios. Pancartas y grafitis alrededor del \nCongreso manifiestan en estos momentos el reclamo popular: \u201cNo m\u00e1s \nEsmad\u201d, \u201cEsmad asesinos\u201d y \u201cDesmonte Esmad\u201d. A su muerte se sum\u00f3 este \nmartes 26 la de Brandon Cely, un soldado de 21 a\u00f1os que se grab\u00f3 a s\u00ed \nmismo apoyando las manifestaciones y que, amedrentado por sus compa\u00f1eros\n y por el mando militar, decidi\u00f3 quitarse la vida. <\/p>\n\n\n\n<p><strong> Mala educaci\u00f3n <\/strong><\/p>\n\n\n\n<p>\n En la actualidad, tras 15 meses en el poder, Duque roza un 70 por \nciento de desaprobaci\u00f3n entre la poblaci\u00f3n. De hecho, el pasado mes de \noctubre, su partido, el Centro Democr\u00e1tico, perdi\u00f3 las elecciones \nseccionales en ciudades como Bogot\u00e1, Cali e incluso Medell\u00edn, un feudo \npol\u00edtico del l\u00edder de su partido, el ex presidente \u00c1lvaro Uribe. \nPrecisamente es en estas tres ciudades donde las protestas se han hecho \nsentir con m\u00e1s fuerza durante este caliente mes de noviembre. <\/p>\n\n\n\n<p> El\n peso juvenil en estas protestas viene marcado por dos circunstancias \nespeciales: el enorme distanciamiento existente entre este sector social\n y el establishment pol\u00edtico colombiano \u2013sea este conservador o \nprogresista\u2013 y la lucha de los universitarios en las calles en reclamo \nde una educaci\u00f3n gratuita y de calidad. En los meses previos al \nestadillo actual, hab\u00edan sido varias las movilizaciones protagonizadas \npor los estudiantes de la ense\u00f1anza superior que ped\u00edan m\u00e1s presupuesto y\n atenci\u00f3n para la educaci\u00f3n p\u00fablica. Colombia, un pa\u00eds que se jacta de \nser parte de la Organizaci\u00f3n para la Cooperaci\u00f3n y el Desarrollo \nEcon\u00f3mico (Ocde), aparece entre los m\u00e1s rezagados de sus Estados \nmiembros si se tienen en cuenta los indicadores referidos al nivel \nformativo de su poblaci\u00f3n estudiantil. Por otro lado, tan s\u00f3lo el 9 por \nciento de los estudiantes provenientes de familias pobres colombianas \nllega a acceder a la universidad, frente a un 53 por ciento de acceso de\n estudiantes provenientes de familias pudientes. <\/p>\n\n\n\n<p> Las \norganizaciones estudiantiles \u2013especialmente las universitarias\u2013 est\u00e1n \nexigiendo ahora el fin de los recortes presupuestarios en la educaci\u00f3n, \nel cumplimiento de los acuerdos alcanzados con el gobierno con \nanterioridad a las protestas (dotaci\u00f3n presupuestaria, aplicable en \ncuatro a\u00f1os, de m\u00e1s de 1.300 millones de d\u00f3lares para la educaci\u00f3n \nsuperior en instituciones gratuitas) y el cese de la corrupci\u00f3n \nenraizada en la gesti\u00f3n de las universidades estatales. <\/p>\n\n\n\n<p> Este \nreclamo ha tenido particular eco en el resto de la poblaci\u00f3n, en vistas \nde que la corrupci\u00f3n en la gesti\u00f3n p\u00fablica en Colombia tiene un car\u00e1cter\n generalizado y estructural. Dicha situaci\u00f3n genera p\u00e9rdidas para el \npa\u00eds, cuantificadas por la Contralor\u00eda General de la Rep\u00fablica, en torno\n a los 15.000 millones de d\u00f3lares. Colombia no ha sido tampoco inmune a \nlos millonarios esc\u00e1ndalos de la constructora brasile\u00f1a Odebrecht, a los\n que se suma el de la Refiner\u00eda de Cartagena, un caso de malversaci\u00f3n de\n fondos p\u00fablicos que sali\u00f3 a la luz en 2016 y que es a\u00fan investigado por\n la justicia, con implicaci\u00f3n de funcionarios de los gobiernos de \u00c1lvaro\n Uribe y de Juan Manuel Santos. <\/p>\n\n\n\n<p> \u201c\u00bfDe qu\u00e9 me hablas, viejo?\u201d. Sin\n embargo, quiz\u00e1 el detonante m\u00e1s importante detr\u00e1s de la convocatoria \ndel conjunto de las protestas de estos \u00faltimos d\u00edas fue la revelaci\u00f3n de\n la masacre de al menos ocho ni\u00f1os en un operativo de las fuerzas de \nseguridad, ocurrida el 30 de agosto en un campamento guerrillero ubicado\n en el departamento de Caquet\u00e1. Estas muertes, como ha sido habitual \ndurante los a\u00f1os de plomo, hab\u00edan sido ocultadas a la opini\u00f3n p\u00fablica \npor parte del gobierno de Duque y al salir a la luz a comienzos de \nnoviembre causaron una profunda indignaci\u00f3n popular y la salida del \nEjecutivo de Guillermo Botero, hasta entonces ministro de Defensa. <\/p>\n\n\n\n<p>\n El caso se conoci\u00f3 por la poblaci\u00f3n reci\u00e9n el martes 5, cuando durante \nun debate parlamentario sobre una moci\u00f3n de censura contra Botero, el \nsenador Roy Barreras, del Partido de la Unidad Nacional, lo acus\u00f3 de \nocultarles a los colombianos que hab\u00eda \u201cbombardeado a ni\u00f1os\u201d. Ante eso, \nel ministro decidi\u00f3 renunciar antes que ser censurado por el Congreso. \nAlgunos d\u00edas despu\u00e9s de lo sucedido en el parlamento, un periodista \ninterpel\u00f3 sobre el tema al presidente Iv\u00e1n Duque, durante un acto \npol\u00edtico en Barranquilla. La contestaci\u00f3n del mandatario, que qued\u00f3 \ngrabada en un video filmado por el propio periodista, circul\u00f3 \nr\u00e1pidamente en las redes sociales: Duque escucha la pregunta, responde: \n\u201c\u00bfDe qu\u00e9 me hablas, viejo?\u201d, y raudamente se aleja en otra direcci\u00f3n. <\/p>\n\n\n\n<p>\n En el mismo departamento del Caquet\u00e1, donde sucedi\u00f3 la muerte de los \nocho infantes, se vive una cada vez mayor espiral de violencia por la \npresencia de grupos armados, disidencias de las Farc, paramilitares, \nbandas narcotraficantes y las propias fuerzas armadas. Se trata apenas \nde un cap\u00edtulo m\u00e1s de una situaci\u00f3n que ya se ha cobrado la muerte de \ngran cantidad de colombianos, entre ellos decenas de l\u00edderes \ncomunitarios en todo el pa\u00eds. Las organizaciones ind\u00edgenas convocantes \nal paro nacional con el que comenzaron las protestas reclaman al \ngobierno el cese de la impunidad frente a los ya 134 l\u00edderes sociales \nasesinados desde que Iv\u00e1n Duque asumi\u00f3 la presidencia de la Rep\u00fablica en\n agosto de 2018. <\/p>\n\n\n\n<p> De igual manera, los manifestantes reclaman por\n la intenci\u00f3n gubernamental de reformar el actualmente reconocido \nderecho a la protesta social, reforma que, seg\u00fan denuncian los \nconvocantes al paro, tiene como finalidad articular campa\u00f1as de \ncriminalizaci\u00f3n social y jur\u00eddica sobre quienes se movilizan en las \ncalles. Adem\u00e1s, existe un descontento generalizado con el gobierno por \nsu incumplimiento permanente de los acuerdos alcanzados con \norganizaciones sociales de distinta \u00edndole: ind\u00edgenas, campesinas, \nambientales, de la educaci\u00f3n y, especialmente, sindicales. <\/p>\n\n\n\n<p><strong> Agenda neoliberal <\/strong><\/p>\n\n\n\n<p>\n A los sindicatos les preocupa especialmente la reforma laboral \nperseguida por el oficialismo con el respaldo de la Ocde, la Asociaci\u00f3n \nNacional de Instituciones Financieras, el Consejo Gremial y varios \npartidos conservadores con representaci\u00f3n en el Congreso. El proyecto \nbusca flexibilizar a\u00fan m\u00e1s el mercado laboral existente mediante medidas\n como que, en su primer empleo, a los j\u00f3venes se les pague tan s\u00f3lo el \n75 por ciento del salario m\u00ednimo establecido. En paralelo se plantea una\n l\u00f3gica de contrataciones por hora que hace imposible \u2013en el marco de \npersistencia del desempleo propia de la inestabilidad macroecon\u00f3mica que\n caracteriza al actual capitalismo\u2013 que los trabajadores puedan lograr \nuna jubilaci\u00f3n digna al final de su vida laboral. <\/p>\n\n\n\n<p> Entre las \ncuestiones que inquietan a las organizaciones de trabajadores tambi\u00e9n \nest\u00e1 la reforma del sistema de pensiones planteada por Duque. Las \ncentrales obreras se resisten al intento de implementaci\u00f3n del modelo \nchileno en Colombia, con el que se busca eliminar el fondo estatal de \npensiones, Colpensiones, y entregar los aportes de empresas y \ntrabajadores a manos de fondos privados. Dicha reforma, promovida por \nlas instituciones de Bretton Woods, como el Fondo Monetario \nInternacional y el Banco Mundial, cuenta con el apoyo del sector \nfinanciero privado y las organizaciones patronales del pa\u00eds, y es \ndefendido por el ministro de Hacienda, Alberto Carrasquilla. Para el \njerarca, esta ser\u00eda la \u00fanica manera de atajar la crisis pensional que \nvive Colombia de cara a su insostenibilidad en veinte o treinta a\u00f1os. <\/p>\n\n\n\n<p>\n Otra propuesta del gobierno que enfrenta gran resistencia social es la \nreforma tributaria planteada desde la Casa de Nari\u00f1o. Aqu\u00ed la cosa es \nmuy sencilla, denuncian los sindicatos: el Ejecutivo pretende rebajar la\n presi\u00f3n fiscal sobre empresas nacionales y transnacionales que operan \nen la econom\u00eda colombiana a cambio de incrementarla sobre la clase media\n y los trabajadores. En paralelo, Duque plantea privatizar las empresas \nm\u00e1s rentables del pa\u00eds: la petrolera estatal Ecopetrol y la el\u00e9ctrica \nCenit, adem\u00e1s de todas aquellas empresas p\u00fablicas en las que el Estado \nsea propietario de al menos el 50 por ciento del accionariado (en torno a\n 40 compa\u00f1\u00edas de distinta \u00edndole). <\/p>\n\n\n\n<p><strong> Un divorcio evidente <\/strong><\/p>\n\n\n\n<p>\n Por \u00faltimo, y no menos importante, hay un tercer elemento que sali\u00f3 a \nrelucir en estas protestas en curso: el acuerdo de paz. Recordemos que \neste acuerdo con la principal guerrilla colombiana \u2013las Farc\u2013 fue \nfirmado por el presidente anterior, Juan Manuel Santos, en 2016. Duque y\n su partido desarrollaron en aquel entonces una fuerte campa\u00f1a en contra\n de dicho pacto. Ahora, uno de los principales ejes de intervenci\u00f3n del \nactual partido de gobierno ha sido intentar obstaculizar la negociaci\u00f3n y\n los compromisos acordados por la gesti\u00f3n anterior. <\/p>\n\n\n\n<p> La \nconfluencia de todas estas frustraciones, demandas, reivindicaciones y \nresistencias desencadenaron una ola de protestas con un respaldo popular\n como hace d\u00e9cadas no se ve\u00eda en Colombia. Sin duda, el fin de 60 a\u00f1os \nde conflicto armado con las Farc ha influido positivamente en la nueva \narticulaci\u00f3n de estas luchas sociales bajo un rechazo generalizado a la \ngesti\u00f3n del presidente Iv\u00e1n Duque. <\/p>\n\n\n\n<p> Las enormes movilizaciones en\n curso hicieron que Duque reaccionara de forma relativamente r\u00e1pida. El \nmandatario colombiano ofreci\u00f3, a poco de comenzadas las protestas, un \ndi\u00e1logo nacional con el fin de rebajar la tensi\u00f3n social existente y \ndesmovilizar a la ciudadan\u00eda, pero el ofrecimiento no estuvo acompa\u00f1ado \nde propuestas ni respuestas directas a los reclamos de las multitudes, \nlo que le hace carecer de credibilidad ante la sociedad movilizada. En \nresumen, la llamada al di\u00e1logo de Duque ha ido en paralelo a la \navalancha de cr\u00edticas que ha recibido por el brutal uso de la fuerza \nllevado a cabo por los aparatos represivos del Estado contra los \nmanifestantes. <\/p>\n\n\n\n<p> En ese marco, las perspectivas de resoluci\u00f3n del \nconflicto a corto o mediano plazo en Colombia son tan complejas como las\n que se viven en Chile o las que posiblemente se reediten en breve en \nEcuador. Hipotecados al Fmi y a otros organismos multilaterales de \ncr\u00e9dito, los gobiernos de estos pa\u00edses carecen de soluciones ante los \nreclamos populares, lo que se suma a la falta de confianza de la \npoblaci\u00f3n ante las instituciones p\u00fablicas y el propio Estado. Se trata \nde una coyuntura en la que las ideas de los de arriba ya no convencen a \nlos de abajo y en la que la aspiraci\u00f3n ciudadana ya no es s\u00f3lo sustituir\n a los detentadores actuales del poder, sino una profunda y total \nsubversi\u00f3n cultural que ponga en cuesti\u00f3n al concepto de Estado en s\u00ed \nmismo. El divorcio entre sociedad y pol\u00edtica institucional en Am\u00e9rica \nLatina y gran parte del planeta es cada vez m\u00e1s evidente. <\/p>\n","protected":false},"excerpt":{"rendered":"<p>Decio Machado Los colombianos viven la oleada de protestas m\u00e1s grande de las \u00faltimas d\u00e9cadas. Represi\u00f3n, toques de queda y el asesinato de manifestantes han sido los primeros reflejos del gobierno ante las demandas de m\u00faltiples sectores sociales. Aunque, con el ejemplo de Chile en mente, el presidente llam\u00f3 luego a un di\u00e1logo nacional con [&hellip;]<\/p>\n","protected":false},"author":1,"featured_media":806,"comment_status":"open","ping_status":"open","sticky":false,"template":"","format":"standard","meta":{"footnotes":""},"categories":[5,3],"tags":[],"_links":{"self":[{"href":"http:\/\/www.movimientocaamanista.com\/index.php?rest_route=\/wp\/v2\/posts\/805"}],"collection":[{"href":"http:\/\/www.movimientocaamanista.com\/index.php?rest_route=\/wp\/v2\/posts"}],"about":[{"href":"http:\/\/www.movimientocaamanista.com\/index.php?rest_route=\/wp\/v2\/types\/post"}],"author":[{"embeddable":true,"href":"http:\/\/www.movimientocaamanista.com\/index.php?rest_route=\/wp\/v2\/users\/1"}],"replies":[{"embeddable":true,"href":"http:\/\/www.movimientocaamanista.com\/index.php?rest_route=%2Fwp%2Fv2%2Fcomments&post=805"}],"version-history":[{"count":1,"href":"http:\/\/www.movimientocaamanista.com\/index.php?rest_route=\/wp\/v2\/posts\/805\/revisions"}],"predecessor-version":[{"id":807,"href":"http:\/\/www.movimientocaamanista.com\/index.php?rest_route=\/wp\/v2\/posts\/805\/revisions\/807"}],"wp:featuredmedia":[{"embeddable":true,"href":"http:\/\/www.movimientocaamanista.com\/index.php?rest_route=\/wp\/v2\/media\/806"}],"wp:attachment":[{"href":"http:\/\/www.movimientocaamanista.com\/index.php?rest_route=%2Fwp%2Fv2%2Fmedia&parent=805"}],"wp:term":[{"taxonomy":"category","embeddable":true,"href":"http:\/\/www.movimientocaamanista.com\/index.php?rest_route=%2Fwp%2Fv2%2Fcategories&post=805"},{"taxonomy":"post_tag","embeddable":true,"href":"http:\/\/www.movimientocaamanista.com\/index.php?rest_route=%2Fwp%2Fv2%2Ftags&post=805"}],"curies":[{"name":"wp","href":"https:\/\/api.w.org\/{rel}","templated":true}]}}