{"id":8073,"date":"2022-12-25T13:43:10","date_gmt":"2022-12-25T13:43:10","guid":{"rendered":"http:\/\/www.movimientocaamanista.com\/?p=8073"},"modified":"2023-01-06T11:19:51","modified_gmt":"2023-01-06T11:19:51","slug":"desvelar-o-desnudar-una-parte-de-la-idea-filodoxica-de-libertad","status":"publish","type":"post","link":"http:\/\/www.movimientocaamanista.com\/?p=8073","title":{"rendered":"Desvelar \u00bfo desnudar? una parte de la Idea filod\u00f3xica de libertad"},"content":{"rendered":"\n<p>Madi Pe\u00f1a Delfargue,\u00a0Zhyldyz Almazova,\u00a0Cristina Orlovschi<\/p>\n\n\n\n<p>Fuente: <a href=\"https:\/\/rebelion.org\/desvelar-o-desnudar-una-parte-de-la-idea-filodoxica-de-libertad\/\">Rebeli\u00f3n<\/a><\/p>\n\n\n\n<p>\u00abLibertad desnuda. Una historia textual e ic\u00f3nica de sus tr\u00e1gicas paradojas\u00bb<br>Jos\u00e9 S\u00e1nchez Tortosa<br>Pr\u00f3logo de Luis Alberto De Cuenca<br>ED. Confluencias, Almer\u00eda, 2022<\/p>\n\n\n\n<p>Lo primero que deseo decir es que el librito de Jos\u00e9 S\u00c1NCHEZ TORTOSA es una preciosa joya de orfebrer\u00eda tallada en un taller especial de&nbsp;<em>filodox\u00eda<\/em>: un arte que tiene mucho m\u00e1s que ver con la sof\u00edstica profesional que con la m\u00edtica acad\u00e9mica plat\u00f3nica de ense\u00f1ar Filosof\u00eda a quienes ya estuvieran formados en la paciente Geometr\u00eda. Sigue la senda del Gabriel ALBIAC de 1978\/1979<sup>[1]<\/sup>&nbsp;y su desconsolada visi\u00f3n -\u00bfleninista?- de la filosof\u00eda: eso, s\u00ed, sin citarlo y sin mostrar sus huellas ni sus marcas. Pero las tesis son id\u00e9nticas. Tanto para aquel ALBIAC como ahora para TORTOSA: el Idealismo&nbsp;<em>filod\u00f3xico<\/em>&nbsp;germ\u00e1nico es el fin de la filosof\u00eda cl\u00e1sica<sup>[2]<\/sup>. Es el fin en varios sentidos: el de objetivo, el de meta y el de acabamiento total de una experiencia te\u00f3rica. Aunque TORTOSA nos regale al final que ese final lo cifra en la filosof\u00eda existencialista y nihilista sartriana. De ah\u00ed que aqu\u00ed s\u00ed reconozca sus deudas de manera clara y expresa, pues s\u00ed cita algunos -\u00a1no todos!- los aportes del recientemente fallecido Pepo RODR\u00cdGUEZ GARC\u00cdA<sup>[3]<\/sup>, catedr\u00e1tico de la Universidad de Zaragoza, amigo \u00edntimo de ALBIAC y con el que comparti\u00f3 desvelos apasionados por la escritura rom\u00e1ntica como fuera Friedrich H\u00d6LDERLIN, al que TORTOSA le coloca una G final sin saber si es una errata suya o una insuficiencia de quien esto ahora rese\u00f1a.<\/p>\n\n\n\n<p>La otra obra que impulsa a TORTOSA a trazar una Historia filos\u00f3fica de la Idea -m\u00edtica y mitol\u00f3gica- de Libertad es la&nbsp;<strong>Metaf\u00edsica presocr\u00e1tica<\/strong><sup>[4]<\/sup>&nbsp;de Gustavo BUENO MART\u00cdNEZ. A la que tambi\u00e9n en varias ocasiones la cita de manera expresa con reconocimiento de su impactante y f\u00e9rtil apuesta te\u00f3rica.<\/p>\n\n\n\n<p>El librito de TORTOSA es bello. Una obra de arte. Pero lo ser\u00eda a\u00fan m\u00e1s si hubiera sido editado como cat\u00e1logo de una exposici\u00f3n est\u00e9tica. Y se hubiera presentado como el trabajo de un equipo multidisciplinar. Pues ser\u00eda muy conveniente que lo mejor del libro se presentase como una especie de tr\u00edptico donde, al modo de la Dial\u00e9ctica Trascendental de la Cr\u00edtica kantiana de la Raz\u00f3n Pura -Neta<sup>[5]<\/sup>\u2013 apareciesen los debates -en muchos casos inventados- en torno al libre albedr\u00edo que tuvieron personajes como Lutero o Erasmo de Rotterdam. Ese trabajo&nbsp;<em>poi\u00e9tico<\/em><sup>[6]<\/sup>&nbsp;podr\u00eda hacerse a\u00fan en las clases que imparte TORTOSA a sus estudiantes de un Instituto de Ense\u00f1anzas a Medias. Esos adolescentes lo saben hacer, aunque sea al modo alienado como el que Marx defin\u00eda a los miembros de la explotada y saqueada clase obrera: lo hacen, pero no lo saben. Son ellos los que pueden saber lo que hacen. Y cuando eso ocurra, entonces, quiz\u00e1s, se hagan mejor las cosas. Y para bien. Aunque se nota que TORTOSA es un nihilista tanto de la escritura literaria como de la pr\u00e1ctica docente. Se deja llevar como un cascar\u00f3n de nuez en una corriente huracanada.<\/p>\n\n\n\n<p>Sin embargo, hay ausencias clamorosas en su recorrido por la Idea&nbsp;<em>filod\u00f3xica<\/em>&nbsp;de la Libertad. La m\u00e1s notoria es la de Marx. Y si ella tuviera un hueco, fuera de los t\u00f3picos mal\u00e9ficos que ha inventado contra ella el falso liberalismo de la suciedad pornocapitalista tanatocr\u00e1tica, otra impronta tendr\u00eda al final esa aventura hist\u00f3rica.<\/p>\n\n\n\n<p>\u00c1ngel PRIOR OLMOS, entre muchos otros como Juan Carlos RODR\u00cdGUEZ G\u00d3MEZ en&nbsp;<strong><em>De qu\u00e9 hablamos cuando hablamos de marxismo<\/em><\/strong><sup>[7]<\/sup>, en una obra tan especial como&nbsp;<strong><em>El problema de la libertad en el pensamiento de Marx<\/em><\/strong><sup>[8]<\/sup>, nos ayuda a entender por qu\u00e9 esa gran ausencia. Jos\u00e9 Porfirio MIRANDA DE LA PARRA o Enrique DUSSEL han expresado algunas de esas trazas que son fundamentales si en realidad se desea poder hablar de filosof\u00eda al modo de los banquetes acad\u00e9micos plat\u00f3nicos.<\/p>\n\n\n\n<p>Tal vez Gustavo BUENO MART\u00cdNEZ en 1995<sup>[9]<\/sup>&nbsp;diera con una de las m\u00e1s importantes e interesantes respuestas para poder entender con rotundidad el problema real de la libertad cuando expon\u00eda una m\u00edsera propuesta en la que se deber\u00eda de invertir un raqu\u00edtico 1% del presupuesto econ\u00f3mico nacional para poder crear una m\u00ednima conciencia a priori cient\u00edfica y a posteriori filos\u00f3fica. Esa es la miserable realidad en la que nos mal morimos<sup>[10]<\/sup>. Aunque nos pese. Mal vivimos en una criminal y miserable suciedad pornocapitalista tanatocr\u00e1tica. Que a\u00fan no conoce las posibilidades energ\u00e9ticas de la aut\u00e9ntica liberaci\u00f3n humana.<\/p>\n\n\n\n<p>Realmente la obrita de TORTOSA no es una Historia filos\u00f3fica acerca de la Libertad<sup>[11]<\/sup>, sino que es un paseo por los decursos de los diferentes r\u00edos de la sofisticada&nbsp;<em>filodox\u00eda<\/em>&nbsp;dominante que quiere legitimar sus discursos con el poder de sus instituciones negando otras opciones a la verdadera y aut\u00e9ntica filosof\u00eda materialista de la Libertad -pol\u00edtica<sup>[12]<\/sup>-.<\/p>\n\n\n\n<p>Ese amor por la&nbsp;<em>doxa<\/em>&nbsp;es lo que est\u00e1 impreso en cada una de las p\u00e1ginas de esta obra. Y esas elecciones son arbitrarias. Y se presentan como si existiera una continuidad entre ellas. Nada m\u00e1s lejano a la realidad hist\u00f3rica. Pero se hace as\u00ed para bendecir unas sendas<sup>[13]<\/sup>&nbsp;y no otras.<\/p>\n\n\n\n<p>Resulta m\u00e1s que sintom\u00e1tica la forma de exponer las disputas acerca del libre albedr\u00edo en la filosof\u00eda cristiana. Elige a Agust\u00edn de HIPONA, respetando su ceremonia eclesial y denomin\u00e1ndolo Santo y Padre. Pero, curiosamente, despu\u00e9s hay un vac\u00edo de m\u00e1s de mil a\u00f1os- Pues esas disputas reaparecen en tiempos ya propios del Renacimiento por boca de Lutero o Erasmo de Rotterdam. Por qu\u00e9 se da ese salto y, sin embargo, cualquier lector casi puede creer que entre las palabras de unos y de otros solo hay un leve tr\u00e1nsito temporal, epocal e incluso sin ruptura ling\u00fc\u00edstica y, por tanto, epist\u00e9mica. Desde los par\u00e1metros de la historicidad radical la literatura hel\u00e9nica no habla de las mismas cosas aunque lo parezca y no sepamos que hay muchos intereses en hacernos creer que s\u00ed. Y eso se nota. La libertad cuando se lanza por especulaciones teol\u00f3gicas abandona el f\u00e9rtil terreno de la inmanencia. Y nadie en su sano juicio entiende nada de esos galimat\u00edas donde s\u00f3lo un omnipotente y omnisciente Ser al que se le transfieren propiedades divinas es libre<sup>[14]<\/sup>. Y las personas humanas que curiosamente son las creadoras de esas imaginaciones fantasmales carecen de libertad para poder tomar decisiones racionales y pol\u00edticamente responsables.<\/p>\n\n\n\n<p>Resulta algo m\u00e1s que sintom\u00e1tica esta estrategia especulativa.<\/p>\n\n\n\n<p>Aunque TORTOSA cuando habla de Plat\u00f3n y de Arist\u00f3teles casi roza la cuesti\u00f3n de enfocar la libertad como una tarea primordial y b\u00e1sica de la vida pol\u00edtica, las influencias -\u00bfinconscientes, veladas y escondidas?- de Gabriel ALBIAC hacen mella en su librito. Pues su maestro ve la pol\u00edtica como una p\u00e9rdida de tiempo. Realmente sus aportaciones period\u00edsticas se hacen contra los pol\u00edticos corruptos de su presente<sup>[15]<\/sup>, pero no hay ni una aportaci\u00f3n -\u00a1ni te\u00f3rica ni pr\u00e1ctica!- a dilucidar que no hay arte m\u00e1s sublime y excelso que la pol\u00edtica<sup>[16]<\/sup>. Ha tenido todos los medios intelectuales a su alcance. Pero los ha desaprovechado.<\/p>\n\n\n\n<p>Si esta obrita se hubiera escrito pensando realmente en la colectividad que le dio su ser se habr\u00eda empapado de otros valores, de otros resortes. Y habr\u00eda esbozado otras posibilidades \u00e9ticas y pol\u00edticas. Y no se habr\u00eda quedado limitada a recorrer una vez m\u00e1s los trillados carriles de la est\u00e9tica idealista aparentemente antipol\u00edtica. Por eso es f\u00e1cil predecir que, por desgracia, tendr\u00e1 un recorrido tan corto como f\u00fatil.<\/p>\n\n\n\n<p><strong>Notas<\/strong><\/p>\n\n\n\n<p><sup>[1]<\/sup>&nbsp;<strong><em>De la a\u00f1oranza del poder o consolaci\u00f3n de la filosof\u00eda<\/em><\/strong>&nbsp;fue editada en las prensas de Hiperi\u00f3n en Madrid en 1979, pero recog\u00eda diferentes trabajos que ya hab\u00edan visto la luz en diversas revistas de aquel tiempo como&nbsp;<strong><em>El C\u00e1rabo<\/em><\/strong>.<\/p>\n\n\n\n<p><sup>[2]<\/sup>&nbsp;Friedrich ENGELS tan denostado en nuestros d\u00edas ya escribi\u00f3 sobre esa tem\u00e1tica acerca del lugar de Ludwig FEUERBACH en la \u00faltima etapa de la filosof\u00eda cl\u00e1sica&nbsp;<em>prusiana<\/em>. Pues lo que realmente exist\u00eda cuando viv\u00eda Ludwig era Prusia y no Alemania. \u00c9sta empez\u00f3 su andadura como naci\u00f3n estatalizada con BISMARCK all\u00e1 por 1870. Aunque para esa \u00e9poca ya FEUERBACH casi estaba cultivando malvas en el cementerio de Rechenberg, pues falleci\u00f3 en 1872.<\/p>\n\n\n\n<p><sup>[3]<\/sup>&nbsp;Jos\u00e9 Luis RODR\u00cdGUEZ GARC\u00cdA conoc\u00eda con bastante solvencia estas cuestiones desde que en la Universidad Complutense de Madrid expusiera su tesis doctoral sobre H\u00d6LDERLIN,&nbsp;<em>el exiliado en la Tierra<\/em>. Editado a\u00f1os m\u00e1s tarde por las Prensas Universitarias de Zaragoza en varios vol\u00famenes.<\/p>\n\n\n\n<p><sup>[4]<\/sup>&nbsp;Editado por Pentalfa (Oviedo, 1974).&nbsp;<a rel=\"noreferrer noopener\" href=\"https:\/\/fgbueno.es\/gbm\/gb74mp.htm\" target=\"_blank\">https:\/\/fgbueno.es\/gbm\/gb74mp.htm<\/a><\/p>\n\n\n\n<p><sup>[5]<\/sup>&nbsp;<strong><em>Rein<\/em><\/strong>&nbsp;en alem\u00e1n significa multitud de otras cosas, entre otras: puro, mero, limpio, casto, virgen, neto.<\/p>\n\n\n\n<p><sup>[6]<\/sup>&nbsp;Las&nbsp;<em>poiesis&nbsp;<\/em>son las elaboraciones artesanales que mejor saben hacer los seres humanos.&nbsp;<em>Poiesis<\/em>: hacer bien las cosas con arte sano, inteligente y responsable pensando en el bien de la comunidad. Reducir las poiesis solo al quehacer po\u00e9tico es una salvajada, un delirio\u2026 rom\u00e1ntico. Emilio LLED\u00d3, pese a dedicarle su tesis doctoral al concepto de poiesis, apenas si pudo ver m\u00e1s all\u00e1 de las evidencias filol\u00f3gicas en algunos textos cl\u00e1sicos de la cultura hel\u00e9nica. Quienes m\u00e1s acertadamente han estado de comprobar lo que las poiesis traen consigo han sido tres profesores de Filosof\u00eda de estirpe marxista: Carlos PARIS AMADOR, Enrique DUSSEL y Gustavo BUENO MART\u00cdNEZ.<\/p>\n\n\n\n<p><sup>[7]<\/sup>&nbsp;Akal ed., Madrid, 2013.<\/p>\n\n\n\n<p><sup>[8]<\/sup>&nbsp;Editada por Biblioteca Nueva, Madrid, 2004. O Galvano DELLA VOLPE con su impagable&nbsp;<strong><em>Libertad comunista<\/em><\/strong>&nbsp;(ed. Icaria, Barcelona, 1978).<\/p>\n\n\n\n<p><sup>[9]<\/sup>&nbsp;<a rel=\"noreferrer noopener\" href=\"https:\/\/fgbueno.es\/gbm\/gb1995di.htm\" target=\"_blank\">https:\/\/fgbueno.es\/gbm\/gb1995di.htm<\/a>:&nbsp;<strong>S\u00e9ptima propuesta<\/strong>. Pol\u00edtica orientada a conseguir, como m\u00ednimo, un uno por ciento de lectores de libros escritos en espa\u00f1ol, sobre tem\u00e1tica cient\u00edfica o filos\u00f3fica. Esa propuesta a\u00fan todav\u00eda es una irrealizable utop\u00eda. Y ahora m\u00e1s que nunca: por qu\u00e9. Esa es la verdadera apuesta que tiene ante s\u00ed un aut\u00e9ntico materialismo pol\u00edtico de la libertad. Otras propuestas hechas por BUENO en aquel momento fueron:&nbsp;<strong>Segunda propuesta<\/strong>. Transformaci\u00f3n, mediante reforma de la Constituci\u00f3n, de la actual monarqu\u00eda hereditaria en una Rep\u00fablica parlamentaria, y limitaci\u00f3n del tiempo que los ciudadanos puedan dedicar \u201cprofesionalmente\u201d a la pol\u00edtica (incluyendo en este concepto no s\u00f3lo a los cargos p\u00fablicos sino tambi\u00e9n a los puestos de direcci\u00f3n en los partidos pol\u00edticos y sindicatos).&nbsp;<strong>Tercera propuesta<\/strong>. Plan energ\u00e9tico nacional que tome en consideraci\u00f3n la energ\u00eda nuclear y el aprovechamiento al m\u00e1ximo de las posibilidades agr\u00edcolas y ganaderas de Espa\u00f1a. Sin desarrollar las ciencias ni las conciencias filos\u00f3ficas implantadas pol\u00edticamente mal se pueden trabajar con serenidad y competencia las cuestiones nucleares de la energ\u00eda at\u00f3mica. Sin desarrollar ese humus \u00e9tico resulta m\u00e1s que una temeridad apostar por la energ\u00eda nuclear at\u00f3mica. Recu\u00e9rdese que ya Gustavo BUENO defin\u00eda all\u00e1 por 1968 la filosof\u00eda como una conciencia reflexiva sobre las pr\u00e1cticas cient\u00edficas, esto es: defin\u00eda la filosof\u00eda como un saber dial\u00e9ctico de segundo grado cuya materia prima estar\u00eda siempre constituida por los diferentes campos gnoseol\u00f3gicos de los diferentes saberes culturales (cient\u00edficos, pol\u00edticos, religiosos, militares, deportivos, etc). Esto nos lleva a tematizar a la filosof\u00eda como los&nbsp;<em>symposium<\/em>&nbsp;plat\u00f3nicos donde la comunicaci\u00f3n er\u00f3tica se hace posible gracias a amar realmente la materia real de lo que se tiene entre (hu)manos.<\/p>\n\n\n\n<p><strong>Primera propuesta<\/strong>. Reorganizaci\u00f3n del \u201cEstado de las autonom\u00edas\u201d mediante una reforma de la Constituci\u00f3n del 78 que est\u00e9 orientada a subrayar la unidad cultural y ling\u00fc\u00edstica de Espa\u00f1a en el contexto de la Uni\u00f3n Europea, y que est\u00e9 dispuesta incluso a permitir la segregaci\u00f3n, por \u201cautodeterminaci\u00f3n de independencia\u201d, de autonom\u00edas que no quieran aceptar su integraci\u00f3n plena en la unidad espa\u00f1ola (sin perjuicio de que puedan aceptar compromisos tales como el del \u201cEstado libre asociado\u201d).<\/p>\n\n\n\n<p>Pocos parecen que han le\u00eddo -\u00a1ya no comprendido e interpretado!- estas propuestas.<\/p>\n\n\n\n<p><sup>[10]<\/sup>&nbsp;Manuel SACRIST\u00c1N LUZ\u00d3N (1979).<\/p>\n\n\n\n<p><sup>[11]<\/sup>&nbsp;Como \u00e9l mismo indica en la p\u00e1gina 84 y como el prologuista exalta al comienzo de la obra como presentaci\u00f3n.<\/p>\n\n\n\n<p><sup>[12]<\/sup>&nbsp;Las obras de Antonio GARC\u00cdA TREVIJANO son fundamentales para empezar a remover el panorama desde una perspectiva republicana y, por tanto, aut\u00e9nticamente democr\u00e1tica.<\/p>\n\n\n\n<p><sup>[13]<\/sup>&nbsp;Ya Martin HEIDEGGER pudo sacarles mucho rendimiento a otras&nbsp;<em>sendas perdidas<\/em>&nbsp;de la filosof\u00eda. Lo mismo que hace en nuestros d\u00edas, por ejemplo, Michel ONFRAY con sus&nbsp;<strong>Contrahistorias<\/strong>&nbsp;de la filosof\u00eda y de la literatura. O hasta el mism\u00edsimo Domenico LOSURDO con su&nbsp;<strong><em>Contrahistoria del liberalismo<\/em><\/strong>&nbsp;(ed. El Viejo Topo, Barcelona, 2005). Que tanto en falta se echa en esta obrita de TORTOSA. Curiosamente, ni se mienta -ni para bien ni para mal- la existencia de toda una tradici\u00f3n liberal como filosof\u00eda pol\u00edtica equ\u00edvoca y equivocada. Pues es un sinsentido lo que realmente hace eso a lo que se suele llamar con tanta impropiedad liberalismo ya que parlotea sin cesar de la libre empresa, del libre mercado, etc sin darse cuenta de la imposibilidad \u00f3ntica que es que un mercado o una mercanc\u00eda cualquiera pueda ser en cualquier sentido de la expresi\u00f3n libre. Y c\u00f3mo se puede explicar tama\u00f1a ausencia: \u00a1no hablar nada del liberalismo pol\u00edtico en una obrita dedicada a desnudar el mito de la libertad!<\/p>\n\n\n\n<p><sup>[14]<\/sup>&nbsp;Se echa de menos que no se tengan en cuenta los grandes aportes de Gustavo BUENO MART\u00cdNEZ en su filosof\u00eda materialista de la religi\u00f3n. Desde 1947 que presentara su tesis doctoral ese ha sido su verdadero y aut\u00e9ntico campo profesional en la docencia universitaria. Si ya Ludwig FEUERBACH en&nbsp;<strong><em>La esencia de la religi\u00f3n<\/em><\/strong>&nbsp;puso patas arriba a la teolog\u00eda al colocar al hombre como aut\u00e9ntico creador de los dioses: el misterio de la teolog\u00eda se resuelve en la&nbsp;<strong><em>poiesis<\/em><\/strong>&nbsp;antropol\u00f3gica como vita activa. Son los seres humanos los que con suma inteligencia han creado a los dioses. Y no al rev\u00e9s como ha pretendido el clero de las diferentes concepciones religiosas. En&nbsp;<strong><em>El animal divino<\/em><\/strong>&nbsp;esas tesis de FEUERBACH se llevan a\u00fan m\u00e1s lejos. Pues son los animales los que han sido los que han aportado a los seres humanos la materia prima con la que elaborar los mitos religiosos. Y no se olvide que el hombre es antes que racional un animal \u00a1cuasidivino!<\/p>\n\n\n\n<p><sup>[15]<\/sup>&nbsp;Esa serie se inicia despu\u00e9s de 1978. En los a\u00f1os ochenta de la pasada centuria, ya ALBIAC dispara desde sus trincheras literarias contra la pol\u00edtica y los pol\u00edticos. Quiz\u00e1 sea esa su m\u00e1xima continuidad tras m\u00e1s de tres mil columnas period\u00edsticas publicadas en&nbsp;<strong>El mundo<\/strong>,&nbsp;<strong><em>La raz\u00f3n<\/em><\/strong>,&nbsp;<strong>Abc<\/strong>&nbsp;y, ahora, en la prensa de la Asociaci\u00f3n Nacional de Propagandistas Cat\u00f3licos como es&nbsp;<strong><em>El Debate<\/em><\/strong>. Desgraciadamente para su comunidad, no ve m\u00e1s all\u00e1 de sus narices. Su miop\u00eda es torpe y galopante.<\/p>\n\n\n\n<p><sup>[16]<\/sup>&nbsp;Curiosamente su compa\u00f1ero de tertulias&nbsp;<em>filod\u00f3xicas<\/em>&nbsp;en el programa&nbsp;<strong>Los Catedr\u00e1ticos<\/strong>&nbsp;de&nbsp;<em>Libertad digital<\/em>, Agapito MAESTRE, s\u00ed que tiene esa excelente valoraci\u00f3n de la pol\u00edtica. Y la ha expuesto, entre otros sitios, con bastante br\u00edo en su libro&nbsp;<strong><em>Ortega, el gran maestro<\/em><\/strong>&nbsp;(ed. Almuzara, C\u00f3rdoba, 2019). Juan Carlos MONEDERO ha sabido muy bien exponer la grandeza de las actividades pol\u00edticas para poder construir una sociedad ilustrada, racional, responsable, libre y decente.<\/p>\n","protected":false},"excerpt":{"rendered":"<p>Madi Pe\u00f1a Delfargue,\u00a0Zhyldyz Almazova,\u00a0Cristina Orlovschi Fuente: Rebeli\u00f3n \u00abLibertad desnuda. Una historia textual e ic\u00f3nica de sus tr\u00e1gicas paradojas\u00bbJos\u00e9 S\u00e1nchez TortosaPr\u00f3logo de Luis Alberto De CuencaED. Confluencias, Almer\u00eda, 2022 Lo primero que deseo decir es que el librito de Jos\u00e9 S\u00c1NCHEZ TORTOSA es una preciosa joya de orfebrer\u00eda tallada en un taller especial de&nbsp;filodox\u00eda: un arte [&hellip;]<\/p>\n","protected":false},"author":1,"featured_media":8074,"comment_status":"open","ping_status":"open","sticky":false,"template":"","format":"standard","meta":{"footnotes":""},"categories":[4],"tags":[],"_links":{"self":[{"href":"http:\/\/www.movimientocaamanista.com\/index.php?rest_route=\/wp\/v2\/posts\/8073"}],"collection":[{"href":"http:\/\/www.movimientocaamanista.com\/index.php?rest_route=\/wp\/v2\/posts"}],"about":[{"href":"http:\/\/www.movimientocaamanista.com\/index.php?rest_route=\/wp\/v2\/types\/post"}],"author":[{"embeddable":true,"href":"http:\/\/www.movimientocaamanista.com\/index.php?rest_route=\/wp\/v2\/users\/1"}],"replies":[{"embeddable":true,"href":"http:\/\/www.movimientocaamanista.com\/index.php?rest_route=%2Fwp%2Fv2%2Fcomments&post=8073"}],"version-history":[{"count":1,"href":"http:\/\/www.movimientocaamanista.com\/index.php?rest_route=\/wp\/v2\/posts\/8073\/revisions"}],"predecessor-version":[{"id":8075,"href":"http:\/\/www.movimientocaamanista.com\/index.php?rest_route=\/wp\/v2\/posts\/8073\/revisions\/8075"}],"wp:featuredmedia":[{"embeddable":true,"href":"http:\/\/www.movimientocaamanista.com\/index.php?rest_route=\/wp\/v2\/media\/8074"}],"wp:attachment":[{"href":"http:\/\/www.movimientocaamanista.com\/index.php?rest_route=%2Fwp%2Fv2%2Fmedia&parent=8073"}],"wp:term":[{"taxonomy":"category","embeddable":true,"href":"http:\/\/www.movimientocaamanista.com\/index.php?rest_route=%2Fwp%2Fv2%2Fcategories&post=8073"},{"taxonomy":"post_tag","embeddable":true,"href":"http:\/\/www.movimientocaamanista.com\/index.php?rest_route=%2Fwp%2Fv2%2Ftags&post=8073"}],"curies":[{"name":"wp","href":"https:\/\/api.w.org\/{rel}","templated":true}]}}