{"id":8076,"date":"2022-12-25T13:46:08","date_gmt":"2022-12-25T13:46:08","guid":{"rendered":"http:\/\/www.movimientocaamanista.com\/?p=8076"},"modified":"2022-12-25T13:46:10","modified_gmt":"2022-12-25T13:46:10","slug":"la-republica-popular-del-futbol","status":"publish","type":"post","link":"http:\/\/www.movimientocaamanista.com\/?p=8076","title":{"rendered":"La rep\u00fablica popular del f\u00fatbol"},"content":{"rendered":"\n<p>Julio C\u00e9sar Guanche<\/p>\n\n\n\n<p>Fuente: <a href=\"https:\/\/rebelion.org\/la-republica-popular-del-futbol\/\">Rebeli\u00f3n<\/a><\/p>\n\n\n\n<p>Un Mundial sirve para hinchar, pero tambi\u00e9n para pensar.<\/p>\n\n\n\n<p>Lionel Messi y Argentina son campeones del mundo. Su equipo gan\u00f3 la final a la hasta ahora selecci\u00f3n campeona, para levantar la copa por tercera vez en la historia de esa naci\u00f3n sudamericana. Casi hasta el minuto 80 del partido final, Argentina impart\u00eda una lecci\u00f3n t\u00e9cnica y f\u00edsica a los europeos. Tras ese instante, Francia empat\u00f3. El hecho ocurri\u00f3 cuando todos los jugadores galos, con excepci\u00f3n del portero Hugo Lloris, eran franceses negros.<\/p>\n\n\n\n<p>He escuchado varias veces a lo largo del Mundial bromas m\u00e1s o menos serias sobre Francia como el \u201cequipo africano de Europa\u201d. Del otro lado, tambi\u00e9n una broma sim\u00e9trica: Argentina es \u201cel pa\u00eds m\u00e1s europeo de Am\u00e9rica Latina\u201d.<\/p>\n\n\n\n<p>Un Mundial sirve para hinchar, pero tambi\u00e9n para pensar. Varios debates interesantes tuvieron lugar durante su curso. Uno de ellos comenz\u00f3 con&nbsp;<a href=\"https:\/\/www.washingtonpost.com\/made-by-history\/2022\/12\/08\/why-doesnt-argentina-have-more-black-players-world-cup\/\"><em>The Washington Post<\/em>, cuando Erika Edwards<\/a>, profesora afroamericana, con tres libros publicados sobre la historia racial de Argentina, cuestion\u00f3 por qu\u00e9 la selecci\u00f3n no contaba con m\u00e1s jugadores negros.<\/p>\n\n\n\n<p>En redes sociales y medios le contestaron que nombrase jugadores negros argentinos que merecieran ser convocados por Lionel Scaloni y hubiesen sido excluidos. El chiste se cuenta solo. Supone que la realidad es lo que se ve, y no c\u00f3mo se ha llegado a ella.&nbsp;<\/p>\n\n\n\n<p>Las explicaciones fueron las de siempre: tal ausencia se debe al talento, y Dios lo concede no importa si se es negro o blanco, o azul. Argentina es una naci\u00f3n blanca. Qu\u00e9 se cree esa profesora gringa del pa\u00eds m\u00e1s racista del mundo, etc\u00e9tera.<\/p>\n\n\n\n<figure class=\"wp-block-image\"><img decoding=\"async\" src=\"https:\/\/oncubanews.com\/wp-content\/uploads\/2022\/12\/mundial-qatar-efe-5.jpg\" alt=\"\" class=\"wp-image-419979\"\/><figcaption>Jugadores de la selecci\u00f3n francesa. Foto: EFE\/EPA\/Georgi Licovski.<\/figcaption><\/figure>\n\n\n\n<h3 class=\"wp-block-heading\">Los \u201cafricanos franceses\u201d<\/h3>\n\n\n\n<p>El equipo franc\u00e9s campe\u00f3n mundial de 1998, con&nbsp;<em>Zizou<\/em>, el genio&nbsp;<a href=\"https:\/\/www.espn.com.ec\/noticias\/nota?id=459745\" target=\"_blank\" rel=\"noreferrer noopener\">franco-argelino<\/a>&nbsp;a la cabeza, fue la imagen del deseable multiculturalismo a la francesa que hac\u00eda convivir a blancos, negros y \u00e1rabes. Era la promesa de un nuevo entendimiento de&nbsp;<em>lo franc\u00e9s,&nbsp;<\/em>hist\u00f3ricamente asociado a la blanquitud y la herencia cristiana, y m\u00e1s recientemente, en una expansi\u00f3n de esa l\u00ednea, a lo europeo y lo occidental.<\/p>\n\n\n\n<p>Es un hecho con historia. Desde cincuenta a\u00f1os antes, oleadas de habitantes de las excolonias francesas hab\u00edan retomado la Bastilla, v\u00eda la migraci\u00f3n. Los que llegaron se fueron convirtiendo, enfrentando en el proceso todos los problemas de la \u201cintegraci\u00f3n\u201d, en franceses.&nbsp;<\/p>\n\n\n\n<p>En los 1980, movilizaciones de franceses negros u originarios del norte de \u00c1frica reclamaron igualdad material en derechos, y no solo reconocimiento formal de ciudadan\u00eda.&nbsp;<\/p>\n\n\n\n<p>Los hijos de esas generaciones, y de esa historia pol\u00edtica, son franceses. Experimentaron la ca\u00edda de la narrativa multicultural del campeonato del 98. En 2005 las periferias, los barrios pobres de Par\u00eds y otras ciudades, se incendiaron con protestas de familias de inmigrantes, o de or\u00edgenes migrantes, con demandas muy concretas: vivienda, transporte de calidad y empleo para 40 % de j\u00f3venes imposibilitados de trabajar.&nbsp;<\/p>\n\n\n\n<p>Fueron acusados de ser negros que pon\u00edan en peligro la Rep\u00fablica francesa. Para entonces, la familia Mbapp\u00e9 estaba integrada en Francia. El padre, camerun\u00e9s, entren\u00f3 f\u00fatbol en Francia. La madre, franco-argelina, tuvo \u00e9xito en el balonmano franc\u00e9s.&nbsp;<\/p>\n\n\n\n<p>Siete a\u00f1os antes de esas protestas, ambos hab\u00edan tenido un hijo llamado Kylian, nacido en la ciudad de Bondy, una de las zonas m\u00e1s candentes de los disturbios de 2005. A\u00f1os despu\u00e9s, Mbapp\u00e9, ya estrella mundial del f\u00fatbol, ha sido fotografiado con la rodilla en tierra, el c\u00e9lebre gesto antirracista que acu\u00f1\u00f3 Colin Kaepernick en Estados Unidos.<\/p>\n\n\n\n<figure class=\"wp-block-image\"><img decoding=\"async\" src=\"https:\/\/oncubanews.com\/wp-content\/uploads\/2022\/12\/mbape.jpg\" alt=\"Mbapp\u00e9 repite el gesto antirracista que acu\u00f1\u00f3\" class=\"wp-image-419974\"\/><figcaption>Mbapp\u00e9 repite el gesto antirracista que acu\u00f1\u00f3 Colin Kaepernick.<\/figcaption><\/figure>\n\n\n\n<p>Con aquel contexto a\u00fan caliente, Nicolas Sarkozy hizo campa\u00f1a en 2007: \u201cVolverse franc\u00e9s significa adherirse a una forma de civilizaci\u00f3n, a valores y costumbres\u201d. Esos valores eran la tierra de nacimiento y la herencia cristiana: un ataque frontal contra el Estado laico y la universalidad proclamada del republicanismo c\u00edvico franc\u00e9s.<\/p>\n\n\n\n<p>Karim Benzema, otro genio franco-argelino, lo tradujo as\u00ed: \u201cSi marco, soy franc\u00e9s; si no lo hago, soy \u00e1rabe\u201d.&nbsp;<\/p>\n\n\n\n<p>El actual equipo franc\u00e9s, con campeonato y subcampeonato mundiales al hilo, genera mucha ansiedad, por negro, en el&nbsp;<em>establishment<\/em>&nbsp;conservador franc\u00e9s, que ve all\u00ed una derrota de la integraci\u00f3n francesa, la expresi\u00f3n de tendencias \u201cseparatistas\u201d de minor\u00edas, que se estar\u00edan cargando la indivisibilidad de la naci\u00f3n francesa, marca de origen de su republicanismo.<\/p>\n\n\n\n<p>Llamarle a ese equipo \u201cafricano\u201d abona esa l\u00ednea de discurso: extranjeriza la \u201camenaza\u201d interna para proteger el principio nacional franc\u00e9s; realza el discurso supremacista de franceses de \u201cpura cepa\u201d contra los&nbsp;<em>otros<\/em>, as\u00ed sean de en\u00e9sima generaci\u00f3n de migrantes, destruye el principio del universalismo republicano y olvida que la Revoluci\u00f3n francesa consider\u00f3 ciudadanos a los extranjeros.<\/p>\n\n\n\n<p>Mbapp\u00e9 tiene herencia directa africana.&nbsp;<a href=\"https:\/\/www.adnradio.cl\/futbol\/2022\/04\/04\/karim-benzema-revelo-como-afecta-el-ramadan-a-su-rutina-diaria.html\" target=\"_blank\" rel=\"noreferrer noopener\">Benzema es musulm\u00e1n<\/a>. Con respeto y orgullo por ambas identidades, son franceses. Imponerles un grupo etnocultural de pertenencia y encasillarlos en un origen africano o \u00e1rabe, es expulsarlos de Francia, su pa\u00eds.<\/p>\n\n\n\n<p>En las consecuencias de sus actos, esos jugadores \u201cafricanos\u201d est\u00e1n acaso contribuyendo a algo in\u00e9dito: redefinir la identidad francesa,&nbsp;<a href=\"https:\/\/www.washingtonpost.com\/world\/2022\/12\/13\/morocco-france-world-cup-history-politics-baggage\/\" target=\"_blank\" rel=\"noreferrer noopener\">que quiz\u00e1 en el futuro se exprese con un guion intermedio para aludir a varios or\u00edgenes<\/a>.<\/p>\n\n\n\n<p>Con su disputa de identidades, estos deportistas, estos sujetos sociales, afirman que la cultura francesa depende de una sociedad plural y reinstauran en el coraz\u00f3n de lo franc\u00e9s el legado de la esclavitud y el colonialismo, de muy escasa y problem\u00e1tica memoria oficial en Francia. Todo ello son pesadillas para las elites galas. Lo hacen siendo franceses de m\u00faltiples or\u00edgenes.<\/p>\n\n\n\n<figure class=\"wp-block-image\"><img decoding=\"async\" src=\"https:\/\/oncubanews.com\/wp-content\/uploads\/2022\/12\/mundial-qatar-efe-6.jpg\" alt=\"El presidente franc\u00e9s Macron saluda al capit\u00e1n del equipo franc\u00e9s, Kilian MBap\u00e9, luego de la derrota de Francia en la final frente a Argentina. Foto: EFE\/EPA\/Friedemann Vogel.\" class=\"wp-image-419992\"\/><figcaption>El presidente Macron saluda al capit\u00e1n del equipo franc\u00e9s, Kylian Mbapp\u00e9, luego de la derrota de Francia en la final frente a Argentina. Foto: EFE\/EPA\/Friedemann Vogel.<\/figcaption><\/figure>\n\n\n\n<h3 class=\"wp-block-heading\">Argentina: \u201cpa\u00eds de blancos\u201d<\/h3>\n\n\n\n<p>En 2018, Macri, entonces presidente de Argentina, dijo que sus connacionales son \u201ctodos descendientes de europeos\u201d. No es un tema solo de las derechas del pa\u00eds. El presidente Alberto Fern\u00e1ndez lo repiti\u00f3 en 2021: \u201clos argentinos descendemos de los barcos\u201d.&nbsp;<\/p>\n\n\n\n<p>Mucho antes, en el XIX, presidentes como Sarmiento y Urquiza hicieron mucho por esa idea: borrar la negritud y asociar modernidad con blanquitud. Una enmienda constitucional ordenaba en 1853: \u201cEl gobierno federal fomentar\u00e1 la inmigraci\u00f3n europea\u201d.<\/p>\n\n\n\n<p>La idea de la naci\u00f3n blanca es un mito fundacional argentino. Fue la tesis que cuestion\u00f3 la profesora Erika Edwards en su texto.&nbsp;<em>The Washington Post<\/em>&nbsp;pretendi\u00f3 corregir la plana aludiendo a n\u00fameros (no se trata de 1 % de poblaci\u00f3n negra en Argentina, sino de mucho menos que 1 %), pero el problema sigue en pie por debajo de las cifras.<\/p>\n\n\n\n<p>Lo real no es lo que se ve, sino qu\u00e9 y c\u00f3mo ha llegado a ser. El blanqueamiento fue una pol\u00edtica latinoamericana que tuvo particular \u00e9xito en Argentina. La idea de la naci\u00f3n blanca niega a los que ya estaban all\u00ed<em>:&nbsp;<\/em>los ind\u00edgenas. Niega a los 200 mil africanos que llegaron como personas esclavizadas al R\u00edo de la Plata. Niega las sucesivas oleadas de migrantes que han ido multiplicando en ese pa\u00eds los n\u00fameros de personas no blancas en el siglo XXI.<\/p>\n\n\n\n<figure class=\"wp-block-image\"><img decoding=\"async\" src=\"https:\/\/oncubanews.com\/wp-content\/uploads\/2022\/12\/foto-Kaloian-4-1-scaled.jpg\" alt=\"En Buenos Aires la multitud festeja la victoria de su equipo en el Mundial de Qatar 2022. \" class=\"wp-image-419982\"\/><figcaption>En Buenos Aires la multitud festeja la victoria de su equipo en el Mundial de Qatar 2022. Foto: Kaloian.<\/figcaption><\/figure>\n\n\n\n<p>A principios del siglo XIX, en Buenos Aires los negros representaban hasta 30 % de la poblaci\u00f3n. En la provincia de C\u00f3rdoba, en 1889, los infantes calificados como \u201cde color\u201d llegaban a 36 %. A la vez, desde principios del siglo XX los negros, tras procedimientos legales y culturales de blanqueamiento, fueron declarados oficialmente \u201cextintos\u201d. En Argentina, desde 1887 hasta 2010 no se contabiliz\u00f3 la poblaci\u00f3n negra.<\/p>\n\n\n\n<p>Durante la campa\u00f1a conocida como la Conquista del Desierto en 1879, fueron asesinados miles de ind\u00edgenas, y&nbsp;<em>extranjerizados<\/em>&nbsp;como salvajes e inferiores. Seg\u00fan la l\u00f3gica de la&nbsp;<em>modernidad<\/em>, estaban llamados a extinguirse por s\u00ed mismos. La&nbsp;<em>civilizaci\u00f3n<\/em>&nbsp;solo aceleraba un destino natural. Los ind\u00edgenas sufrieron adem\u00e1s otro tipo de muerte. Fueron convertidos en argentinos, sin m\u00e1s marca \u00e9tnica o cultural, y fueron \u201ccriollizados\u201d como parte de un proceso de blanqueamiento legal.<\/p>\n\n\n\n<p>Al elegir ignorar esta historia, algunos pretender\u00e1n a\u00fan que si el negro no est\u00e1 en un equipo de f\u00fatbol es porque nunca estuvo, o porque no tiene \u201ctalento\u201d.&nbsp;<\/p>\n\n\n\n<p>Erika Edwards est\u00e1 lejos de haber inventado el agua tibia. Para&nbsp;<a href=\"https:\/\/press.uchicago.edu\/ucp\/books\/book\/distributed\/D\/bo29574457.html\" target=\"_blank\" rel=\"noreferrer noopener\">Ignacio Aguil\u00f3<\/a>, en Argentina \u201cla blanquitud persiste como un ideal inquebrantable de naci\u00f3n\u201d. Seg\u00fan&nbsp;<a href=\"https:\/\/www.amazon.com\/-\/es\/Paulina-Alberto\/dp\/1107514908\" target=\"_blank\" rel=\"noreferrer noopener\">Eduardo Elena,<\/a>&nbsp;la \u201cnacionalizaci\u00f3n de la blanquitud\u201d, fue pol\u00edtica del Estado argentino, tambi\u00e9n durante el primer peronismo, para subrayar el car\u00e1cter blanco, cat\u00f3lico e hispano de la naci\u00f3n. De acuerdo con&nbsp;<a href=\"https:\/\/www.dw.com\/es\/los-argentinos-descienden-de-los-barcos-mitos-prejuicios-y-alguna-verdad\/a-57886935\" target=\"_blank\" rel=\"noreferrer noopener\">Mariano Nagy,<\/a>&nbsp;\u201clo que interpretamos como identidad argentina es menos lo que somos que lo que queremos ser: un pueblo que baj\u00f3 de los barcos europeos\u201d.&nbsp;<\/p>\n\n\n\n<p>A lo largo de ese proceso, \u201cpasar por blanco\u201d se hizo una cuesti\u00f3n tan estrat\u00e9gica como de supervivencia. Sin embargo, en Argentina hay \u201cnegros\u201d. Son los no blancos, los&nbsp;<em>morochos<\/em>, como Diego Armando Maradona, como Marcos Acu\u00f1a, Gonzalo Montiel, Exequiel Palacios o el Cuti Romero.<\/p>\n\n\n\n<figure class=\"wp-block-image\"><img decoding=\"async\" src=\"https:\/\/oncubanews.com\/wp-content\/uploads\/2022\/12\/foto-Kaloian-5-1-scaled.jpg\" alt=\"\" class=\"wp-image-419994\"\/><figcaption>El Dibu Mart\u00ednez representado en la carcasa de un m\u00f3vil, como un Dios. Foto: Kaloian.<\/figcaption><\/figure>\n\n\n\n<p>Adem\u00e1s hay otros negros: los pobres. La oposici\u00f3n al primer peronismo tuvo esa marca racial: las \u201ccabecitas negras\u201d, el \u201caluvi\u00f3n zool\u00f3gico\u201d. Negros son los villeros, los campesinos, los recogedores de basura, los trabajadores informales, los obreros.<\/p>\n\n\n\n<p>Es una negritud nacida de la clase social, que no responde a la cantidad de melanina en la piel. Ambas son degradaciones que parten de reconocer la tez clara, y el estatus social, como norma nacional ideal. No es un tema \u201cargentino\u201d. Con distintas variaciones, el silencio sobre la raza ha sido una variable fundamental de la construcci\u00f3n nacional latinoamericana.<\/p>\n\n\n\n<p>A su vez, los propios argentinos blancos \u2014el segundo apellido de Messi es el muy italiano Cuccittini\u2014 pueden ser r\u00e1pidamente expropiados de su imagen de \u201ceuropeos\u201d.&nbsp;<\/p>\n\n\n\n<p>Apenas Messi se salt\u00f3 la norma de correcci\u00f3n pol\u00edtica impuesta por la FIFA, con una frase tan poco radical como \u201cqu\u00e9 mir\u00e1s bobo\u201d, la derecha argentina y medios europeos conjuraron el fantasma indeseado del plebeyismo, de la indecencia, de las pulsiones primarias, del no saber estar, de la falta de educaci\u00f3n de los de abajo. Los pretendidos europeos, al final, son \u201capenas\u201d latinoamericanos.<\/p>\n\n\n\n<p><a href=\"https:\/\/www.lanacion.com.ar\/deportes\/futbol\/lionel-messi-el-futbolista-extraordinario-no-pudo-contener-al-hombre-vulgar-nid09122022\/\" target=\"_blank\" rel=\"noreferrer noopener\">El \u201chombre vulgar\u201d le llam\u00f3&nbsp;<em>La Naci\u00f3n<\/em>&nbsp;a Messi<\/a>. El resultado: Messi 1, Domingo Faustino Sarmiento 0. La frase fue una derrota del autor de \u201ccivilizaci\u00f3n contra barbarie\u201d, pero esta vez a favor de la civilizaci\u00f3n de lo popular y la cultura de lo colectivo. En el campo de f\u00fatbol, tradujeron ese lenguaje en la mejor jugada colectiva del Mundial: el segundo gol contra Francia, con asociaci\u00f3n, ritmo, cumbia, tango, cr\u00f3nica, belleza, felicidad y protesta.<\/p>\n\n\n\n<p>Un ensayo cl\u00e1sico de la cultura cr\u00edtica latinoamericana,&nbsp;<em>Caliban<\/em>, de Roberto Fern\u00e1ndez Retamar, comienza cuestionando a Domingo Faustino Sarmiento y la pregunta: \u201c\u00bfExisten ustedes los latinoamericanos?\u201d Siete d\u00e9cadas despu\u00e9s, el Mundial de Qatar sigue respondiendo la pregunta.<\/p>\n\n\n\n<figure class=\"wp-block-image\"><img decoding=\"async\" src=\"https:\/\/oncubanews.com\/wp-content\/uploads\/2022\/12\/mundial-qatar-efe-3.jpg\" alt=\"\" class=\"wp-image-419991\"\/><figcaption>En la ciudad de Rosario, donde naci\u00f3 Messi, se celebra tambi\u00e9n. Foto: EFE\/ Franco Trovato Fuoco.<\/figcaption><\/figure>\n\n\n\n<h3 class=\"wp-block-heading\">\u201cMuchachos, nos volvimo a ilusionar\u201d<\/h3>\n\n\n\n<p>El Mundial se acab\u00f3 y, es verdad, el mundo sigue donde estaba. Hay quien prefiere que las gentes del pueblo no reciban sino hambre, represi\u00f3n y degradaci\u00f3n. La fiesta popular es circo, opio, enajenaci\u00f3n. Para esa l\u00f3gica, es preferible tener a pueblos tristes, fijados en la certeza que jam\u00e1s podr\u00e1n ganar nada.<\/p>\n\n\n\n<p>Pero en este mundial el pueblo argentino, y el pueblo global \u2014desde Bangladesh hasta Jap\u00f3n, pasando por Francia y Marruecos\u2014 gan\u00f3.&nbsp;<\/p>\n\n\n\n<p>Como dijo alguien en redes cuyo nombre he olvidado, frente a tantas promesas \u2014de derecha e izquierda\u2014 que nadie cumple, un grupo compacto de jugadores prometi\u00f3 y cumpli\u00f3. \u201cLa raza es la negaci\u00f3n de la idea de lo com\u00fan\u201d, dice Achille Mbembe, y la raza fue un tema puesto en conversaci\u00f3n por el evento m\u00e1s seguido en com\u00fan en el orbe.<\/p>\n\n\n\n<p>La alegr\u00eda del triunfo en el f\u00fatbol, en un contexto mundial repleto de derrotas, y tambi\u00e9n ante la brutal mercantilizaci\u00f3n global del deporte, recordar\u00e1 c\u00f3mo se siente ganar. Eso, muchachos,&nbsp;<em>que nos volvimo a ilusionar<\/em>.<\/p>\n","protected":false},"excerpt":{"rendered":"<p>Julio C\u00e9sar Guanche Fuente: Rebeli\u00f3n Un Mundial sirve para hinchar, pero tambi\u00e9n para pensar. Lionel Messi y Argentina son campeones del mundo. Su equipo gan\u00f3 la final a la hasta ahora selecci\u00f3n campeona, para levantar la copa por tercera vez en la historia de esa naci\u00f3n sudamericana. Casi hasta el minuto 80 del partido final, [&hellip;]<\/p>\n","protected":false},"author":1,"featured_media":8077,"comment_status":"open","ping_status":"open","sticky":false,"template":"","format":"standard","meta":{"footnotes":""},"categories":[5,3],"tags":[],"_links":{"self":[{"href":"http:\/\/www.movimientocaamanista.com\/index.php?rest_route=\/wp\/v2\/posts\/8076"}],"collection":[{"href":"http:\/\/www.movimientocaamanista.com\/index.php?rest_route=\/wp\/v2\/posts"}],"about":[{"href":"http:\/\/www.movimientocaamanista.com\/index.php?rest_route=\/wp\/v2\/types\/post"}],"author":[{"embeddable":true,"href":"http:\/\/www.movimientocaamanista.com\/index.php?rest_route=\/wp\/v2\/users\/1"}],"replies":[{"embeddable":true,"href":"http:\/\/www.movimientocaamanista.com\/index.php?rest_route=%2Fwp%2Fv2%2Fcomments&post=8076"}],"version-history":[{"count":1,"href":"http:\/\/www.movimientocaamanista.com\/index.php?rest_route=\/wp\/v2\/posts\/8076\/revisions"}],"predecessor-version":[{"id":8078,"href":"http:\/\/www.movimientocaamanista.com\/index.php?rest_route=\/wp\/v2\/posts\/8076\/revisions\/8078"}],"wp:featuredmedia":[{"embeddable":true,"href":"http:\/\/www.movimientocaamanista.com\/index.php?rest_route=\/wp\/v2\/media\/8077"}],"wp:attachment":[{"href":"http:\/\/www.movimientocaamanista.com\/index.php?rest_route=%2Fwp%2Fv2%2Fmedia&parent=8076"}],"wp:term":[{"taxonomy":"category","embeddable":true,"href":"http:\/\/www.movimientocaamanista.com\/index.php?rest_route=%2Fwp%2Fv2%2Fcategories&post=8076"},{"taxonomy":"post_tag","embeddable":true,"href":"http:\/\/www.movimientocaamanista.com\/index.php?rest_route=%2Fwp%2Fv2%2Ftags&post=8076"}],"curies":[{"name":"wp","href":"https:\/\/api.w.org\/{rel}","templated":true}]}}