{"id":811,"date":"2019-12-05T18:31:41","date_gmt":"2019-12-05T18:31:41","guid":{"rendered":"http:\/\/www.movimientocaamanista.com\/?p=811"},"modified":"2019-12-05T18:31:42","modified_gmt":"2019-12-05T18:31:42","slug":"el-pais-se-le-esta-saliendo-de-las-manos-al-presidente-duque","status":"publish","type":"post","link":"http:\/\/www.movimientocaamanista.com\/?p=811","title":{"rendered":"El pa\u00eds se le est\u00e1 saliendo de las manos al presidente Duque"},"content":{"rendered":"\n<p><a href=\"http:\/\/rebelion.org\/noticia.php?id=263122\">Fernando Alexis Jim\u00e9nez<\/a><\/p>\n\n\n\n<p>\nAunque todos los d\u00edas y a toda hora el presidente Duque sale a los \nmedios de comunicaci\u00f3n, principalmente a RCN y Caracol que monopolizan y\n manipulan la opini\u00f3n p\u00fablica, es evidente que sus argumentos no han \ntenido eco en la amplia base popular y el pa\u00eds se le est\u00e1 saliendo de \nlas manos. No de otra manera se explica que las manifestaciones sumen \nm\u00e1s de siete d\u00edas y apunten a proseguir en todas las ciudades. La \nenerg\u00eda para salir a marchar, parece no agotarse.  <\/p>\n\n\n\n<p> El manejo que le \nha dado a las movilizaciones es equivocado. Aviva los \u00e1nimos, m\u00e1s cuando\n se trata de deslegitimar las razones que alimentan las manifestaciones \nque congregan a obreros, campesinos, ind\u00edgenas y estudiantes. <\/p>\n\n\n\n<p> \nSi bien es cierto el mandatario acept\u00f3 que hay un clima de inconformidad\n generalizado en muchos sectores, situaci\u00f3n que amerita un an\u00e1lisis \nreposado, est\u00e1 privilegiando a empresarios y pol\u00edticos en lo que ha \ndenominado Di\u00e1logo Nacional. Un embeleco que \u00e9l se invent\u00f3 o que quiz\u00e1 \nle sugiri\u00f3 el senador \u00c1lvaro Uribe, y que ha contribuido a\u00fan m\u00e1s a la \npolarizaci\u00f3n en todo el territorio colombiana. <\/p>\n\n\n\n<p> Antes que buscar\n el muerto r\u00edo arriba, con quienes primerio debi\u00f3 sentarse fue con los \npromotores del paro extendido. Eso se aprende en los principios b\u00e1sicos \nde un diplomado de resoluci\u00f3n de conflictos. No se necesitar ir a los \nEstados Unidos a aprenderlo en Yale o Harvard. Es negociaci\u00f3n elemental \ncon actores del conflicto, pero el presidente Iv\u00e1n Duque lo ha ignorado \nol\u00edmpicamente. <\/p>\n\n\n\n<p><strong> Una barrera al di\u00e1logo <\/strong><\/p>\n\n\n\n<p> \nDesconocer que las causas del paro extendido deben ser objeto de \nan\u00e1lisis, el tiempo que sea necesario y no en cuesti\u00f3n de horas, no hace\n otra cosa que levantar barreras y bloquear cualquier prop\u00f3sito de \ntender un puente al di\u00e1logo. <\/p>\n\n\n\n<p> Otro error craso, es pretender \ndeslegitimar a trav\u00e9s de los medios de siempre, los mismos que infinidad\n de colombianos ya no quiere ver ni o\u00edr porque sabe que son sesgados, \nlas razones que alimentan las movilizaciones, cada vez m\u00e1s grandes. <\/p>\n\n\n\n<p>\n Desprestigiar, al contrario, es una actitud provocadora. Pero no lo han\n entendido as\u00ed ni \u00e9l ni la ministra del Trabajo, Alicia Arango. El que \ns\u00ed se encuentra alejado del escenario nacional, es el nunca apreciado \nministro de Hacienda, Tom\u00e1s Carrasquilla, uno de los que encendi\u00f3 la \nmecha y se encuentra, desde la barrera, viendo c\u00f3mo explota el \ndescontento popular. <\/p>\n\n\n\n<p> En tanto sigan asumiendo esa actitud tozuda, proseguir\u00e1n las marchas, plantones y cacerolazos. <\/p>\n\n\n\n<p> Cabe aqu\u00ed recordar al arzobispo salvadore\u00f1o, Oscar Arnulfo Romero Gald\u00e1mez, cuando dec\u00eda: \u201c<em>Cuando el pueblo habla, hay que escucharlo<\/em>.\u201d <\/p>\n\n\n\n<p><strong> Una agenda impuesta <\/strong><\/p>\n\n\n\n<p>\n La agenda del pretendido Di\u00e1logo Nacional la impuso el presidente \nDuque, no la concert\u00f3 con nadie. Simplemente sali\u00f3 a los medios a \nplantear en qu\u00e9 consist\u00eda este espacio, exponiendo los ejes tem\u00e1ticos \nque desconocen los reales motivos de la protesta social. Y abre puertas a\n escuchar a quienes, interesados en secundarlo y echarle incienso, se \nconsideran satisfechos. La inmensa mayor\u00eda de los colombianos no lo \nest\u00e1. <\/p>\n\n\n\n<p> Revisar los principales detonantes de la movilizaci\u00f3n, \ncon una actitud desapasionada de recomponer lo que el presidente Duque \nha trazado como agenda, llevar\u00eda a reconfigurar la ruta y abrir espacios\n para contemplar temas como la tenencia de tierras para los ind\u00edgenas, \nla definici\u00f3n de un nuevo estatuto laboral que realmente sea inclusivo y\n el desmonte del Esmad como aparato represivo, entre otros. <\/p>\n\n\n\n<p><strong> Una sola mesa de di\u00e1logo <\/strong><\/p>\n\n\n\n<p>\n El comando unitario de paro marc\u00f3 el derrotero a seguir. Pero en el \ncamino se han ido sumando otros sectores con expectativas que deben ser \nrecogidas en un solo documento que consigne sus requerimientos. <\/p>\n\n\n\n<p>\n No va a ser f\u00e1cil, porque toca conciliar con muchos egos, pero es \nnecesario para que el presidente Duque pueda sentarse con una mesa de \ndi\u00e1logo unificada, en la que tengan representatividad todas las \nexpresiones populares. <\/p>\n\n\n\n<p> De la perspectiva del gobierno nacional \ndepende que cesen las marchas, plantones o cacerolazos o que, por el \ncontrario, se prolonguen. Y en ese escenario, tanto el presidente como \ncongresistas y quienes han asumido hist\u00f3ricamente el manejo nacional, \ntienen la palabra. De lo contrario, el pa\u00eds se les saldr\u00e1 de las manos y\n nos encaminaremos a un panorama de alzamiento como el de Ecuador o \nChile. <\/p>\n","protected":false},"excerpt":{"rendered":"<p>Fernando Alexis Jim\u00e9nez Aunque todos los d\u00edas y a toda hora el presidente Duque sale a los medios de comunicaci\u00f3n, principalmente a RCN y Caracol que monopolizan y manipulan la opini\u00f3n p\u00fablica, es evidente que sus argumentos no han tenido eco en la amplia base popular y el pa\u00eds se le est\u00e1 saliendo de las [&hellip;]<\/p>\n","protected":false},"author":1,"featured_media":768,"comment_status":"open","ping_status":"open","sticky":false,"template":"","format":"standard","meta":{"footnotes":""},"categories":[5,3],"tags":[],"_links":{"self":[{"href":"http:\/\/www.movimientocaamanista.com\/index.php?rest_route=\/wp\/v2\/posts\/811"}],"collection":[{"href":"http:\/\/www.movimientocaamanista.com\/index.php?rest_route=\/wp\/v2\/posts"}],"about":[{"href":"http:\/\/www.movimientocaamanista.com\/index.php?rest_route=\/wp\/v2\/types\/post"}],"author":[{"embeddable":true,"href":"http:\/\/www.movimientocaamanista.com\/index.php?rest_route=\/wp\/v2\/users\/1"}],"replies":[{"embeddable":true,"href":"http:\/\/www.movimientocaamanista.com\/index.php?rest_route=%2Fwp%2Fv2%2Fcomments&post=811"}],"version-history":[{"count":1,"href":"http:\/\/www.movimientocaamanista.com\/index.php?rest_route=\/wp\/v2\/posts\/811\/revisions"}],"predecessor-version":[{"id":812,"href":"http:\/\/www.movimientocaamanista.com\/index.php?rest_route=\/wp\/v2\/posts\/811\/revisions\/812"}],"wp:featuredmedia":[{"embeddable":true,"href":"http:\/\/www.movimientocaamanista.com\/index.php?rest_route=\/wp\/v2\/media\/768"}],"wp:attachment":[{"href":"http:\/\/www.movimientocaamanista.com\/index.php?rest_route=%2Fwp%2Fv2%2Fmedia&parent=811"}],"wp:term":[{"taxonomy":"category","embeddable":true,"href":"http:\/\/www.movimientocaamanista.com\/index.php?rest_route=%2Fwp%2Fv2%2Fcategories&post=811"},{"taxonomy":"post_tag","embeddable":true,"href":"http:\/\/www.movimientocaamanista.com\/index.php?rest_route=%2Fwp%2Fv2%2Ftags&post=811"}],"curies":[{"name":"wp","href":"https:\/\/api.w.org\/{rel}","templated":true}]}}