{"id":8199,"date":"2023-01-16T10:25:57","date_gmt":"2023-01-16T10:25:57","guid":{"rendered":"http:\/\/www.movimientocaamanista.com\/?p=8199"},"modified":"2023-01-16T10:26:00","modified_gmt":"2023-01-16T10:26:00","slug":"verse-en-el-espejo-de-brasil","status":"publish","type":"post","link":"http:\/\/www.movimientocaamanista.com\/?p=8199","title":{"rendered":"VERSE EN EL ESPEJO DE BRASIL"},"content":{"rendered":"\n<p>Narciso Isa Conde<\/p>\n\n\n\n<p><em>\u201cAs\u00ed rebrota el neofascismo actual como engendro de la din\u00e1mica perversa del capital y  de su crisis  m\u00faltiple e integral, estrechamente relacionada con su declive como sistema de dominaci\u00f3n.\u201d<\/em><\/p>\n\n\n\n<p>En la medida que el sistema capitalista-imperialista occidental se torna m\u00e1s insostenible social y ambientalmente\u2026en la medida se desacreditan sus agentes pol\u00edticos durante su ejercicio como partidocracia estatal-gubernamental\u2026 <\/p>\n\n\n\n<p>En la medida que las brutales desigualdades socioecon\u00f3micas evidencian la responsabilidad de las elites capitalistas en los procesos de empobrecimiento de la humanidad y el planeta\u2026<\/p>\n\n\n\n<p>En la medida la contrapartida popular cargada de indignaci\u00f3n y expresada en rebeld\u00edas pol\u00edtico-sociales se traducen en recurrentes crisis de gobernabilidad\u2026.en la medida todo eso expresa en una multi-crisis cr\u00f3nica y una fuerte tendencia a la decadencia de la civilizaci\u00f3n burguesa y la p\u00e9rdida de hegemon\u00eda de EEUU\u2026<\/p>\n\n\n\n<p><strong>\u2022 Agresividad, degradaci\u00f3n y endurecimiento.<\/strong><\/p>\n\n\n\n<p>En esa misma medida el capitalismo y sus promotores m\u00e1s sist\u00e9micos y voraces  imponen y endurecen la recolonizaci\u00f3n neoliberal, derechizan el abanico partidista, sobre-explotan, excluyen, y saquean con m\u00e1s intensidad. <br> Se gansterizan y pentagonizan, y recurren- dentro de su esquema de guerra global infinita- a las nuevas guerras de reconquista,  a la violencia y al despotismo. <\/p>\n\n\n\n<p>Colocan, adem\u00e1s, en lugar relevante de su agenda los fundamentalismos religiosos y la cultura patriarcal-machista.<\/p>\n\n\n\n<p>Reprueban la libertad de opci\u00f3n sexual y se recrudece la homofobia.<br>Refuerzan la dictadura  del adulto var\u00f3n contra ni\u00f1os\/as, adolescentes, j\u00f3venes y adultos mayores;  y optan apasionadamente por la supremac\u00eda blanca, coloniaje, racismo y xenofobia. <\/p>\n\n\n\n<p>En ese contexto amalgaman todo esto con la pol\u00edtica y la comunicaci\u00f3n alienante\u2026<\/p>\n\n\n\n<p><strong>\u2022 Neofascismo del siglo XXI y alternativa.<\/strong><\/p>\n\n\n\n<p>Y as\u00ed rebrota el neofascismo actual como engendro de la din\u00e1mica perversa del capital y  de su crisis  m\u00faltiple e integral, estrechamente relacionada con su declive como sistema de dominaci\u00f3n. <\/p>\n\n\n\n<p>Un fen\u00f3meno global que sigue creciendo en tanto expresi\u00f3n de la decadencia agresiva de un prolongado reinado, el cual se est\u00e1 degradando y debilitando, con brotes de masas fanatizadas e   irrupciones coyunturales muy violentas, entre otros pa\u00edses, en EEUU, Per\u00fa, Brasil y Europa Occidental.<\/p>\n\n\n\n<p>Un fen\u00f3meno de actualidad que se expande dada las debilidades esenciales de sus contrapartidas pol\u00edticas. <\/p>\n\n\n\n<p>El  reciente revent\u00f3n violento de ese fen\u00f3meno  en Brasil, en ocasi\u00f3n de la victoria de Lula y del PT, prendi\u00f3 las alarmas. Obligatoriamente hay que verse en ese espejo: hasta  promotores de los diversos componentes de la ideolog\u00eda neofascista, en actitud de suprema hipocres\u00eda, han tenido que distanciarse de esos hechos y condenarlos.<\/p>\n\n\n\n<p>Ese engendro neo-fascista est\u00e1 presente en toda la regi\u00f3n latino-caribe\u00f1a, sin excluir nuestra Rep\u00fablica Dominicana, donde el racismo anti haitiano impregna gran parte sistema de partidos y gobierno, y donde el dogma religioso se funde con el Estado, con la gesti\u00f3n pol\u00edtica cotidiana (incluida la del presidente Luis Abinader), con los procesos educativos p\u00fablicos y privados, y gran parte de la  producci\u00f3n medi\u00e1tica-propagand\u00edstica, augurando densos nubarrones.<\/p>\n\n\n\n<p>Los violentos acontecimientos de Brasil, al tornarse tan grotescos y afines a una conjura golpista, ha puesto en apuros a las fuerzas ultraconservadoras que est\u00e1n transitando por caminos facistoides; vi\u00e9ndose obligadas en consecuencia a distanciarse formalmente de los protagonistas de los mismos, dado el enorme repudio que han concitado el neofascismo brasile\u00f1o a nivel continental.<\/p>\n\n\n\n<p>Aqu\u00ed  no ha faltado el despliegue de simulaciones o de silencios en casi todo el espectro conservador y en casi todos los sembradores de odio neofascista, con sede en el Palacio Nacional, Congreso, c\u00fapulas partidistas, eclesiales y empresariales. <\/p>\n\n\n\n<p>Bolsonaristas y trumpistas vergonzantes aparecen condenando o evadiendo el apoyo a sus modelos y referentes. Se\u00f1al de una pusilanimidad que los condena a la derrota.<\/p>\n\n\n\n<p>La lecci\u00f3n brasile\u00f1a, como la masacre en Per\u00fa a cargo de fuerzas parecidas, no dejan dudas de que el tema  no puede ser descuidado por m\u00e1s tiempo. <\/p>\n\n\n\n<p>Dejar que avance y logre manipular  una parte significativa de las sociedades, sin atacar sus ra\u00edces ideol\u00f3gicas y aislar sus cabezas, tiene un enorme costo pol\u00edtico.<\/p>\n\n\n\n<p>Por tanto, el curso actual de la crisis global y sus tr\u00e1gicas derivadas  imponen la necesidad librar una batalla de ideas de alto calibre que posibilite desmontar las fuentes  que nutren y permiten potenciar el pensamiento neofascista y sus bases culturales de larga tradici\u00f3n; incorporadas al quehacer pol\u00edtico cotidiano de los diversos agentes de una dominaci\u00f3n capitalista significativamente agrietada por la peor crisis de su historia. <\/p>\n\n\n\n<p>Existen aportaciones te\u00f3ricas y dise\u00f1os de pol\u00edticas p\u00fablicas capaces de erosionar el conjunto alienaciones hist\u00f3ricas derivadas incluso de formaciones econ\u00f3micas-sociales anteriores,  a las que desesperadamente est\u00e1s apelando el sistema capitalista-imperialista occidental y fuerzas asociadas, para  prolongar a cualquier precio su maltrecho reinado. \u00a1No hay razones para vacilar!<\/p>\n\n\n\n<p>En perspectiva la alternativa deber\u00e1 ser definidamente antiimperialista, anticapitalista, feminista, ecol\u00f3gica, laica, anti-racista\u2026 o ser\u00e1 frustrada por el avance del fascismo en expansi\u00f3n.<\/p>\n\n\n\n<p>Y si  a la suma de esos factores adversos y discriminaciones cooptadas se le suman a una opresi\u00f3n clasista cada vez m\u00e1s desp\u00f3tica, el producto no es otro que un nuevo fascismo propio de la postmodernidad y con aliento digital mercadol\u00f3gico; y necesariamente  la alternativa que lo liquide equivale a un nuevo socialismo, fruto de una ruptura y una nueva creaci\u00f3n a cargo de todas las rebeld\u00edas contra todas las opresiones.<\/p>\n","protected":false},"excerpt":{"rendered":"<p>Narciso Isa Conde \u201cAs\u00ed rebrota el neofascismo actual como engendro de la din\u00e1mica perversa del capital y de su crisis m\u00faltiple e integral, estrechamente relacionada con su declive como sistema de dominaci\u00f3n.\u201d En la medida que el sistema capitalista-imperialista occidental se torna m\u00e1s insostenible social y ambientalmente\u2026en la medida se desacreditan sus agentes pol\u00edticos durante [&hellip;]<\/p>\n","protected":false},"author":1,"featured_media":8200,"comment_status":"open","ping_status":"open","sticky":false,"template":"","format":"standard","meta":{"footnotes":""},"categories":[5,16],"tags":[],"_links":{"self":[{"href":"http:\/\/www.movimientocaamanista.com\/index.php?rest_route=\/wp\/v2\/posts\/8199"}],"collection":[{"href":"http:\/\/www.movimientocaamanista.com\/index.php?rest_route=\/wp\/v2\/posts"}],"about":[{"href":"http:\/\/www.movimientocaamanista.com\/index.php?rest_route=\/wp\/v2\/types\/post"}],"author":[{"embeddable":true,"href":"http:\/\/www.movimientocaamanista.com\/index.php?rest_route=\/wp\/v2\/users\/1"}],"replies":[{"embeddable":true,"href":"http:\/\/www.movimientocaamanista.com\/index.php?rest_route=%2Fwp%2Fv2%2Fcomments&post=8199"}],"version-history":[{"count":1,"href":"http:\/\/www.movimientocaamanista.com\/index.php?rest_route=\/wp\/v2\/posts\/8199\/revisions"}],"predecessor-version":[{"id":8201,"href":"http:\/\/www.movimientocaamanista.com\/index.php?rest_route=\/wp\/v2\/posts\/8199\/revisions\/8201"}],"wp:featuredmedia":[{"embeddable":true,"href":"http:\/\/www.movimientocaamanista.com\/index.php?rest_route=\/wp\/v2\/media\/8200"}],"wp:attachment":[{"href":"http:\/\/www.movimientocaamanista.com\/index.php?rest_route=%2Fwp%2Fv2%2Fmedia&parent=8199"}],"wp:term":[{"taxonomy":"category","embeddable":true,"href":"http:\/\/www.movimientocaamanista.com\/index.php?rest_route=%2Fwp%2Fv2%2Fcategories&post=8199"},{"taxonomy":"post_tag","embeddable":true,"href":"http:\/\/www.movimientocaamanista.com\/index.php?rest_route=%2Fwp%2Fv2%2Ftags&post=8199"}],"curies":[{"name":"wp","href":"https:\/\/api.w.org\/{rel}","templated":true}]}}