{"id":8229,"date":"2023-01-25T02:39:30","date_gmt":"2023-01-25T02:39:30","guid":{"rendered":"http:\/\/www.movimientocaamanista.com\/?p=8229"},"modified":"2023-01-25T02:39:32","modified_gmt":"2023-01-25T02:39:32","slug":"sociedades-cientificas-aconsejan-minimizar-la-contaminacion-electromagnetica-del-uso-del-movil","status":"publish","type":"post","link":"http:\/\/www.movimientocaamanista.com\/?p=8229","title":{"rendered":"Sociedades cient\u00edficas aconsejan minimizar la contaminaci\u00f3n electromagn\u00e9tica del uso del m\u00f3vil"},"content":{"rendered":"\n<p>Fuente: <a href=\"https:\/\/rebelion.org\/sociedades-cientificas-aconsejan-minimizar-la-contaminacion-electromagnetica-del-uso-del-movil\/\">Rebeli\u00f3n<\/a><\/p>\n\n\n\n<p><strong>\u2013 Ecologistas en Acci\u00f3n se hace eco de los nuevos consejos proteccionistas de uso de la telefon\u00eda m\u00f3vil de la Sociedad Espa\u00f1ola de Protecci\u00f3n Radiol\u00f3gica (SEPR), para minimizar la exposici\u00f3n a emisiones electromagn\u00e9ticas.<\/strong><\/p>\n\n\n\n<p><strong>\u2013 Seg\u00fan la SEPR, la mayor\u00eda de voces expertas recomiendan mantener una actitud prudente en el uso de los tel\u00e9fonos m\u00f3viles, principalmente, pero no solo, por parte de los menores y de personas potencialmente vulnerables.<\/strong><\/p>\n\n\n\n<p><strong>\u2013 La&nbsp; organizaci\u00f3n ecologista solicita a las&nbsp; administraciones sanitarias y educativas&nbsp; difundir estos&nbsp; consejos que coinciden y se complementan con los dados por otras sociedades cient\u00edficas de radioprotecci\u00f3n, agencias sanitarias gubernamentales de diferentes pa\u00edses y colegios m\u00e9dicos europeos.<\/strong><\/p>\n\n\n\n<p>La SEPR, secci\u00f3n espa\u00f1ola de la IRPA (Asociaci\u00f3n Internacional de Protecci\u00f3n Radiol\u00f3gica), se\u00f1ala en sus<strong>&nbsp;<a href=\"https:\/\/escuelasaludable.org\/wp-content\/uploads\/2021\/11\/SEPR-10-estrategias-simples-para-minimizar-su-exposicion-a-las-emisiones-electromagneticas-del-telefono-movil.20222.pdf\">consejos<\/a><\/strong>&nbsp;que los m\u00f3viles \u201cpodr\u00edan tener efectos no deseados en algunas personas debido a la exposici\u00f3n a la radiaci\u00f3n electromagn\u00e9tica\u201d. Reconoce que los l\u00edmites normativos de exposici\u00f3n actuales no atienden a los indicios de efectos nocivos potenciales en personas sensibles o vulnerables, en \u201cexposici\u00f3n prolongada o repetida a intensidades subt\u00e9rmicas\u201d.<\/p>\n\n\n\n<p>Para llegar a esas conclusiones, la SERP alude a la reciente revisi\u00f3n ampliada y actualizada de la evidencia cient\u00edfica, de los riesgos cancer\u00edgenos, reproductivos y del desarrollo, del&nbsp;<a href=\"https:\/\/escuelasaludable.org\/wp-content\/uploads\/2021\/11\/Extract-Health.impact.of_.5G.STOA-2021-es.pdf\">Servicio de Investigaci\u00f3n del Parlamento Europeo<\/a>&nbsp;(EPRS). Dicha revisi\u00f3n concluye que esas radiaciones \u201cson probablemente cancer\u00edgenas para humanos [\u2026] afectan claramente a la fertilidad masculina y posiblemente afectan a la fertilidad femenina\u201d, as\u00ed como \u201cpueden tener posibles efectos adversos en el desarrollo de embriones, fetos y reci\u00e9n nacidos\u201d.<\/p>\n\n\n\n<p><strong>C\u00f3mo minimizar la contaminaci\u00f3n electromagn\u00e9tica del m\u00f3vil<\/strong><\/p>\n\n\n\n<p>La SEPR aconseja a la poblaci\u00f3n general una serie de medidas, entre otras: no aproximar el tel\u00e9fono a la cabeza (usar altavoz o manos libres, primar mensajes de texto y voz); aproximarlo solo con la conexi\u00f3n establecida y cambiarlo de o\u00eddo; limitar el n\u00famero y duraci\u00f3n de llamadas; evitar el contacto directo del m\u00f3vil con el cuerpo (no llevarlo en el cintur\u00f3n o bolsillos del pantal\u00f3n o camisa); evitar las llamadas telef\u00f3nicas al viajar (tren, autom\u00f3vil); evitar llamadas con mala cobertura (ascensores); ponerlo en modo avi\u00f3n cuando no se vaya a llamar (esto evita el env\u00edo permanente de se\u00f1ales intensas y un consumo energ\u00e9tico innecesario); no usar accesorios y fundas que bloqueen la emisi\u00f3n; alejar el tel\u00e9fono durante el sue\u00f1o&nbsp; o desconectarlo (en modo avi\u00f3n y sin wifi); evitar la exposici\u00f3n a la luz azul (especialmente durante la noche suspender el uso de pantallas al menos una hora antes de acostarse); derivar las llamadas de m\u00f3viles e inal\u00e1mbricos al tel\u00e9fono fijo; llamar a trav\u00e9s del router -dispositivo con cable ethernet-; limitar el env\u00edo y reproducci\u00f3n de archivos grandes (si va a ver una pel\u00edcula en su dispositivo, mejor descargarla previamente y verla en modo avi\u00f3n).<\/p>\n\n\n\n<p>En el caso de ni\u00f1as y ni\u00f1os, la SEPR recuerda su mayor vulnerabilidad potencial y solicita supervisarles y limitarles el uso de tel\u00e9fonos m\u00f3viles. En caso de necesidad, aconseja facilitarles un dispositivo deshabilitado (modo avi\u00f3n, sin wifi, ni Bluetooth) con los contenidos previamente cargados.<\/p>\n\n\n\n<p>Asimismo, remite a recomendaciones de diversas agencias gubernamentales responsables de la protecci\u00f3n de la salud infantil, y organismos como la Academia Estadounidense de Pediatr\u00eda (AAP): \u00abevitar la exposici\u00f3n de los ni\u00f1os a tel\u00e9fonos celulares y otros dispositivos que emiten radiaci\u00f3n electromagn\u00e9tica\u201d y \u201cretrasar el uso de tel\u00e9fonos m\u00f3viles para ni\u00f1os, si es posible hasta la edad de 14 a\u00f1os\u201d.<\/p>\n\n\n\n<p><strong>C\u00f3mo minimizar la contaminaci\u00f3n electromagn\u00e9tica del wifi<\/strong><\/p>\n\n\n\n<p>La SEPR desaconseja permanecer tiempo en la proximidad del router y recomienda apagarlo cuando no se usa. Otras entidades de la IRPA, como las 17 sociedades cient\u00edficas de protecci\u00f3n radiol\u00f3gica iberoamericanas incluidas en la&nbsp;<a href=\"https:\/\/escuelasaludable.org\/wp-content\/uploads\/2021\/11\/Recomendaciones-CIPRACEM-guia-informativa-nov-2021.pdf\">CIPRACEM<\/a>, o agencias estatales como el&nbsp;<a href=\"https:\/\/escuelasaludable.org\/?p=543\">Comit\u00e9 Nacional Ruso de Protecci\u00f3n Contra las Radiaciones No Ionizantes<\/a>, aconsejan primar la conexi\u00f3n por cable (evitando el wifi, especialmente en el \u00e1mbito educativo) e incluso, en el caso de la CIPRACEM, apuestan por un acceso a la conexi\u00f3n por cable en lugares p\u00fablicos, plazas y avenidas (conectores RJ-45).<\/p>\n\n\n\n<p>Los consejos de la SEPR, presentados en el&nbsp;<a href=\"https:\/\/escuelasaludable.org\/wp-content\/uploads\/2021\/11\/4.Congreso.iberoamericano.Magnetobiologia.nov_.2022.b.pdf\">Congreso Iberoamericano de Magnetobiolog\u00eda<\/a>&nbsp;en Madrid (noviembre de 2022), coinciden y se complementan con los de las sociedades cient\u00edficas de radioprotecci\u00f3n mencionadas, colegios m\u00e9dicos europeos (como en la&nbsp;<a href=\"https:\/\/escuelasaludable.org\/wp-content\/uploads\/2022\/01\/Nicosia.Declaration.EMF_.2017.cas_.pdf\">Declaraci\u00f3n de Nikosia<\/a>) y numerosas agencias sanitarias de diferentes pa\u00edses, en la l\u00ednea solicitada por la&nbsp;<a href=\"https:\/\/escuelasaludable.org\/wp-content\/uploads\/2021\/12\/Resolucion.A.P.Consejo.Europa.27.05.11.pdf\">Resoluci\u00f3n 1815 de la Asamblea Parlamentaria del Consejo de Europa<\/a>.<\/p>\n\n\n\n<p>La SEPR indica que \u201clos efectos de las ondas milim\u00e9tricas utilizadas en telefon\u00eda 5G todav\u00eda est\u00e1n poco estudiados\u201d. Ecologistas en Acci\u00f3n expone que, por este motivo, el Servicio de Investigaci\u00f3n del Parlamento Europeo (EPRS) ya solicit\u00f3 en 2021 una moratoria de las Ondas Milim\u00e9tricas del 5G en su&nbsp;<a href=\"https:\/\/escuelasaludable.org\/wp-content\/uploads\/2021\/11\/Extract-Health.impact.of_.5G.STOA-2021-es.pdf\">estudio sobre 5G y salud<\/a>. Asimismo, Julio Carmona,&nbsp; portavoz de la organizaci\u00f3n ecologista, recuerda que dicha propuesta de moratoria est\u00e1 recogida en la Iniciativa&nbsp;<a href=\"https:\/\/www.ecologistasenaccion.org\/194962\/iniciativa-ciudadana-europea-por-una-moratoria-al-5g\/\">Ciudadana Europea STOP 5G<\/a>,&nbsp;<a href=\"https:\/\/escuelasaludable.org\/?p=2665\">desarroll\u00e1ndose actualmente<\/a>, y en&nbsp;<a href=\"https:\/\/escuelasaludable.org\/wp-content\/uploads\/2021\/06\/DECLARACIONES.MORATORIA.5G.2022.png\">mociones municipales<\/a>&nbsp;como la aprobada recientemente en&nbsp;<a href=\"https:\/\/www.ecologistasenaccion.org\/278783\/valdemorillo-a-favor-de-una-moratoria-del-5g\/\">Valdemorillo<\/a>.<\/p>\n\n\n\n<p>Ecologistas en Acci\u00f3n, desde su campa\u00f1a de&nbsp;<a href=\"https:\/\/escuelasaludable.org\/?p=379\">escuela saludable<\/a>, solicita a las distintas administraciones sanitarias y educativas que atiendan a estas alertas y difundan dichos consejos proteccionistas de la SEPR (y aquellos que los complementen) en el \u00e1mbito de los dispositivos inal\u00e1mbricos y electr\u00f3nicos en general. \u201cNecesitamos caminar hacia un uso autorregulado de la tecnolog\u00eda digital que sea sobrio, biocompatible, decrecentista, anticonsumista, cr\u00edtico y \u00e9tico\u201d, concluye Carmona.<\/p>\n","protected":false},"excerpt":{"rendered":"<p>Fuente: Rebeli\u00f3n \u2013 Ecologistas en Acci\u00f3n se hace eco de los nuevos consejos proteccionistas de uso de la telefon\u00eda m\u00f3vil de la Sociedad Espa\u00f1ola de Protecci\u00f3n Radiol\u00f3gica (SEPR), para minimizar la exposici\u00f3n a emisiones electromagn\u00e9ticas. \u2013 Seg\u00fan la SEPR, la mayor\u00eda de voces expertas recomiendan mantener una actitud prudente en el uso de los tel\u00e9fonos [&hellip;]<\/p>\n","protected":false},"author":1,"featured_media":8230,"comment_status":"open","ping_status":"open","sticky":false,"template":"","format":"standard","meta":{"footnotes":""},"categories":[4],"tags":[],"_links":{"self":[{"href":"http:\/\/www.movimientocaamanista.com\/index.php?rest_route=\/wp\/v2\/posts\/8229"}],"collection":[{"href":"http:\/\/www.movimientocaamanista.com\/index.php?rest_route=\/wp\/v2\/posts"}],"about":[{"href":"http:\/\/www.movimientocaamanista.com\/index.php?rest_route=\/wp\/v2\/types\/post"}],"author":[{"embeddable":true,"href":"http:\/\/www.movimientocaamanista.com\/index.php?rest_route=\/wp\/v2\/users\/1"}],"replies":[{"embeddable":true,"href":"http:\/\/www.movimientocaamanista.com\/index.php?rest_route=%2Fwp%2Fv2%2Fcomments&post=8229"}],"version-history":[{"count":1,"href":"http:\/\/www.movimientocaamanista.com\/index.php?rest_route=\/wp\/v2\/posts\/8229\/revisions"}],"predecessor-version":[{"id":8231,"href":"http:\/\/www.movimientocaamanista.com\/index.php?rest_route=\/wp\/v2\/posts\/8229\/revisions\/8231"}],"wp:featuredmedia":[{"embeddable":true,"href":"http:\/\/www.movimientocaamanista.com\/index.php?rest_route=\/wp\/v2\/media\/8230"}],"wp:attachment":[{"href":"http:\/\/www.movimientocaamanista.com\/index.php?rest_route=%2Fwp%2Fv2%2Fmedia&parent=8229"}],"wp:term":[{"taxonomy":"category","embeddable":true,"href":"http:\/\/www.movimientocaamanista.com\/index.php?rest_route=%2Fwp%2Fv2%2Fcategories&post=8229"},{"taxonomy":"post_tag","embeddable":true,"href":"http:\/\/www.movimientocaamanista.com\/index.php?rest_route=%2Fwp%2Fv2%2Ftags&post=8229"}],"curies":[{"name":"wp","href":"https:\/\/api.w.org\/{rel}","templated":true}]}}