{"id":8240,"date":"2023-01-25T02:57:49","date_gmt":"2023-01-25T02:57:49","guid":{"rendered":"http:\/\/www.movimientocaamanista.com\/?p=8240"},"modified":"2023-01-25T02:57:51","modified_gmt":"2023-01-25T02:57:51","slug":"cuando-bajan-de-los-cerros","status":"publish","type":"post","link":"http:\/\/www.movimientocaamanista.com\/?p=8240","title":{"rendered":"Cuando bajan de los cerros"},"content":{"rendered":"\n<p>Guido Leonardo Croxatto<\/p>\n\n\n\n<p>Fuente: <a href=\"https:\/\/rebelion.org\/bajan-de-los-cerros\/\">Rebeli\u00f3n<\/a><\/p>\n\n\n\n<p>\u00ab\u00bfQu\u00e9 ideal, hermano C\u00e1mac, inspira a nuestros dominadores y tiranos que consideran a cholos e indios de la costa y de la sierra como a bestias, y miran y oyen, a veces, desde lejos y con asco, su m\u00fasica y sus danzas en las que nuestra patria se expresa tal cual es en su grandeza y su ternura?\u00bb -Jos\u00e9 Mar\u00eda Arguedas, \u00abEl Sexto\u00bb<\/p>\n\n\n\n<p>\u201cHay que evitar que los terroristas lleguen a Lima\u201d, se escucha decir a dirigentes del oficialismo y la prensa conservadora.&nbsp;<strong>Los \u201cterroristas\u201d son campesinos y trabajadores humildes (como la empleada dom\u00e9stica asesinada en Puno) que se sienten estafados con la prisi\u00f3n \u201cpreventiva\u201d de Castillo.<\/strong>&nbsp;En muchas provincias peruanas las fiscal\u00edas especializadas en derechos humanos han pasado a ser fiscal\u00edas antiterrorismo.<\/p>\n\n\n\n<p>Han sido asesinadas ya en Per\u00fa sesenta personas, todas de sectores humildes que sal\u00edan a protestar y a reclamar la renuncia de la presidenta. El gobierno se ha mostrado indiferente ante el caos y no ha dicho una sola palabra.&nbsp;<strong>Los gobiernos de Am\u00e9rica Latina tampoco parecen advertir la magnitud de la tragedia.&nbsp;<\/strong>La polic\u00eda corta los caminos para que los \u201ccholos\u201d (los indios) no puedan llegar a Lima. Para que no \u201cbajen\u201d a la ciudad.&nbsp;<\/p>\n\n\n\n<p>Desde que asumi\u00f3 Castillo, un maestro humilde, como quienes hoy salen a protestar en el sur del pa\u00eds, fue asediado por los medios. Castillo cort\u00f3 apenas asumi\u00f3 el gobierno la pauta oficial en la prensa peruana. Los medios hegem\u00f3nicos (Grupo&nbsp;<em>El Comercio,&nbsp;<\/em>due\u00f1o de&nbsp;<em>Per\u00fa 21,&nbsp;<\/em>o&nbsp;<em>La Rep\u00fablica<\/em>) dejaron de recibir financiamiento. Desde ese momento, y al un\u00edsono, todos los medios se dedicaron a atacarlo sin pausa.<\/p>\n\n\n\n<p>Ning\u00fan presidente en la historia de Per\u00fa fue requisado la cantidad de veces que Castillo, a ninguno se le pidi\u00f3 la entrega de las c\u00e1maras del Palacio de Gobierno (la casa de Pizarro) como a Castillo. La aristocracia lime\u00f1a, centralista y racista como pocas, no pod\u00eda tolerar a un maestro rural (a un \u201ccholo\u201d) de presidente. Esto no exime a Castillo de sus errores (ni las defecciones internas que ha padecido su gabinete, como la de la misma Boluarte, que hasta ayer nom\u00e1s era leal y de izquierda y repentinamente lidera un gobierno asesino). Pero explica el por qu\u00e9 de su destituci\u00f3n. No son sus errores (ning\u00fan presidente peruano tom\u00f3 alguna de sus medidas m\u00e1s importantes, como fue el caso de Lugo o de Dilma Rouseff, ambos destituidos de forma irregular y sucedidos por gobernantes corruptos, que han perseguido a la oposici\u00f3n, encarcelando a Lula, por ejemplo) sino su identidad cultural la que explica que hoy Castillo est\u00e9 preso. Y esa identidad, esa marginalidad, es la que explica las protestas en las calles.&nbsp;<\/p>\n\n\n\n<p>No es raro escuchar que en Per\u00fa se responzabiliza a Evo Morales de las muertes. En Puno, la regi\u00f3n donde m\u00e1s asesinatos hubo, se quiso destituir al rector de una universidad p\u00fablica que hab\u00eda reconocido a Evo Morales, que reivindica la naci\u00f3n Aymara, con un t\u00edtulo acad\u00e9mico.<\/p>\n\n\n\n<p>Nuevamente,&nbsp;el problema son los \u201cindios\u201d&nbsp;(incultos, con su \u201chedor\u201d desagradable frente la civilizaci\u00f3n prolija que huele \u201cbien\u201d, como ironiza Kusch en&nbsp;<em>Am\u00e9rica Profunda<\/em>) que bajan de los cerros y de los pueblos \u201cj\u00f3venes\u201d (eufemismo que se emplea para no hablar de las villas miseria).<\/p>\n\n\n\n<p>Los que reclaman en Per\u00fa son campesinos, estudiantes y trabajadores empobrecidos, como en Arequipa, todos del cono norte, proletario. De la ciudad pudiente, cuyo centro hist\u00f3rico no registraba aun muertos, como en Puno o Ayacucho (regi\u00f3n c\u00e9lebre por los artistas populares que se expresan a trav\u00e9s de retablos), de donde provienen los movimientos de izquierda. Los retablos de Ayacucho suelen expresar movimientos combativos. En Ayacucho ha habido decenas de muertos. La polic\u00eda no improvisa. No hay muertos en Lima ni en Arequipa. La polic\u00eda sabe bien donde ir a matar.&nbsp;<\/p>\n\n\n\n<p>Mientras mueren peruanos, se escucha decir a la presidenta que es hora de encarar \u201clas grandes reformas que el pa\u00eds necesita\u201d. Los muertos no comparten su idea: la acusan de usurpar el poder y pactar su gobierno con los sectores m\u00e1s reaccionarios de Lima, que son quienes la sostienen. Los pueblos campesinos, las mujeres altoandinas, reclaman otra cosa muy distinta: una nueva constituci\u00f3n que finalmente los exprese. Que los reconozca.&nbsp;<\/p>\n\n\n\n<p>A quienes desde el Congreso reclaman por las muertes y piden la renuncia de Boluarte, se los tilda, como a Sigrid Baz\u00e1n, de \u201cazuzadores\u201d. Cuando la propia polic\u00eda organiza en los barrios m\u00e1s pudientes de Lima \u201cmarchas por la paz\u201d, luego de asesinar a sesenta peruanos sin inmutarse, nadie habla de \u201cazuzadores\u201d.&nbsp;Ha habido asesinatos a corta distancia, rompiendo cualquier \u201cprotocolo\u201d. Ha habido francotiradores en Puno. Se pueden ver videos de mujeres rogando a los gritos que paren de disparar: \u201cMiserables, no disparen\u201d, se escucha decir, entre ruegos y llantos, a varias mujeres.<\/p>\n\n\n\n<p>Es notable el silencio de la progres\u00eda latinoamericana. No es momento para quedarse callado. En Brasil hubo un intento de golpe de Estado sin muertos. En Per\u00fa ya van sesenta muertos producto de una destituci\u00f3n ilegitima y un gobierno de facto que reprime a su pueblo. La OEA no ha tenido en este caso la premura que ha sabido tener en otros.&nbsp;<\/p>\n\n\n\n<p>Se puede ver a la polic\u00eda rodeando edificios sin orden de allanamiento. Se suspenden a diario eventos culturales en los que exponen canta autores de izquierda.&nbsp;La polic\u00eda \u201cdescubre\u201d libros de Marx y de Lenin en determinados departamentos, empleando esos libros como \u201cprueba\u201d de \u201cterrorismo\u201d. Se deslegitiman las protestas con el tipo de \u201cdisturbios\u201d, muchos de ellos generados, como en el c\u00e9lebre caso del asalto al Banco de la Naci\u00f3n (julio del 2000,&nbsp;en la \u00abMarcha de los cuatro suyos\u00bb, antigua divisi\u00f3n del incanato), desde el propio poder: por la misma polic\u00eda, para desdibujar el reclamo pac\u00edfico pero firme del pueblo peruano.<\/p>\n\n\n\n<p>As\u00ed cay\u00f3 la dictadura genocida de Fujimori: cuando despu\u00e9s de una marcha se prueba que el incendio del Banco de la Naci\u00f3n no fue de quienes protestaban, sino por infiltrados del propio gobierno. Las similitudes con la situaci\u00f3n actual son estridentes. El gobierno se esfuerza por deslegitimar a los cholos diciendo que son \u201cterroristas\u201d pero su reclamo es pac\u00edfico, aunque firme y claro: renuncia del gobierno, nueva constituci\u00f3n, asamblea constituyente. Construir una naci\u00f3n pluri\u00e9tnica, como en Bolivia y como se ped\u00eda en Chile (donde tambi\u00e9n se acusa de terroristas a los pueblos originarios y no a quienes los han asesinado y desplazado hist\u00f3ricamente de su tierra, impidi\u00e9ndoles incluso hablar su lengua). Ese es el camino de los pueblos hermanos de Am\u00e9rica Latina.<\/p>\n\n\n\n<p>La reacci\u00f3n represiva no puede ser tolerada. Est\u00e1n asesinando a los hermanos peruanos. Nuestros pueblos est\u00e1n defendiendo su dignidad. Quieren hablar su lengua. Quieren constituciones que los representen. No (jueces, dirigencias, ni legislaciones) que los repriman. Quieren algo que nuestros gobiernos no les han sabido brindar. Por eso salen a la calle.&nbsp;\u00abCuando los cerros bajan\u00bb&nbsp;es el t\u00edtulo de una canci\u00f3n chicha (Cuando Chacal\u00f3n canta, los cerros bajan) que expresa el alma del pueblo peruano. Como las novelas indigenistas de Arguedas o la poes\u00eda de Mariano Melgar (poeta e independista peruano, arequipe\u00f1o), los \u201ccholos\u201d est\u00e1n marcando un camino que aun nuestros Estados centralistas, racistas, coloniales y euroc\u00e9ntricos, no logran divisar. La crisis social es m\u00e1s profunda de lo que parece. No es \u201cpol\u00edtica\u201d ni es econ\u00f3mica. Es una reivindicaci\u00f3n cultural de pueblos hist\u00f3ricamente silenciados y negados que han resuelto en Bolivia, Chile, o Per\u00fa, salir a la calle. \u201cBajar\u201d de los cerros.&nbsp;<\/p>\n","protected":false},"excerpt":{"rendered":"<p>Guido Leonardo Croxatto Fuente: Rebeli\u00f3n \u00ab\u00bfQu\u00e9 ideal, hermano C\u00e1mac, inspira a nuestros dominadores y tiranos que consideran a cholos e indios de la costa y de la sierra como a bestias, y miran y oyen, a veces, desde lejos y con asco, su m\u00fasica y sus danzas en las que nuestra patria se expresa tal [&hellip;]<\/p>\n","protected":false},"author":1,"featured_media":8021,"comment_status":"open","ping_status":"open","sticky":false,"template":"","format":"standard","meta":{"footnotes":""},"categories":[5,3],"tags":[],"_links":{"self":[{"href":"http:\/\/www.movimientocaamanista.com\/index.php?rest_route=\/wp\/v2\/posts\/8240"}],"collection":[{"href":"http:\/\/www.movimientocaamanista.com\/index.php?rest_route=\/wp\/v2\/posts"}],"about":[{"href":"http:\/\/www.movimientocaamanista.com\/index.php?rest_route=\/wp\/v2\/types\/post"}],"author":[{"embeddable":true,"href":"http:\/\/www.movimientocaamanista.com\/index.php?rest_route=\/wp\/v2\/users\/1"}],"replies":[{"embeddable":true,"href":"http:\/\/www.movimientocaamanista.com\/index.php?rest_route=%2Fwp%2Fv2%2Fcomments&post=8240"}],"version-history":[{"count":1,"href":"http:\/\/www.movimientocaamanista.com\/index.php?rest_route=\/wp\/v2\/posts\/8240\/revisions"}],"predecessor-version":[{"id":8241,"href":"http:\/\/www.movimientocaamanista.com\/index.php?rest_route=\/wp\/v2\/posts\/8240\/revisions\/8241"}],"wp:featuredmedia":[{"embeddable":true,"href":"http:\/\/www.movimientocaamanista.com\/index.php?rest_route=\/wp\/v2\/media\/8021"}],"wp:attachment":[{"href":"http:\/\/www.movimientocaamanista.com\/index.php?rest_route=%2Fwp%2Fv2%2Fmedia&parent=8240"}],"wp:term":[{"taxonomy":"category","embeddable":true,"href":"http:\/\/www.movimientocaamanista.com\/index.php?rest_route=%2Fwp%2Fv2%2Fcategories&post=8240"},{"taxonomy":"post_tag","embeddable":true,"href":"http:\/\/www.movimientocaamanista.com\/index.php?rest_route=%2Fwp%2Fv2%2Ftags&post=8240"}],"curies":[{"name":"wp","href":"https:\/\/api.w.org\/{rel}","templated":true}]}}