{"id":8348,"date":"2023-02-25T00:38:06","date_gmt":"2023-02-25T00:38:06","guid":{"rendered":"http:\/\/www.movimientocaamanista.com\/?p=8348"},"modified":"2023-02-25T00:38:06","modified_gmt":"2023-02-25T00:38:06","slug":"mis-recuerdos-con-jelf-el-feflas-la-normal-y-el-acuerdo-de-santiago","status":"publish","type":"post","link":"http:\/\/www.movimientocaamanista.com\/?p=8348","title":{"rendered":"MIS RECUERDOS CON JELF, El FEFLAS, \u201cLA NORMAL\u201d y EL ACUERDO de SANTIAGO"},"content":{"rendered":"\n<p>Ra\u00fal Guerrero<\/p>\n\n\n\n<p>Transcurr\u00edan los primeros a\u00f1os de la d\u00e9cada de los 70s, la misma precedida de convulsos acontecimientos sociales y pol\u00edticos de la d\u00e9cada anterior 1960.<\/p>\n\n\n\n<p>1963 es el a\u00f1o en el que mi familia materna se traslada desde nuestro lugar de origen \u201cLas Calderas\u201d-Ban\u00ed,hasta esta Capital, inmediatamente me inscriben en la Escuela Rep\u00fablica Dominicana para continuar mis estudios de nivel primario, pasando posteriormente a la Escuela Espa\u00f1a por razones de mudanzas a la Barriada de Villas Agricolas, escuela esta (La Espa\u00f1a) donde concluyo mis estudios primarios y donde guardo gratos recuerdos.<\/p>\n\n\n\n<p>Creo que mis primeros conocimientos e inquietudes Revolucionarias se inician en los a\u00f1os 60s. En mi casa, como Banilejos al fin mi familia ten\u00eda bodega y se compraba diario el peri\u00f3dico List\u00edn Diario, es ah\u00ed, hojeando sus p\u00e1ginas que comienzo a saber del alzamiento guerrillero de Manolo Tavares Justo y sus compa\u00f1eros del 1J4 ; mis recuerdos y m\u00ed inquietud se van tensando al observar en esos d\u00edas, aquella portentosa huelga realizada contra el Triunvirato, la que fue reprimida por la P.N. Montada a mulos y Caballos por todas las calles de la Ciudad Capital.<\/p>\n\n\n\n<p>Concluidos mis estudios primarios, ingreso en el 1968 al Liceo Intermedio JPD, en esa \u00e9poca sufr\u00edamos \u201cbul\u00edn\u201d , los estudiantes m\u00e1s viejos en esa tanda nos voceaban: &#8211; !! Los Pinos, los piiinos !! Era la \u00e9poca tambi\u00e9n que para ingresar a la Intermedia hab\u00eda que hacerse el examen de la tuberculosis ( ten\u00edamos que tirarnos la famosa placa en la c\/. Ana Valverde)<\/p>\n\n\n\n<p>Ya en el Intermedio del Liceo Juan Pablo Duarte, fuimos parte de la primera camada de estudiantes qu\u00e9 pasa al reci\u00e9n fundado Frente Estudiantil \u201cFLAVIO SUERO\u201d, en honor al estudiante y militante Revolucionario del mismo nombre, muerto a manos de la Polic\u00eda Nacional en la Escuela Colombia de la zona Norte D.N. ( Flavio, era un seud\u00f3nimo, su nombre real era Ram\u00f3n Augusto Suero). <\/p>\n\n\n\n<p>El per\u00edodo de a\u00f1os en la intermedia ( 1968-69) fu\u00e9 muy agitado y de mucha angustia, fueron los a\u00f1os donde heredamos los problemas sociales de los l\u00fampenes, \u201cLos social pistolas\u201d , el bandolerismos al interior del liceo de los \u201cIv\u00e1n\u201d, \u201cMil\u00e1n\u201d, \u201cTony el Pel\u00fa\u201d, \u201cAm\u00e9rico el loco\u201d, etc., grupo que finalmente fu\u00e9 expulsado de los predios del JPD por la acci\u00f3n de repudio de los grupos estudiantiles de all\u00ed.<\/p>\n\n\n\n<p>Es en este per\u00edodo 1968-69 que se inicia y se acent\u00faa la lucha estudiantil y de autoridades de la Universidad Aut\u00f3noma de Santo Domingo UASD, por un mayor presupuesto para esta universidad; se inicia la lucha por el \u201c MEDIO MILL\u00d3N PARA LA UNIVERSIDAD\u201d UASD. Sin lugar a dudas los estudiantes de secundaria de todo el pa\u00eds jugar un papel extraordinario en esas luchas, su costo de sacrificio fu\u00e9 tan alto como el de los\/as Uasdianos\/as.<\/p>\n\n\n\n<p>Eran los d\u00edas las protestas en las calles de todo el estudiantado del pa\u00eds, de la solidaridad de los Clubes, organizaciones barriales, sindicatos, la CGT. Todo el pa\u00eds bajo la consigna de: !! Medio Mill\u00f3n pa\u2019la Universidad!!! Y repito, el costo fue muy alto en sacrificio para los estudiantes de intermedia y secundaria del pa\u00eds , con solo decir que en nuestro liceo JPD , por las suspensiones de clases provocadas por la P.N. Con sus \u201ccercos\u201d a nuestro recinto de estudios para que no sali\u00e9ramos a movilizarnos al coraz\u00f3n del pueblo y a la misma universidad, pero tambi\u00e9n suspensiones de clases \u201cpreventivas\u201d para impedir movilizaciones por parte de la Secretaria de Estado de Educaci\u00f3n, esas situaciones hicieron que para los ex\u00e1menes finales tuvi\u00e9semos que estudiar por \u201cCuestionarios\u201d motivados en los escasos d\u00edas que se imparti\u00f3 docencia. <\/p>\n\n\n\n<p>Ya est\u00e1bamos en Secundaria en secundaria cuando los \u201chechos de MALARIOLOGIA\u201d , instituci\u00f3n del estado que quedaba a dos cuadras de nuestro recinto de estudios , y que fu\u00e9 objeto de la acci\u00f3n selectiva de los estudiantes en ese momento.<\/p>\n\n\n\n<p>Fu\u00e9 una \u00e9poca y un per\u00edodo de mucha solidaridad de las organizaciones de nuestro pueblo en lucha contra la dictadura Balaguerista de entonces. Ese d\u00eda hist\u00f3rico de jornada de lucha impuesta por la Polic\u00eda permanecimos todo el d\u00eda bajo rodeo y cerco despu\u00e9s de lo de MALARIOLOGIA y despu\u00e9s de los estudiantes hacer retirar a la polic\u00eda a tres (3) cuadras del per\u00edmetro de nuestro Liceo y las gomas encendidas por todos lados, a eso de las 5 de la tarde se acerc\u00f3 a nuestro centro el Monse\u00f1or Hugo Eduardo Polanco Brito, el representante de la Iglesia Cat\u00f3lica vino a mediar con nosotros para buscar el retiro a nuestras casas, pero los dirigentes que all\u00ed est\u00e1bamos le manifestamos que no era con nosotros que ten\u00eda que \u201cmediar\u201d, que era con la polic\u00eda que ten\u00eda que hacerlo, ya que nos rodearon desde las primeras horas de la ma\u00f1ana y a esa hora las 5:00 pm. A\u00fan no cesaban de hostilizarnos con bombas, disparos y apresamientos de los estudiantes que se apresuraban a abandonar el Liceo, le manifestamos adem\u00e1s al Monse\u00f1or: -que \u00e9l no pod\u00eda abandonar el Centro, que se deb\u00eda quedar dentro junto a nosotros corriendo la misma suerte que Profesores y estudiantes que all\u00ed nos encontr\u00e1bamos.<\/p>\n\n\n\n<p>Fu\u00e9 un d\u00eda dif\u00edcil, pero Monse\u00f1or entendi\u00f3 la situaci\u00f3n y permaneci\u00f3 junto a todos hasta que finalmente se logr\u00f3 que la Polic\u00eda se retirara y dejara limpia la avenida Duarte para nosotros partir de dos en dos a nuestras casas.<\/p>\n\n\n\n<p>Nuestro Liceo en la tanda matutina se caracteriz\u00f3 por tener entre las organizaciones estudiantiles a buenos dirigentes, dirigentes resueltos y de buena formaci\u00f3n pol\u00edtica e ideol\u00f3gica, dirigentes que supieron jugar su rol de buenos acad\u00e9micos y excelentes dirigentes, podemos mencionar a los legendarios Frank Chalas y Fernando Pe\u00f1a del FEFLAS, a Ram\u00f3n S\u00e1nchez (Moncho), Wilian Lantigua y Roberto Castillo (El Choby) de la UER, a Daniel Garc\u00eda Archibald de la JRC , as\u00ed como del FREN y de la FJS. <\/p>\n\n\n\n<p>Realmente en esos a\u00f1os exist\u00eda buena y excelente solidaridad entre las organizaciones estudiantiles, sindicales, barriales y profesionales, la lucha anti-Balaguerista lo resolv\u00eda todo.<\/p>\n\n\n\n<p>Recuerdo que cuando hab\u00eda movilizaci\u00f3n anunciada desde la UASD, sal\u00edamos una buena representaci\u00f3n de los grupos estudiantiles al local de UNACHOSIN , situado en la c\/. Consepci\u00f3n Bona en procura de que se nos trasladara a la UASD, y la solidaridad y colaboraci\u00f3n era tan fuerte que los dirigentes de ese combativo Sindicato de Choferes , desde que lleg\u00e1bamos voceaban a sus compa\u00f1eros del volante: -dos veh\u00edculos para llevar a los estudiantes del JPD a la Universidad- \u2026!! Y lo hac\u00edan a gusto y gratuito, esa era la solidaridad de esos a\u00f1os. <\/p>\n\n\n\n<p>Pero tambi\u00e9n la lucha de los estudiantes y ese sindicato de Choferes se expresaba coordinado , en una ocasi\u00f3n paralizamos el tr\u00e1nsito en la C\/ Central del ensanche Espaillat, veh\u00edculos de UNACHOSIN y estudiantes del JPD en una acci\u00f3n de lucha combinada contra el Gobierno de Balaguer.. <\/p>\n\n\n\n<p>El per\u00edodo de los 60s. Y los 70s. Realmente fueron de muchas y gigantescas jornadas de rebeld\u00edas de luchas por reivindicaciones sociales, acad\u00e9micas y pol\u00edticas, contra los remanentes trujillistas, el Triunvirato y la dictadura Balaguerista impuesta por los EEUU \ud83c\uddfa\ud83c\uddf8 con su intervenci\u00f3n armada en el 1965 para Impedir el triunfo de los Revolucionarios-Constitucionalistas de la Revoluci\u00f3n de Abril ..<\/p>\n\n\n\n<p>En los primeros a\u00f1os de los 70s. , siendo yo uno de los dirigentes del Feflas en el Liceo Secundario JPD, visitaba con frecuencia la UASD en actividades de reuniones, Asambleas y\/o de movilizaci\u00f3n estudiantil. As\u00ed c\u00f3mo en nuestro Liceo ten\u00edamos buenos dirigentes estudiantiles, asimismo los hab\u00eda en la Universidad. A m\u00ed me llamaba mucho la atenci\u00f3n nuestro cuadro dirigencial del Feflas de entonces: Radham\u00e9s Abreu, Sotero V\u00e1zquez, Rafi Lantigua, y uno en particular JUAN L\u00d3PEZ FELIZ  -JELF- , fu\u00ed impactado por el semblante del Candidato a la FED del Feflas y creo, si mal no recuerdo, el candidato de la \u201cUNIDAD de ACERO\u201d FRAGUA FLAVIO SUERO. Ese verbo encendido, de alto calado te\u00f3rico me impresion\u00f3 en esos a\u00f1os, sus discursos en \u201cLos Tiempos de hogueras \ud83d\udd25 y no de Cenizas\u201d retumbaban en el Alma M\u00e1ter. <\/p>\n\n\n\n<p>Eran los tiempos de los \u201csana, sana culito de rana, que si no sana hoy sana ma\u00f1ana\u201d .<\/p>\n\n\n\n<p>El recinto y per\u00edmetro f\u00edsico del Liceo JPD , ten\u00eda y tiene la particularidad de que alberga tres (3) centros de estudios en una misma planta f\u00edsica: en la tanda matutina alberga el LICEO SECUNDARIO JUAN PABLO DUARTE, en la tanda vespertina alberga al INTERMEDIO JPD, y en la tanda Nocturna contiene al LICEO SECUNDARIO \u201cMIGUEL \u00c1NGEL GARRIDO\u201d . Tres centros de ense\u00f1anza en un mismo plantel f\u00edsico; los tres se destacaron en las luchas estudiantiles, pero tambi\u00e9n en las luchas magisteriales.<\/p>\n\n\n\n<p>Este Centro de ense\u00f1anzas-estudios, tambi\u00e9n de luchas, era el lugar por excelencia de estudios Secundarios desde la \u00e9poca Trujullista, m\u00e1s conocido desde sus or\u00edgenes como \u201cLA NORMAL\u201d . Sus luchas legendarias y supervivencia como centro de estudios ha dado Pi\u00e9 a muchas conjeturas anecd\u00f3ticas: -una vez una persona en condiciones de mendigo y cercano al Centro preguntaba a los transe\u00fantes : ?? Donde queda \u201cLa Normal\u201d, donde se pelea y se mata mucha gente\u2026??? , son de las cosas ocurrentes, muchas veces peyorativas que se giran alrededor de un centro de glorias de luchas y persistente en la ense\u00f1anza educativa.<\/p>\n\n\n\n<p>Entrado el a\u00f1o 1974, los presagios no auguraban nada bueno para las fuerzas Revolucionarias y democr\u00e1ticas del pa\u00eds. Balaguer empe\u00f1ado en una reelecci\u00f3n a sangre y fuego \ud83d\udd25 de su gobierno y una oposici\u00f3n nucleada alrededor de la coalici\u00f3n de partidos \u201cEl Acuerdo de Santiago\u201d . Mismo compuesto por el PRD, PRSC, MPD, PQD ( creo que  el MIDA tambi\u00e9n) <\/p>\n\n\n\n<p>El Pa\u00eds era una sola c\u00e1rcel, pero tambi\u00e9n un torbellino de luchas en contra de Balaguer, el pa\u00eds estaba anti-Balaguerista, este solo dispon\u00eda de los cuarteles y los fraudes electorales para imponerse. El pueblo estaba en ebullici\u00f3n, particip\u00e1bamos en m\u00edtines y micro m\u00edtines; uno de ellos fuerte, se prepar\u00f3 en el \u201cPuente de la 17 , el MPD design\u00f3 a su delegado para hablar en ese mitin, lo era Fernando Pe\u00f1a, pero tuvo inconveniente para subir a tarima porque la seguridad que estaba en la escalera dec\u00eda: -que ese \u201cmuchachito\u201d no pod\u00eda subir ah\u00ed- . Yo recuerdo que en un Mitin-carabana que el acuerdo realiz\u00f3 por \u201cVilla Juana\u201d , en la calle Marcos Ad\u00f2n, ah\u00ed si pudo hablar Fernandito Pe\u0144a. \u201cYo estaba ah\u00ed \u201c , como dec\u00eda Jimy Sierra.<br>\nLos d\u00edas avanzaban en los aprestos reeleccionistas de ese a\u00f1o , as\u00ed como tambi\u00e9n las intensas luchas de masas. <\/p>\n\n\n\n<p>La oposici\u00f3n fu\u00e9 reprimida cruelmente, los asesinatos de Revolucionarios se incrementaron , la persecuci\u00f3n era feroz, de tal manera que los representantes del MPD ante el \u201cAcuerdo de Santiago\u201d Dionicio Mart\u00ednez y Carmen Mazara fueron apresados y golpeados por la Polic\u00eda, que ya no escond\u00eda su inclinaci\u00f3n abiertamente Balaguerista, junto a los guardias andaban con pa\u00f1oletas rojas en la culatas de los fusiles..Ya antes del apresamiento de los delegados del MPD hab\u00eda sido apresado otro responsable y delegado del MPD Juan L\u00f3pez Feliz; este fu\u00e9 apresado en una pensi\u00f3n de hospedaje, cuya propietaria desconoc\u00eda de su hu\u00e9sped, pero cuando la Prensa periodista la abord\u00f3 dijo lo siguiente, en una rese\u00f1a del peri\u00f3dico List\u00edn Diario: \u201cYo no sab\u00eda qui\u00e9n era \u00e9l, pero les aseguro a ustedes que no hab\u00eda conocido un joven tan decente y respetuoso como ese, si tuviera que volver a alquilarle la habitaci\u00f3n, lo har\u00eda con mucho gusto \u201c fueron sus palabras recogidas por la prensa escrita..<\/p>\n\n\n\n<p>Ya antes, estimo que en el a\u00f1o 1972 viv\u00ed una circunstancia con Juan L\u00f3pez -JELF- . Me encaminaba yo a jugar basquetbol al patio del Centro Escolar Santo Cura de Ars de la c\/. Ovando con Duarte, cuando iba por la Jos\u00e9 Dolores Cer\u00f2n de sur a norte y pr\u00f3ximo a la c\/. Pedro Livio Cede\u00f1o, de pronto oigo que me llaman desde una camioneta cargada de Cilindros de gas  en su parte trasera, veo que la persona que me llama tiene un sombrero de alas anchas: oh sorpresa..!! Era m\u00ed compa\u00f1ero dirigente del Feflas en la Universidad y hombre buscado por los organismos de inteligencia del estado Juan L\u00f3pez F\u00e9liz, reconoci\u00e9ndome me abord\u00f3 y me dijo: &#8211; entregamele esos volantes a Fernando- ( volantes mariposa le dec\u00edamos, por su forma).<\/p>\n\n\n\n<p>Al final del a\u00f1o 1974 Balaguer se impuso ha pesar de todos los impulsos de nosotros y el mismo pueblo que estaba en las calles\u2026<\/p>\n\n\n\n<p>Hasta aqu\u00ed he querido hacer este relato de mis recuerdos en los a\u00f1os vividos en la vida estudiantil. Desde m\u00ed llegada a la ciudad Capital de la mano de m\u00ed madre biol\u00f3gica y de m\u00ed hermana-madre, recientemente fallecida. As\u00ed pude observar por primera vez 1963, los atropellos contra la poblaci\u00f3n por parte de la polic\u00eda montada a caballos y mulos en el \u201cGobierno del Triunvirato encabezado por Donald Read Cabral \u201cCuente los Aust\u00edn\u201d . <\/p>\n\n\n\n<p>Aqu\u00ed lo expuesto est\u00e1 sujeto a correcci\u00f3n, el tiempo es implacable con la memoria\u2026 <\/p>\n","protected":false},"excerpt":{"rendered":"<p>Ra\u00fal Guerrero Transcurr\u00edan los primeros a\u00f1os de la d\u00e9cada de los 70s, la misma precedida de convulsos acontecimientos sociales y pol\u00edticos de la d\u00e9cada anterior 1960. 1963 es el a\u00f1o en el que mi familia materna se traslada desde nuestro lugar de origen \u201cLas Calderas\u201d-Ban\u00ed,hasta esta Capital, inmediatamente me inscriben en la Escuela Rep\u00fablica Dominicana [&hellip;]<\/p>\n","protected":false},"author":1,"featured_media":8349,"comment_status":"open","ping_status":"open","sticky":false,"template":"","format":"standard","meta":{"footnotes":""},"categories":[5,16],"tags":[],"_links":{"self":[{"href":"http:\/\/www.movimientocaamanista.com\/index.php?rest_route=\/wp\/v2\/posts\/8348"}],"collection":[{"href":"http:\/\/www.movimientocaamanista.com\/index.php?rest_route=\/wp\/v2\/posts"}],"about":[{"href":"http:\/\/www.movimientocaamanista.com\/index.php?rest_route=\/wp\/v2\/types\/post"}],"author":[{"embeddable":true,"href":"http:\/\/www.movimientocaamanista.com\/index.php?rest_route=\/wp\/v2\/users\/1"}],"replies":[{"embeddable":true,"href":"http:\/\/www.movimientocaamanista.com\/index.php?rest_route=%2Fwp%2Fv2%2Fcomments&post=8348"}],"version-history":[{"count":1,"href":"http:\/\/www.movimientocaamanista.com\/index.php?rest_route=\/wp\/v2\/posts\/8348\/revisions"}],"predecessor-version":[{"id":8350,"href":"http:\/\/www.movimientocaamanista.com\/index.php?rest_route=\/wp\/v2\/posts\/8348\/revisions\/8350"}],"wp:featuredmedia":[{"embeddable":true,"href":"http:\/\/www.movimientocaamanista.com\/index.php?rest_route=\/wp\/v2\/media\/8349"}],"wp:attachment":[{"href":"http:\/\/www.movimientocaamanista.com\/index.php?rest_route=%2Fwp%2Fv2%2Fmedia&parent=8348"}],"wp:term":[{"taxonomy":"category","embeddable":true,"href":"http:\/\/www.movimientocaamanista.com\/index.php?rest_route=%2Fwp%2Fv2%2Fcategories&post=8348"},{"taxonomy":"post_tag","embeddable":true,"href":"http:\/\/www.movimientocaamanista.com\/index.php?rest_route=%2Fwp%2Fv2%2Ftags&post=8348"}],"curies":[{"name":"wp","href":"https:\/\/api.w.org\/{rel}","templated":true}]}}