{"id":8393,"date":"2023-03-10T10:42:42","date_gmt":"2023-03-10T10:42:42","guid":{"rendered":"http:\/\/www.movimientocaamanista.com\/?p=8393"},"modified":"2023-03-10T10:42:45","modified_gmt":"2023-03-10T10:42:45","slug":"boicot-mordaza-a-tiro-al-blanco-tv","status":"publish","type":"post","link":"http:\/\/www.movimientocaamanista.com\/?p=8393","title":{"rendered":"\u00bfBOICOT-MORDAZA A TIRO AL BLANCO-TV?"},"content":{"rendered":"\n<p>Narciso Isa Conde<\/p>\n\n\n\n<p>El mi\u00e9rcoles 8 (ayer) y el jueves 9 de marzo (hoy), el programa de televisi\u00f3n TIRO AL BLANCO, canales 26 de CLARO y 22 de ALTICE, que yo produzco por CARIVISION de lunes a viernes de 2 a 2:30 de la tarde, ha salido al aire sin sonido.<\/p>\n\n\n\n<p>Veremos qu\u00e9 pasar\u00e1 en los pr\u00f3ximos d\u00edas, pues insistiremos en sacarlo al aire con imagen y sonido.<\/p>\n\n\n\n<p>La emisora matriz CARIVISI\u00d2N me ha demostrado que tal situaci\u00f3n no es de su responsabilidad, que el programa sale al aire con sonido y que as\u00ed se puede comprobar en su versi\u00f3n ON LINE y espacios de la Internet. No hay defecto t\u00e9cnico que anule el sonido.<\/p>\n\n\n\n<p>En su opini\u00f3n el problema se origina fuera de la estaci\u00f3n.<\/p>\n\n\n\n<p>Esto obliga necesariamente a emplazar a ambas compa\u00f1\u00edas nacionales de cable. Igual a las empresas provinciales contratadas por CARIVISI\u00d3N por donde tambi\u00e9n se transmite Tiro al Blanco, y est\u00e9 pasando lo mismo.<\/p>\n\n\n\n<p>En tanto no se trata de una sola empresa de cable y de una situaci\u00f3n que en CARIVISI\u00d4N solo gravita sobre el programa que dirijo, es leg\u00edtimo sospechar de la intervenci\u00f3n del gobierno y de sus \u00f3rganos de inteligencia, desde uno de sus centros de tecnolog\u00eda usados para esos fines.<\/p>\n\n\n\n<p>En \u00faltima instancia INDOTEL est\u00e1 en la obligaci\u00f3n de dar una respuesta convincente y reparar el da\u00f1o, o comprometerse abiertamente con lo que tiene bastante pinta de un boicot-censura, todav\u00eda pendiente de comprobaci\u00f3n plena.<\/p>\n\n\n\n<p>De todas maneras, vale la alerta, dado el cerco-mordaza que me han tendido los grandes medios de comunicaci\u00f3n del pa\u00eds y sus programas de entrevistas y opini\u00f3n, en los que gravitan determinantemente la publicidad gubernamental y privada.<\/p>\n\n\n\n<p>\u00bfPor qu\u00e9 dudar que pretenda silenciar el medio propio?<\/p>\n\n\n\n<p>El reclamo correspondiente se har\u00e1.<\/p>\n\n\n\n<p>Informaremos a nuestr@s televident@s del curso y desenlace de esta situaci\u00f3n, sin renunciar a las confrotaciones necesarias. Ustedes saben que yo se responder a las agresiones del poder establecido. Ni me doblo ni me rindo frente a ellas.<\/p>\n\n\n\n<p>Mientras, le sugerimos a quienes lo ven y lo escuchan por cables que por el momento recurran a YOU TUBE tiroalblancord (Narciso Isa Conde) y a su proyecci\u00f3n por las redes sociales.<br><\/p>\n","protected":false},"excerpt":{"rendered":"<p>Narciso Isa Conde El mi\u00e9rcoles 8 (ayer) y el jueves 9 de marzo (hoy), el programa de televisi\u00f3n TIRO AL BLANCO, canales 26 de CLARO y 22 de ALTICE, que yo produzco por CARIVISION de lunes a viernes de 2 a 2:30 de la tarde, ha salido al aire sin sonido. Veremos qu\u00e9 pasar\u00e1 en [&hellip;]<\/p>\n","protected":false},"author":1,"featured_media":8394,"comment_status":"open","ping_status":"open","sticky":false,"template":"","format":"standard","meta":{"footnotes":""},"categories":[5,2],"tags":[],"_links":{"self":[{"href":"http:\/\/www.movimientocaamanista.com\/index.php?rest_route=\/wp\/v2\/posts\/8393"}],"collection":[{"href":"http:\/\/www.movimientocaamanista.com\/index.php?rest_route=\/wp\/v2\/posts"}],"about":[{"href":"http:\/\/www.movimientocaamanista.com\/index.php?rest_route=\/wp\/v2\/types\/post"}],"author":[{"embeddable":true,"href":"http:\/\/www.movimientocaamanista.com\/index.php?rest_route=\/wp\/v2\/users\/1"}],"replies":[{"embeddable":true,"href":"http:\/\/www.movimientocaamanista.com\/index.php?rest_route=%2Fwp%2Fv2%2Fcomments&post=8393"}],"version-history":[{"count":1,"href":"http:\/\/www.movimientocaamanista.com\/index.php?rest_route=\/wp\/v2\/posts\/8393\/revisions"}],"predecessor-version":[{"id":8395,"href":"http:\/\/www.movimientocaamanista.com\/index.php?rest_route=\/wp\/v2\/posts\/8393\/revisions\/8395"}],"wp:featuredmedia":[{"embeddable":true,"href":"http:\/\/www.movimientocaamanista.com\/index.php?rest_route=\/wp\/v2\/media\/8394"}],"wp:attachment":[{"href":"http:\/\/www.movimientocaamanista.com\/index.php?rest_route=%2Fwp%2Fv2%2Fmedia&parent=8393"}],"wp:term":[{"taxonomy":"category","embeddable":true,"href":"http:\/\/www.movimientocaamanista.com\/index.php?rest_route=%2Fwp%2Fv2%2Fcategories&post=8393"},{"taxonomy":"post_tag","embeddable":true,"href":"http:\/\/www.movimientocaamanista.com\/index.php?rest_route=%2Fwp%2Fv2%2Ftags&post=8393"}],"curies":[{"name":"wp","href":"https:\/\/api.w.org\/{rel}","templated":true}]}}