{"id":8412,"date":"2023-03-12T11:27:02","date_gmt":"2023-03-12T11:27:02","guid":{"rendered":"http:\/\/www.movimientocaamanista.com\/?p=8412"},"modified":"2023-04-30T12:26:03","modified_gmt":"2023-04-30T12:26:03","slug":"sobre-transiciones-energeticas-y-transiciones-ecologicas","status":"publish","type":"post","link":"http:\/\/www.movimientocaamanista.com\/?p=8412","title":{"rendered":"Sobre transiciones energ\u00e9ticas y transiciones ecol\u00f3gicas"},"content":{"rendered":"\n<p>Jorge Riechmann<\/p>\n\n\n\n<p>Fuente: <a href=\"https:\/\/rebelion.org\/sobre-transiciones-energeticas-y-transiciones-ecologicas\/\">Rebeli\u00f3n<\/a><\/p>\n\n\n\n<p>\u201c<em>\u00bfC\u00f3mo puede un joven (en especial el de la gran ciudad) afrontar los problemas m\u00e1s profundos, la miseria de la sociedad, sin sucumbir al menos temporalmente al pesimismo? Ah\u00ed no hay ning\u00fan contra-argumento, ah\u00ed s\u00f3lo puede y debe ayudarnos la consciencia: por malo que sea el mundo, t\u00fa has nacido para enderezarlo. Esto no es arrogancia, sino s\u00f3lo consciencia del deber.\u201d<a href=\"https:\/\/vientosur.info\/sobre-transiciones-energeticas-y-transiciones-ecologicas\/#sdfootnote1sym\"><sup>1<\/sup><\/a><\/em>&nbsp;(Walter Benjamin en \u201cLa Bella Durmiente\u201d, un texto de juventud)<\/p>\n\n\n\n<p>\u201c<em>En los terremotos del futuro, conf\u00edo no dejar que se apague mi puro de Virginia por exceso de amargura.\u201d<\/em><a href=\"https:\/\/vientosur.info\/sobre-transiciones-energeticas-y-transiciones-ecologicas\/#sdfootnote2sym\"><sup>2<\/sup><\/a>&nbsp;(Bertolt Brecht (en su \u201cBalada del pobre\u201d)<\/p>\n\n\n\n<p><strong><em>Nature&nbsp;<\/em>editorializa<\/strong><\/p>\n\n\n\n<p>Un notable editorial de&nbsp;<em>Nature,&nbsp;<\/em>en marzo de 2022, reivindica el estudio de 1972&nbsp;<em>The Limits to Growth&nbsp;<\/em>(el primero de los informes al Club de Roma) y se\u00f1ala que \u201caunque ahora existe un consenso sobre los efectos irreversibles de las actividades humanas sobre el medio ambiente, los investigadores no se ponen de acuerdo sobre las soluciones, especialmente si \u00e9stas implican frenar el crecimiento econ\u00f3mico. Este desacuerdo impide actuar. Es hora de que los investigadores pongan fin a su debate. El mundo necesita que se centren en los grandes objetivos de detener la destrucci\u00f3n catastr\u00f3fica del medio ambiente y mejorar el bienestar\u201d.<a href=\"https:\/\/vientosur.info\/sobre-transiciones-energeticas-y-transiciones-ecologicas\/#sdfootnote3sym\"><sup>3<\/sup><\/a>&nbsp;El editorial de&nbsp;<em>Nature&nbsp;<\/em>contin\u00faa arguyendo que el debate hoy, una vez aceptada la existencia de l\u00edmites biof\u00edsicos al crecimiento, se centra en dos posiciones principales, crecimiento verde&nbsp;<em>versus&nbsp;<\/em>decrecimiento, y que \u00e9stas deber\u00edan hacer un esfuerzo por dialogar entre ellas.<a href=\"https:\/\/vientosur.info\/sobre-transiciones-energeticas-y-transiciones-ecologicas\/#sdfootnote4sym\"><sup>4<\/sup><\/a><\/p>\n\n\n\n<p>Un debate central, sin duda, que se modula y reitera a diferentes niveles. Por ir a lo cercano: un amigo (y compa\u00f1ero de militancia en Ecologistas en Acci\u00f3n) me dec\u00eda en junio de 2022 que el debate sobre la transici\u00f3n ecol\u00f3gica (y la transici\u00f3n energ\u00e9tica en particular) es extraordinariamente complicado. Nos divide tambi\u00e9n dentro de los mismos movimientos ecologistas. \u201cLa cuesti\u00f3n es si a donde queremos llegar (una sociedad que respete los l\u00edmites biof\u00edsicos) se puede llegar a partir de un sistema industrializado, modific\u00e1ndolo y reduci\u00e9ndolo, o se puede hacer directamente. Y no parece que tengamos mucho tiempo para ninguna de las dos opciones\u201d.<a href=\"https:\/\/vientosur.info\/sobre-transiciones-energeticas-y-transiciones-ecologicas\/#sdfootnote5sym\"><sup>5<\/sup><\/a>&nbsp;El planteamiento es el mismo que en el editorial de&nbsp;<em>Nature.<\/em><\/p>\n\n\n\n<p>Dir\u00eda que la situaci\u00f3n, en el tercer decenio del tercer milenio, es as\u00ed de tr\u00e1gica: no podemos evitar un clima infernal sin una contracci\u00f3n econ\u00f3mica de emergencia (en el Norte global), saliendo r\u00e1pidamente de relaciones de producci\u00f3n capitalistas.<a href=\"https:\/\/vientosur.info\/sobre-transiciones-energeticas-y-transiciones-ecologicas\/#sdfootnote6sym\"><sup>6<\/sup><\/a>&nbsp;Y cabe dudar, claro, de que semejante transformaci\u00f3n est\u00e9 en nuestro horizonte\u2026 Pero vayamos por partes.<\/p>\n\n\n\n<p><strong>\u00bfQu\u00e9 es una transici\u00f3n ecol\u00f3gica?<\/strong><\/p>\n\n\n\n<p>Dado que las sociedades industriales avanzan a toda prisa hacia escenarios catastr\u00f3ficos, necesitamos una transici\u00f3n ecol\u00f3gica. C\u00e9sar Rendueles escribe: \u201cDebemos luchar conjuntamente por una transici\u00f3n ecol\u00f3gica justa, planificada y p\u00fablica. Pero teniendo claro que una transici\u00f3n lenta y \u00f3ptima es infinitamente peor que una r\u00e1pida pero menos justa\u201d.<a href=\"https:\/\/vientosur.info\/sobre-transiciones-energeticas-y-transiciones-ecologicas\/#sdfootnote7sym\"><sup>7<\/sup><\/a>&nbsp;Bueno, tratemos de ponernos en claro sobre qu\u00e9 es una transici\u00f3n ecol\u00f3gica y de qu\u00e9 opciones \u2e3a\u00f3ptimas o sub\u00f3ptimas\u2e3a disponemos.<\/p>\n\n\n\n<p>\u00bfQu\u00e9 es una transici\u00f3n ecol\u00f3gica? Yo dir\u00eda que una transformaci\u00f3n socioecon\u00f3mica que, partiendo de la evidencia de la extralimitaci\u00f3n ecol\u00f3gica (<em>overshoot<\/em>), libera espacio ecol\u00f3gico para que sean posibles las vidas dignas de los hoy explotados, marginados y humillados; y para que podamos convivir bien con la mir\u00edada de seres vivos con quienes compartimos la casa com\u00fan que es la biosfera de la Madre Tierra. La idea \u2e3ab\u00e1sica\u2e3a de&nbsp;<em>satisfacer las necesidades humanas fundamentales dentro de los l\u00edmites planetarios&nbsp;<\/em>sigue resultando iluminadora.<\/p>\n\n\n\n<p>La \u201cprueba del algod\u00f3n\u201d, el test para identificar una transici\u00f3n ecol\u00f3gica&nbsp;<em>de verdad,&nbsp;<\/em>es que lograr\u00eda evitar (o al menos atenuar significativamente) los horizontes de ecocidio m\u00e1s genocidio hacia los que nos encaminamos.<\/p>\n\n\n\n<p>La mera adici\u00f3n desordenada de aerogeneradores y placas fotovoltaicas a nuestro sistema el\u00e9ctrico&nbsp;<em>no es una transici\u00f3n ecol\u00f3gica<\/em>. Y hay que empezar por se\u00f1alar que la&nbsp;<em>visi\u00f3n de t\u00fanel de carbono&nbsp;<\/em>es una clase de reduccionismo que no podemos permitirnos.<a href=\"https:\/\/vientosur.info\/sobre-transiciones-energeticas-y-transiciones-ecologicas\/#sdfootnote8sym\"><sup>8<\/sup><\/a>&nbsp;Pero la ausencia de un enfoque sist\u00e9mico conduce a que en los debates sobre transiciones ecol\u00f3gicas siempre se reduzca el problema ecol\u00f3gico-social al cambio clim\u00e1tico, el problema energ\u00e9tico a la generaci\u00f3n el\u00e9ctrica y la destrucci\u00f3n de la trama de la vida a nada (pues por lo general la ignoramos: preferimos mirar hacia otro lado). El colmo del reduccionismo se alcanza cuando se pretende limitar la cr\u00edtica al modelo actual de despliegue de renovables hipertecnol\u00f3gicas \u00a1a un asunto de protecci\u00f3n del paisaje!<a href=\"https:\/\/vientosur.info\/sobre-transiciones-energeticas-y-transiciones-ecologicas\/#sdfootnote9sym\"><sup>9<\/sup><\/a><\/p>\n\n\n\n<p>Lo que padecemos no es s\u00f3lo una crisis clim\u00e1tica que pueda resolverse con transformaciones tecnol\u00f3gicas impulsadas por un \u201ccapitalismo verde\u201d. \u00a1Ojal\u00e1 fuese as\u00ed; tendr\u00edamos mucho m\u00e1s margen de maniobra! Pero nuestra situaci\u00f3n real es mucho m\u00e1s apurada. Se trata de una&nbsp;<em>crisis de civilizaci\u00f3n:&nbsp;<\/em>una crisis sist\u00e9mica y global cuya autor\u00eda b\u00e1sica recae en un capitalismo generador de inmensos costes externos de los que no se hace cargo,<a href=\"https:\/\/vientosur.info\/sobre-transiciones-energeticas-y-transiciones-ecologicas\/#sdfootnote10sym\"><sup>10<\/sup><\/a>&nbsp;y cuya din\u00e1mica autoexpansiva pretende que crezca la econom\u00eda mercantil indefinidamente sin tener en cuenta los l\u00edmites biof\u00edsicos planetarios. Mientras eso no cambie, mientras no seamos capaces de&nbsp;<em>cambio sist\u00e9mico,&nbsp;<\/em>va a dar igual cu\u00e1ntos parches tecnol\u00f3gicos coyunturales apliquemos.<a href=\"https:\/\/vientosur.info\/sobre-transiciones-energeticas-y-transiciones-ecologicas\/#sdfootnote11sym\"><sup>11<\/sup><\/a><\/p>\n\n\n\n<p>Hace unos a\u00f1os, en mi libro&nbsp;<em>Ecosocialismo descalzo,&nbsp;<\/em>suger\u00ed una imagen que me parece capta bien la situaci\u00f3n en que nos encontramos. En su huida hacia adelante, las sociedades industriales se parecen a un corredor en una carrera de obst\u00e1culos, pero con vallas que van acerc\u00e1ndose y aumentando de altura (\u00a1rendimientos decrecientes condicionados por la segunda ley de la termodin\u00e1mica!)\u2026 y el corredor lo f\u00eda todo a sus zapatillas m\u00e1gicas, que la multinacional del ramo ya est\u00e1 a punto de construirle \u2013le aseguran.<a href=\"https:\/\/vientosur.info\/sobre-transiciones-energeticas-y-transiciones-ecologicas\/#sdfootnote12sym\"><sup>12<\/sup><\/a>&nbsp;Una valla es el c\u00e9nit del petr\u00f3leo (<em>peak oil<\/em>), pero un poco m\u00e1s all\u00e1 est\u00e1 la valla a\u00fan m\u00e1s temible del \u201cpico\u201d conjunto de todas las formas no renovables de energ\u00eda. Y muy cerca de ella el agotamiento de los fosfatos (con devastadoras consecuencias para el modelo dominante de agricultura industrial; \u00e9ste es un asunto de trascendental importancia casi del todo ausente del debate p\u00fablico). Y un poco m\u00e1s all\u00e1 la esquilmaci\u00f3n de los acu\u00edferos, y tambi\u00e9n la de las pesquer\u00edas mundiales. Y cerca, igualmente, los \u201cpicos\u201d de metales y minerales esenciales para las econom\u00edas industriales, desde el neodimio al litio pasando por el tantalio y el teluro. Y tambi\u00e9n m\u00faltiples vallas vinculadas con la degradaci\u00f3n de los ecosistemas y la Sexta Gran Extinci\u00f3n de especies vivas\u2026 Y las terribles vallas del calentamiento global, claro est\u00e1, con sus m\u00faltiples consecuencias (entre ellas la acidificaci\u00f3n de los oc\u00e9anos). Un horizonte que, seg\u00fan las previsiones optimistas, se tornar\u00e1 apocal\u00edptico en la segunda mitad del siglo XXI; y seg\u00fan las previsiones pesimistas, antes de esas fechas (dentro de lustros, no de decenios).<\/p>\n\n\n\n<p><strong>\u00bfPesimismo energ\u00e9tico injustificado?<\/strong><\/p>\n\n\n\n<p>Pero \u00bfno podr\u00eda ser cierto que tengamos m\u00e1s margen de maniobra del que percibimos los pesimistas? A lo largo de 2022, en Espa\u00f1a, tuvo lugar una controversia intelectual en forma de ataque contra las posiciones heterodesignadas como \u201ccolapsistas\u201d que insist\u00eda sobre supuestas debilidades de an\u00e1lisis en investigadores como Antonio Turiel o Luis Gonz\u00e1lez Reyes.<a href=\"https:\/\/vientosur.info\/sobre-transiciones-energeticas-y-transiciones-ecologicas\/#sdfootnote13sym\"><sup>13<\/sup><\/a>&nbsp;Entre esas debilidades estar\u00eda un pesimismo energ\u00e9tico injustificado, que se traducir\u00eda en que los colapsos ecosociales son m\u00e1s improbables y los plazos de la crisis ecosocial m\u00e1s largos de lo que los llamados \u201ccolapsistas\u201d estiman.<\/p>\n\n\n\n<p>Ahora bien, es cierto que no se han producido a escala global las escaseces energ\u00e9ticas a corto plazo que los estudiosos y activistas del&nbsp;<em>peak oil&nbsp;<\/em>anticipaban a comienzos de los a\u00f1os dos mil. La extracci\u00f3n y elaboraci\u00f3n de hidrocarburos no convencionales (sobre todo gracias a las t\u00e9cnicas de&nbsp;<em>fracking&nbsp;<\/em>o hidrofractura en EEUU) ha permitido comprar algo de tiempo: seguir la huida hacia delante de las sociedades centrales del sistema durante algunos a\u00f1os m\u00e1s. La menor TRE (tasa de retorno energ\u00e9tico) de estos l\u00edquidos y gases parecidos al petr\u00f3leo se diluye en el mix energ\u00e9tico global y, seg\u00fan aventuraba Juan Carlos Barba, \u201cpuede asegurar varias d\u00e9cadas de viabilidad energ\u00e9tica al modelo econ\u00f3mico actual\u201d.<a href=\"https:\/\/vientosur.info\/sobre-transiciones-energeticas-y-transiciones-ecologicas\/#sdfootnote14sym\"><sup>14<\/sup><\/a>&nbsp;Tal es tambi\u00e9n el resultado que suger\u00edan los estudios de prospectiva de Jorgen Randers en el decenio de 2010.<a href=\"https:\/\/vientosur.info\/sobre-transiciones-energeticas-y-transiciones-ecologicas\/#sdfootnote15sym\"><sup>15<\/sup><\/a><\/p>\n\n\n\n<p>\u00bfSe trata realmente de una buena noticia? Lo m\u00ednimo que cabe expresar es un sentimiento de inquietud agridulce. Pues esa posible mayor viabilidad del capitalismo fosilista (durante un tiempo limitado)&nbsp;<em>aumenta la probabilidad de un colapso mucho peor, por degradaci\u00f3n de la biosfera hasta el extremo de una Tierra inhabitable&nbsp;<\/em>(para seres como nosotros). Aumenta en particular el peligro de que las mayores emisiones de GEI nos hagan bascular hacia el&nbsp;<em>runaway climate change&nbsp;<\/em>y, con este calentamiento r\u00e1pido y descontrolado, conduzcan a una indecible devastaci\u00f3n de la biosfera. Se aplazar\u00eda el colapso a costa de agravarlo.<\/p>\n\n\n\n<p>Casi huelga se\u00f1alar que la guerra en Ucrania y el \u201cregreso de la geopol\u00edtica\u201d militarista (que en realidad nunca se hab\u00eda ido) implica que los combustibles f\u00f3siles se seguir\u00e1n empleando hasta su completo agotamiento econ\u00f3mico (pues nada puede sustituirlos para mover la maquinaria pesada de los ej\u00e9rcitos y de las sociedades que quieren ser superpotencias); y que la energ\u00eda nuclear continuar\u00e1 su camino, pero no porque resulte ventajosa para producir electricidad (es ruinosa en ese sentido), sino por su \u00edntima asociaci\u00f3n con la fabricaci\u00f3n de bombas at\u00f3micas.<a href=\"https:\/\/vientosur.info\/sobre-transiciones-energeticas-y-transiciones-ecologicas\/#sdfootnote16sym\"><sup>16<\/sup><\/a><\/p>\n\n\n\n<p><strong>Adici\u00f3n en vez de reemplazo<\/strong><\/p>\n\n\n\n<p>La larga fase de descenso energ\u00e9tico en cuyos proleg\u00f3menos ya nos encontramos nos llevar\u00e1, o por las buenas o por las malas, a sociedades energ\u00e9tica y materialmente m\u00e1s austeras.<a href=\"https:\/\/vientosur.info\/sobre-transiciones-energeticas-y-transiciones-ecologicas\/#sdfootnote17sym\"><sup>17<\/sup><\/a>&nbsp;Pero de momento seguimos tratando de crecer por todos los medios. Richard Heinberg ha sintetizado adecuadamente nuestra tesitura:&nbsp;<em>las energ\u00edas renovables no est\u00e1n reemplazando la energ\u00eda de los combustibles f\u00f3siles, sino sum\u00e1ndose a ella<\/em>.<a href=\"https:\/\/vientosur.info\/sobre-transiciones-energeticas-y-transiciones-ecologicas\/#sdfootnote18sym\"><sup>18<\/sup><\/a>&nbsp;Como Jean-Baptiste Fressoz ha se\u00f1alado desde hace a\u00f1os, y Jaume Franquesa reitera ahora,&nbsp;<em>en rigor la transici\u00f3n energ\u00e9tica no existe:&nbsp;<\/em>no se van sustituyendo fuentes, sino a\u00f1adiendo nueva capacidad energ\u00e9tica de fuentes nuevas, mientras el uso mundial de energ\u00eda no deja de crecer.<a href=\"https:\/\/vientosur.info\/sobre-transiciones-energeticas-y-transiciones-ecologicas\/#sdfootnote19sym\"><sup>19<\/sup><\/a>&nbsp;Y a pesar de todas las inversiones e instalaciones de energ\u00eda renovable, las emisiones globales de GEI siguen aumentando.<a href=\"https:\/\/vientosur.info\/sobre-transiciones-energeticas-y-transiciones-ecologicas\/#sdfootnote20sym\"><sup>20<\/sup><\/a><\/p>\n\n\n\n<p>Eso se debe en gran parte al crecimiento econ\u00f3mico: si bien los suministros de energ\u00eda renovable se han expandido en los \u00faltimos a\u00f1os, el uso mundial de energ\u00eda se ha disparado a\u00fan m\u00e1s, y la diferencia la proporcionan los combustibles f\u00f3siles. Cuanto m\u00e1s crece la econom\u00eda mundial, m\u00e1s dif\u00edcil es que las adiciones de energ\u00eda renovable cambien el rumbo reemplazando realmente la energ\u00eda de los combustibles f\u00f3siles, en lugar de simplemente aumentarla.<\/p>\n\n\n\n<p>\u201cEn el a\u00f1o 2000, la dependencia mundial de los combustibles f\u00f3siles rondaba el 90% y veinte a\u00f1os despu\u00e9s este porcentaje s\u00f3lo se redujo a 83%. Que la participaci\u00f3n de estos combustibles en el mix energ\u00e9tico se haya reducido s\u00f3lo 7% en veinte a\u00f1os no quiere decir que hoy consumamos menos hidrocarburos que antes, al contrario: el consumo actual es un 40% superior al de aquel entonces. Esto muestra otra de las caracter\u00edsticas de la historia de las transiciones energ\u00e9ticas hasta ac\u00e1: nunca reemplazamos una fuente por otra, sino que m\u00e1s bien agregamos nuevas fuentes a las anteriores. La historia de las transiciones energ\u00e9ticas ha sido una historia de adiciones.\u201d<a href=\"https:\/\/vientosur.info\/sobre-transiciones-energeticas-y-transiciones-ecologicas\/#sdfootnote21sym\"><sup>21<\/sup><\/a><\/p>\n\n\n\n<p><em>No habr\u00e1 transici\u00f3n energ\u00e9tica real sin un horizonte de fuerte decrecimiento<\/em>&nbsp;(en el uso de energ\u00eda y materiales) que de momento nuestras sociedades ni se plantean. Y, por otra parte, seguir a\u00f1adiendo generaci\u00f3n el\u00e9ctrica con renovables sin tocar los dem\u00e1s elementos del sistema&nbsp;<em>nos sume con m\u00e1s fuerza en el control corporativo sobre la energ\u00eda&nbsp;<\/em>(y a trav\u00e9s de \u00e9ste en el control sobre la sociedad entera)<a href=\"https:\/\/vientosur.info\/sobre-transiciones-energeticas-y-transiciones-ecologicas\/#sdfootnote22sym\"><sup>22<\/sup><\/a>&nbsp;<em>y en las din\u00e1micas de extractivismo colonial\/ neocolonial<\/em>&nbsp;que ya hoy son muy poderosas.<a href=\"https:\/\/vientosur.info\/sobre-transiciones-energeticas-y-transiciones-ecologicas\/#sdfootnote23sym\"><sup>23<\/sup><\/a><\/p>\n\n\n\n<p><strong>Lo llaman transici\u00f3n y no lo es<\/strong><\/p>\n\n\n\n<p>Xan L\u00f3pez, un proponente del&nbsp;<em>Green New Deal&nbsp;<\/em>desde el colectivo madrile\u00f1o Contra el Diluvio, sugiere que hemos de llamar&nbsp;<em>retardismo clim\u00e1tico<\/em>&nbsp;a \u201cla postura que niega la necesidad de una acci\u00f3n urgente o agresiva para mitigar o adaptarse a los efectos de ese cambio clim\u00e1tico\u201d (postura que, desde luego, sit\u00faa de entrada tal&nbsp;<em>retardismo&nbsp;<\/em>en el \u00e1mbito de la irracionalidad, y pone al grueso del movimiento ecologista fuera de cualquier acusaci\u00f3n de&nbsp;<em>retardismo<\/em>) y apunta que<\/p>\n\n\n\n<p>\u201cen el retardismo pueden confluir una infinidad de inquietudes, muchas de ellas no s\u00f3lo leg\u00edtimas, sino f\u00e1ciles de comprender y apoyar. Pienso en la preocupaci\u00f3n por el impacto medioambiental, por la profundizaci\u00f3n de la desigualdad territorial, en la desconfianza hacia las empresas energ\u00e9ticas, el Estado, y en general a la intromisi\u00f3n en nuestras localidades o regiones de poderes ajenos; otras pueden tener menos gancho, pero ser capaces de movilizar a una cantidad importante de personas, como el impacto en intereses empresariales muy concretos, o el simple deseo de rechazar los costes de una transici\u00f3n energ\u00e9tica sin rechazar sus beneficios.\u201d<a href=\"https:\/\/vientosur.info\/sobre-transiciones-energeticas-y-transiciones-ecologicas\/#sdfootnote24sym\"><sup>24<\/sup><\/a><\/p>\n\n\n\n<p>De manera harto significativa, entre las \u201cinquietudes leg\u00edtimas\u201d identificadas&nbsp;<em>falta la m\u00e1s importante de las razones<\/em>&nbsp;que pueden hacer enunciar el lema&nbsp;<em>renovables s\u00ed, pero no as\u00ed:&nbsp;<\/em>que lo que se presenta como transici\u00f3n energ\u00e9tica (ese mero a\u00f1adir m\u00f3dulos solares fotovoltaicos y molinos e\u00f3licos)&nbsp;<em>no lo es<\/em>. Que cualquier supuesta transici\u00f3n energ\u00e9tica que no apunte&nbsp;<em>en primer lugar, en el Norte global,&nbsp;<\/em>hacia formas de vida buena con fuerte decrecimiento en el consumo de energ\u00eda y materiales&nbsp;<em>no es una transici\u00f3n ecol\u00f3gica.<\/em><\/p>\n\n\n\n<p><strong>Una trampa civilizatoria<\/strong><\/p>\n\n\n\n<p>Vamos con decenios \u2013por no decir m\u00e1s de un siglo- de retraso. \u201cEl etanol se utiliz\u00f3 por primera vez en motores de combusti\u00f3n en 1826. Rudolf Diesel invent\u00f3 el motor di\u00e9sel en 1890 con la intenci\u00f3n de que funcionara con combustible biol\u00f3gico. La primera bater\u00eda pr\u00e1ctica, la c\u00e9lula Daniell, se invent\u00f3 en 1836. La primera c\u00e9lula de combustible de hidr\u00f3geno se invent\u00f3 en 1839. La crisis energ\u00e9tica de la d\u00e9cada de 1970 llev\u00f3 en EEUU al establecimiento del Departamento de Energ\u00eda en 1977, y desde entonces miles de millones de d\u00f3lares han financiado investigaci\u00f3n sobre energ\u00eda en universidades y Laboratorios Nacionales. El problema b\u00e1sico y no resuelto es que las fuentes de energ\u00eda alternativas requieren combustibles f\u00f3siles para cada paso de su ciclo de vida\u201d.<a href=\"https:\/\/vientosur.info\/sobre-transiciones-energeticas-y-transiciones-ecologicas\/#sdfootnote25sym\"><sup>25<\/sup><\/a><\/p>\n\n\n\n<p>Por ejemplo, producir polisilicio es un proceso altamente intensivo en electricidad. El analista alem\u00e1n Johannes Bernreuter se\u00f1ala que las tres cuartas partes del polisilicio existente, componente esencial para la construcci\u00f3n de c\u00e9lulas fotovoltaicas, procede de f\u00e1bricas chinas\u2026 cuya electricidad se genera a partir de carb\u00f3n.<a href=\"https:\/\/vientosur.info\/sobre-transiciones-energeticas-y-transiciones-ecologicas\/#sdfootnote26sym\"><sup>26<\/sup><\/a>&nbsp;Ahora que aumenta mucho la demanda de c\u00e9lulas fotovoltaicas para impulsar una \u201ctransici\u00f3n energ\u00e9tica verde\u201d, lo previsible es una explosi\u00f3n concomitante del uso de carb\u00f3n.<a href=\"https:\/\/vientosur.info\/sobre-transiciones-energeticas-y-transiciones-ecologicas\/#sdfootnote27sym\"><sup>27<\/sup><\/a>&nbsp;As\u00ed nos enga\u00f1amos a nosotros mismos, fingiendo que los desplazamientos de impactos son reducciones reales de los mismos\u2026<\/p>\n\n\n\n<p>La dependencia de nuestras renovables de alta tecnolog\u00eda con respecto a los combustibles f\u00f3siles es un asunto central.<a href=\"https:\/\/vientosur.info\/sobre-transiciones-energeticas-y-transiciones-ecologicas\/#sdfootnote28sym\"><sup>28<\/sup><\/a>&nbsp;\u201cLa inversi\u00f3n en renovables es en s\u00ed misma muy intensiva en energ\u00eda. As\u00ed que, a corto plazo, vamos a necesitar m\u00e1s crudo. (\u2026) John Hess, jefe del productor independiente de petr\u00f3leo de EE UU que lleva su nombre, predice que los 16 billones de inversiones verdes previstas \u2018turboalimentar\u00e1n\u2019 la demanda de petr\u00f3leo en un futuro pr\u00f3ximo\u201d.<a href=\"https:\/\/vientosur.info\/sobre-transiciones-energeticas-y-transiciones-ecologicas\/#sdfootnote29sym\"><sup>29<\/sup><\/a>&nbsp;O como lo explica Antonio Turiel:<\/p>\n\n\n\n<p>\u201cA d\u00eda de hoy nadie ha sido capaz de construir una presa hidroel\u00e9ctrica, un aerogenerador o una placa fotovoltaica de forma que en el proceso de fabricaci\u00f3n, instalaci\u00f3n, mantenimiento y desmantelamiento eventual no se utilicen combustibles f\u00f3siles. Nadie lo ha conseguido s\u00f3lo con energ\u00eda renovable porque no es evidente que se pueda hacer. A lo mejor se podr\u00eda en una virguer\u00eda t\u00e9cnica, pero seguramente gastar\u00edamos m\u00e1s energ\u00eda de la que el sistema nos devolver\u00eda, con lo cual tendr\u00edamos un sumidero energ\u00e9tico y no una fuente de energ\u00eda. Por otra parte, no nos damos cuenta de que materiales que damos por garantizados, como el cemento y el acero, dependen cr\u00edticamente de la existencia de combustibles f\u00f3siles. Nadie aborda este problema seriamente porque es un punto insalvable. No est\u00e1 en absoluto demostrado que estos sistemas se puedan hacer sin combustibles f\u00f3siles. De hecho, algunos autores dicen que los sistemas renovables actuales, los el\u00e9ctricos, son solamente extensiones de los combustibles f\u00f3siles. Obviamente tienen menos huella de carbono, emiten menos CO<sub>2<\/sub>&nbsp;por unidad de energ\u00eda producida, pero sin CO<sub>2<\/sub>&nbsp;f\u00f3sil no se pueden poner en marcha.\u201d<a href=\"https:\/\/vientosur.info\/sobre-transiciones-energeticas-y-transiciones-ecologicas\/#sdfootnote30sym\"><sup>30<\/sup><\/a><\/p>\n\n\n\n<p>Y profundizando un poco m\u00e1s en el asunto: como explican \u00d3scar Carpintero y Jaime Nieto, la construcci\u00f3n de estos dispositivos renovables de alta tecnolog\u00eda implica poder alcanzar altas temperaturas en la industria: entre 1480\u00baC y 1980\u00baC para los paneles fotovoltaicos; entre 980\u00baC y 1700\u00baC para el cemento y el acero de los aerogeneradores. Esto&nbsp;<em>requiere el uso de combustibles de alta densidad&nbsp;<\/em>como petr\u00f3leo, carb\u00f3n o gas. Con la gran mayor\u00eda de las tecnolog\u00edas renovables s\u00f3lo cabe lograr temperaturas para procesos industriales en la franja baja: menos de 400\u00baC. As\u00ed, si pensamos en la gran escala, \u201c<em>no es posible fabricar tecnolog\u00edas renovables con el uso de electricidad procedente de las propias fuentes renovables<\/em>, teniendo que acudir al consumo de combustibles f\u00f3siles. Por desgracia, las renovables no tienen autonom\u00eda que las haga independientes de los combustibles f\u00f3siles\u201d.<a href=\"https:\/\/vientosur.info\/sobre-transiciones-energeticas-y-transiciones-ecologicas\/#sdfootnote31sym\"><sup>31<\/sup><\/a><\/p>\n\n\n\n<p><strong>Recetas factibles frente a tecnolog\u00edas viables<\/strong><\/p>\n\n\n\n<p>Ahora bien, asumiendo que las fuentes de energ\u00eda alternativas requieren combustibles f\u00f3siles para cada paso de su ciclo de vida, supongamos&nbsp;<em>for the sake of the argument&nbsp;<\/em>\u2013es much\u00edsimo suponer\u2013 que se lograra una transici\u00f3n al \u201c100% renovable\u201d (entendido convencionalmente) en los estrictos plazos impuestos por la tragedia clim\u00e1tica, dos o tres decenios (en realidad, la urgencia que impone esa tragedia clim\u00e1tica en curso es mayor, y las transiciones energ\u00e9ticas de la sociedad industrial han operado con plazos mucho m\u00e1s largos).<a href=\"https:\/\/vientosur.info\/sobre-transiciones-energeticas-y-transiciones-ecologicas\/#sdfootnote32sym\"><sup>32<\/sup><\/a>&nbsp;En ese per\u00edodo de transici\u00f3n&nbsp;<em>las emisiones de GEI apenas menguar\u00edan o incluso podr\u00edan aumentar<\/em>&nbsp;(por la dependencia de los combustibles f\u00f3siles ya mencionada y por el impulso del crecimiento econ\u00f3mico que se sigue buscando). Es lo que el profesor de la UPM Mariano V\u00e1zquez Esp\u00ed (miembro del Grupo de Investigaci\u00f3n en Arquitectura, Urbanismo y Sostenibilidad) ha propuesto (s\u00f3lo medio en broma) llamar la \u201cparadoja de Carpintero\u201d (por el economista ecol\u00f3gico \u00d3scar Carpintero, profesor de la Universidad de Valladolid) siguiendo la estela de la&nbsp;<em>paradoja de Jevons<\/em>&nbsp;(que ven\u00eda a decir que el aumento de rendimiento de las m\u00e1quinas de vapor, lejos de disminuir el consumo de carb\u00f3n, en conjunto lo aumentaba). La enuncio, dice V\u00e1zquez Esp\u00ed, \u201ca mi manera, sin permiso de su autor: en la situaci\u00f3n actual, construir todo lo necesario para una transici\u00f3n hacia el&nbsp;<em>todo renovable<\/em>&nbsp;para 2050 o as\u00ed, lejos de disminuir las emisiones de GEI, las aumentar\u00e1\u201d.<a href=\"https:\/\/vientosur.info\/sobre-transiciones-energeticas-y-transiciones-ecologicas\/#sdfootnote33sym\"><sup>33<\/sup><\/a><\/p>\n\n\n\n<p>La vida \u00fatil de aerogeneradores y c\u00e9lulas fotovoltaicas se sit\u00faa, a lo m\u00e1s, en ese plazo: dos o tres decenios. De manera que&nbsp;<em>apenas completada la instalaci\u00f3n de la primera generaci\u00f3n de m\u00e1quinas habr\u00eda que empezar ya a sustituirlas. \u00bfC\u00f3mo se har\u00eda<\/em>, si no disponemos de sistemas de alta tecnolog\u00eda para la captaci\u00f3n de energ\u00eda renovable que se reproduzcan a s\u00ed mismos? Y no se crea que nos hemos encontrado de repente con este problema: hace medio siglo, Nicholas Georgescu-Roegen ya lo formul\u00f3 en estos t\u00e9rminos.<\/p>\n\n\n\n<p>\u201cLas tecnolog\u00edas viables basadas en la radiaci\u00f3n solar o en las reacciones nucleares requieren, para darles forma, una inmensa cantidad de materiales \u2013en el primer caso, para concentrar su baja densidad; y en el \u00faltimo, para restringir su alta densidad\u2013. \u00danicamente los combustibles f\u00f3siles pueden ser utilizados con instalaciones m\u00e1s peque\u00f1as, y en algunos casos virtualmente sin instalaci\u00f3n alguna. (\u2026) La materia es un factor tecnol\u00f3gico tan crucial [y restrictivo] como la energ\u00eda.\u201d<a href=\"https:\/\/vientosur.info\/sobre-transiciones-energeticas-y-transiciones-ecologicas\/#sdfootnote34sym\"><sup>34<\/sup><\/a><\/p>\n\n\n\n<p>Como Ernest Garcia ha recordado en numerosas ocasiones,<a href=\"https:\/\/vientosur.info\/sobre-transiciones-energeticas-y-transiciones-ecologicas\/#sdfootnote35sym\"><sup>35<\/sup><\/a>&nbsp;Nicholas Georgescu-Roegen formul\u00f3 una distinci\u00f3n entre&nbsp;<em>recetas factibles<\/em>&nbsp;(cosas que sabemos hacer) y&nbsp;<em>tecnolog\u00edas viables<\/em>&nbsp;(conjuntos de recetas factibles autosostenidas por un proceso de alimentaci\u00f3n b\u00e1sico). Se podr\u00eda hablar tambi\u00e9n de&nbsp;<em>sistemas sociot\u00e9cnicos autorreproducibles&nbsp;<\/em>o&nbsp;<em>matrices t\u00e9cnicas durables<\/em>. Las tecnolog\u00edas viables han de ser autorreproductivas.<\/p>\n\n\n\n<p>Georgescu-Roegen dec\u00eda que, a lo largo de la historia humana, s\u00f3lo han existido dos tecnolog\u00edas viables: el control del fuego \u2013sociedades preindustriales, Prometeo I\u2013 y la m\u00e1quina de vapor \u2013sociedades industriales, Prometeo II\u2013. Ahora que llega a su fin el modelo energ\u00e9tico fosilista, \u00bfcu\u00e1l ser\u00e1 la tercera tecnolog\u00eda viable \u2013si es que llega a haberla (Prometeo III)\u2013?<a href=\"https:\/\/vientosur.info\/sobre-transiciones-energeticas-y-transiciones-ecologicas\/#sdfootnote36sym\"><sup>36<\/sup><\/a><\/p>\n\n\n\n<p>Como explica Art Berman, \u201cuna econom\u00eda 100% renovable es un concepto correcto s\u00f3lo en el caso de que estemos dispuestos a aceptar un nivel de vida m\u00e1s bajo y una poblaci\u00f3n mucho menor que la actual. Los seres humanos nunca han pasado de una fuente de energ\u00eda de mayor densidad a una de menor densidad. Un mundo de energ\u00edas renovables tendr\u00eda una econom\u00eda m\u00e1s peque\u00f1a y menos productiva debido a la menor densidad energ\u00e9tica de sus fuentes primarias. Soy un defensor de la energ\u00eda solar y e\u00f3lica, y me tomo el cambio clim\u00e1tico muy en serio. Sin embargo, es fundamental que la gente sepa la verdad:&nbsp;<em>el mundo ser\u00e1 mucho m\u00e1s pobre cuando se abandone la energ\u00eda f\u00f3sil<\/em>.\u201d<a href=\"https:\/\/vientosur.info\/sobre-transiciones-energeticas-y-transiciones-ecologicas\/#sdfootnote37sym\"><sup>37<\/sup><\/a><\/p>\n\n\n\n<p>Si no captamos la dependencia profunda de las sociedades industriales con respecto a los combustibles f\u00f3siles, infravaloraremos las dificultades de cualquier transici\u00f3n ecosocial poscapitalista en serio. Y si abrimos los ojos al profundo car\u00e1cter fosilista del capitalismo, aparece&nbsp;<em>una fenomenal dificultad estrat\u00e9gica: descarbonizar significa empobrecernos<\/em>,<a href=\"https:\/\/vientosur.info\/sobre-transiciones-energeticas-y-transiciones-ecologicas\/#sdfootnote38sym\"><sup>38<\/sup><\/a>&nbsp;y parece harto dif\u00edcil movilizar a la sociedad en pos de objetivos clim\u00e1ticos y ecol\u00f3gicos que van de la mano con cierto empobrecimiento. Tal es la dura p\u00edldora que hemos de tragar, no dorarla. (Y a continuaci\u00f3n, por supuesto, podemos y debemos matizar sobre qu\u00e9 es pobreza y riqueza, qu\u00e9 es escasez y abundancia, y c\u00f3mo son pensables vidas buenas para todo el mundo con un uso mucho menor de energ\u00eda y materiales.)<a href=\"https:\/\/vientosur.info\/sobre-transiciones-energeticas-y-transiciones-ecologicas\/#sdfootnote39sym\"><sup>39<\/sup><\/a><\/p>\n\n\n\n<p><strong>Dejar ir<\/strong><\/p>\n\n\n\n<p>La palabra clave para cualquier transici\u00f3n ecol\u00f3gica es&nbsp;<em>menos&nbsp;<\/em>(decrecimiento), pero nos empe\u00f1amos en seguir usando&nbsp;<em>m\u00e1s.&nbsp;<\/em>\u201cSi no hay paneles fotovoltaicos\u201d \u2e3ase nos dice\u2e3a \u201chabr\u00e1 carb\u00f3n, gas y petr\u00f3leo\u201d. Lo excluido de antemano en el debate es lo \u00fanico que de verdad nos sacar\u00eda de la trayectoria de ecocidio m\u00e1s genocidio: usar (mucha) menos energ\u00eda\u2026<\/p>\n\n\n\n<p>El mero a\u00f1adir (potencia de generaci\u00f3n el\u00e9ctrica con renovables) no es realizar ninguna transici\u00f3n. Es necesario tambi\u00e9n soltar, desprenderse, saber dejar ir. Eso nos cuesta horrores, casi siempre, en nuestra vida personal; tambi\u00e9n en nuestra vida colectiva.<\/p>\n\n\n\n<p>Otra forma de enunciar la palabra clave para una verdadera transici\u00f3n ecol\u00f3gica, si estamos conversando en el Norte global, ser\u00eda&nbsp;<em>renuncia&nbsp;<\/em>(o&nbsp;<em>ascesis,&nbsp;<\/em>si lo prefieren ustedes m\u00e1s bien en griego). Renuncia a segmentos del dominio humano; la apropiaci\u00f3n de espacio ecol\u00f3gico; la explotaci\u00f3n colonial que se nos convirti\u00f3 en neocolonial; el abuso patriarcal sobre las mujeres; el&nbsp;<em>entertainment&nbsp;<\/em>que desvalija nuestra conciencia y atenci\u00f3n; el confort que encubre las estructuras del crimen.<\/p>\n\n\n\n<p>Ya s\u00e9 que la renuncia no es una idea popular. Pero \u00bfqu\u00e9 va a pasar cuando, a pesar de la penetraci\u00f3n de e\u00f3lica y fotovoltaica en los sistemas el\u00e9ctricos de algunos pa\u00edses, sigan aumentando las emisiones de GEI a escala planetaria \u2e3acomo lo est\u00e1n haciendo ahora? \u00bfQu\u00e9 suceder\u00e1 cuando m\u00e1s y m\u00e1s pa\u00edses de la periferia vayan desplom\u00e1ndose? \u00bfQu\u00e9 ocurrir\u00e1 si entramos en la fase de&nbsp;<em>runaway climate change<\/em>&nbsp;y hay que dar casi todo por perdido?<\/p>\n\n\n\n<p>Como indicaba un investigador y divulgador en Twitter, las renovables de alta tecnolog\u00eda son aparatos admirables que&nbsp;<em>no<\/em>&nbsp;pueden sostener este modelo civilizacional ni ayudar con el&nbsp;<em>overshoot<\/em>&nbsp;ecol\u00f3gico. \u201cEl foco principal tendr\u00eda que ser c\u00f3mo reducimos y simplificamos nuestra civilizaci\u00f3n para vivir dentro de los l\u00edmites ecol\u00f3gicos planetarios y a su vez cubrir las necesidades b\u00e1sicas de toda la poblaci\u00f3n. \u00c9ste y no otro es el gran reto de la d\u00e9cada. Dentro de esa transici\u00f3n ecol\u00f3gica real (reducci\u00f3n fuerte de la producci\u00f3n y el consumo), las renovables tienen un papel que jugar\u2026\u201d<a href=\"https:\/\/vientosur.info\/sobre-transiciones-energeticas-y-transiciones-ecologicas\/#sdfootnote40sym\"><sup>40<\/sup><\/a><\/p>\n\n\n\n<p>Concluyamos. Habr\u00e1 un cambio relevante en la generaci\u00f3n el\u00e9ctrica en pa\u00edses como Espa\u00f1a (est\u00e1 en curso) y lo llamar\u00e1n \u201ctransici\u00f3n ecol\u00f3gica\u201d. Pero ser\u00e1 un jugar con las palabras, porque por desgracia no superar\u00e1 la prueba de la pr\u00e1ctica: evitar el ecocidio m\u00e1s genocidio hacia el que avanzamos. Y nos autoenga\u00f1aremos (estamos en ello) como el borracho que busca las llaves debajo de la farola.<a href=\"https:\/\/vientosur.info\/sobre-transiciones-energeticas-y-transiciones-ecologicas\/#sdfootnote41sym\"><sup>41<\/sup><\/a><\/p>\n\n\n\n<p>La pregunta clave de la transici\u00f3n ecol\u00f3gica no es cu\u00e1ntos MW de e\u00f3lica y solar fotovoltaica vamos a poder enchufar a la red el\u00e9ctrica,<a href=\"https:\/\/vientosur.info\/sobre-transiciones-energeticas-y-transiciones-ecologicas\/#sdfootnote42sym\"><sup>42<\/sup><\/a>&nbsp;sino: \u00bfqu\u00e9 niveles in\u00e9ditos de amor, justicia y racionalidad vamos a ser capaces de desplegar? Y de momento no estamos respondiendo bien\u2026<\/p>\n\n\n\n<p><strong>Notas<\/strong>:<\/p>\n\n\n\n<p><a href=\"https:\/\/vientosur.info\/sobre-transiciones-energeticas-y-transiciones-ecologicas\/#sdfootnote1anc\">1<\/a>&nbsp;Walter Benjamin,&nbsp;<em>Obras,<\/em>&nbsp;libro II, volumen 1, Abada eds., Madrid 2016, p. 10.<\/p>\n\n\n\n<p><a href=\"https:\/\/vientosur.info\/sobre-transiciones-energeticas-y-transiciones-ecologicas\/#sdfootnote2anc\">2<\/a>&nbsp;Citado por Paco Fern\u00e1ndez Buey en una conferencia que dict\u00f3 en la Facultad de Humanidades de la UPF, 28 de abril de 1998. Ahora recuperado por Salvador L\u00f3pez Arnal en&nbsp;<a href=\"https:\/\/espai-marx.net\/?p=12745\" target=\"_blank\" rel=\"noreferrer noopener\">https:\/\/espai-marx.net\/?p=12745<\/a><\/p>\n\n\n\n<p><a href=\"https:\/\/vientosur.info\/sobre-transiciones-energeticas-y-transiciones-ecologicas\/#sdfootnote3anc\">3<\/a>&nbsp;Editoral de&nbsp;<em>Nature:&nbsp;<\/em>\u201c\u00bfExisten l\u00edmites al crecimiento econ\u00f3mico? Es hora de poner fin a una discusi\u00f3n de 50 a\u00f1os\u201d, traducido en&nbsp;<em>Viento Sur,&nbsp;<\/em>18 de junio de 2022;&nbsp;<a href=\"https:\/\/vientosur.info\/existen-limites-al-crecimiento-economico-es-hora-de-poner-fin-a-una-discusion-de-50-anos\/\">https:\/\/vientosur.info\/existen-limites-al-crecimiento-economico-es-hora-de-poner-fin-a-una-discusion-de-50-anos\/<\/a>&nbsp;. Texto original en&nbsp;<em>Nature<\/em>&nbsp;603, 361 (2022), 16 de marzo de 2022;&nbsp;<a href=\"https:\/\/www.nature.com\/articles\/d41586-022-00723-1\" target=\"_blank\" rel=\"noreferrer noopener\">https:\/\/www.nature.com\/articles\/d41586-022-00723-1<\/a><\/p>\n\n\n\n<p><a href=\"https:\/\/vientosur.info\/sobre-transiciones-energeticas-y-transiciones-ecologicas\/#sdfootnote4anc\">4<\/a>&nbsp;\u201cInvestigadores como Johan Rockstr\u00f6m, del Instituto de Investigaci\u00f3n del Impacto Clim\u00e1tico de Potsdam (Alemania), defienden que las econom\u00edas pueden crecer sin hacer inhabitable el planeta. Se\u00f1alan que hay pruebas, sobre todo en los pa\u00edses n\u00f3rdicos, de que las econom\u00edas pueden seguir creciendo aunque las emisiones de carbono empiecen a bajar. Esto demuestra que lo que se necesita es una adopci\u00f3n mucho m\u00e1s r\u00e1pida de la tecnolog\u00eda, como las energ\u00edas renovables. Un movimiento de investigaci\u00f3n paralelo, conocido como \u2018post-crecimiento\u2019 o \u2018decrecimiento\u2019, afirma que el mundo debe abandonar la idea de que las econom\u00edas deben seguir creciendo, porque el propio crecimiento es perjudicial. Entre sus defensores se encuentra Kate Raworth, economista de la Universidad de Oxford (Reino Unido) y autora del libro de 2017&nbsp;<em>Doughnut Economics<\/em>, que ha inspirado su propio movimiento mundial (\u2026). Ambas comunidades deben esforzarse m\u00e1s por hablar entre ellas, en lugar de hacerlo contra ellas. No ser\u00e1 f\u00e1cil, pero el aprecio por la misma literatura podr\u00eda ser un punto de partida. Al fin y al cabo, los l\u00edmites inspiraron tanto a la comunidad del crecimiento verde como a la del poscrecimiento, y ambas se vieron igualmente influidas por el primer estudio sobre los l\u00edmites planetarios (J. Rockstr\u00f6m et al.&nbsp;<em>Nature<\/em>&nbsp;461, 472-475; 2009), que intent\u00f3 definir los l\u00edmites de los procesos biof\u00edsicos que determinan la capacidad de autorregulaci\u00f3n de la Tierra\u201d.<\/p>\n\n\n\n<p><a href=\"https:\/\/vientosur.info\/sobre-transiciones-energeticas-y-transiciones-ecologicas\/#sdfootnote5anc\">5<\/a>&nbsp;Yo contest\u00e9: o si no se puede hacer de ninguna de las dos formas, querido amigo \u2013que es, me temo, nuestra situaci\u00f3n real. Pero quede esbozada esa reflexi\u00f3n apor\u00e9tica y aparcada para mejor ocasi\u00f3n.<\/p>\n\n\n\n<p><a href=\"https:\/\/vientosur.info\/sobre-transiciones-energeticas-y-transiciones-ecologicas\/#sdfootnote6anc\">6<\/a>&nbsp;Para esto v\u00e9ase por ejemplo&nbsp;<em>Petrocalipsis&nbsp;<\/em>de Antonio Turiel (ed. Alfabeto, Madrid 2020), p. 117-123.<\/p>\n\n\n\n<p><a href=\"https:\/\/vientosur.info\/sobre-transiciones-energeticas-y-transiciones-ecologicas\/#sdfootnote7anc\">7<\/a>.&nbsp;<a href=\"https:\/\/twitter.com\/crendueles\/status\/1625856680612495363\" target=\"_blank\" rel=\"noreferrer noopener\">https:\/\/twitter.com\/crendueles\/status\/1625856680612495363<\/a><\/p>\n\n\n\n<p><a href=\"https:\/\/vientosur.info\/sobre-transiciones-energeticas-y-transiciones-ecologicas\/#sdfootnote8anc\">8<\/a>&nbsp;\u201c\u00bfQu\u00e9 es el t\u00fanel de carbono? Es ver la realidad \u00fanicamente a trav\u00e9s de las emisiones de carbono. Considerar un producto o servicio (una manzana, una chaqueta o el suministro de electricidad de nuestro hogar) \u00fanicamente en funci\u00f3n de cu\u00e1ntos gramos de di\u00f3xido de carbono se hayan generado por el hecho de producirlo. En el caso particular de las plantas solares, esta visi\u00f3n de t\u00fanel nos est\u00e1 llevando a disfunciones muy serias sobre la ordenaci\u00f3n territorial. La transici\u00f3n ecol\u00f3gica, aunque algunos la constri\u00f1an por inter\u00e9s o desconocimiento, va mucho m\u00e1s all\u00e1 de la transici\u00f3n energ\u00e9tica, y esta excede a su vez el simple hecho de cambiar el enchufe f\u00f3sil por uno renovable. \u00bfD\u00f3nde se produce la energ\u00eda? \u00bfQu\u00e9 coste de oportunidad tiene para el territorio? \u00bfQui\u00e9n se beneficia de ella? \u00bfC\u00f3mo se reparte? \u00bfQu\u00e9 poder de decisi\u00f3n tienen los habitantes? \u00bfImpulsa o corrige los desequilibrios territoriales? \u00bfD\u00f3nde queda la biodiversidad, d\u00f3nde la agricultura, d\u00f3nde los paisajes? \u00bfEn qu\u00e9 medida participan las ciudades de ese esfuerzo? \u00bfCondicionaremos la demanda o \u00fanicamente apostaremos por aumentar la oferta?\u201d Andreu Escriv\u00e0, \u201cUn deslumbrante t\u00fanel de carbono\u201d,&nbsp;<em>El Pa\u00eds\/ Comunidad Valenciana,&nbsp;<\/em>1 de octubre de 2022;&nbsp;<a href=\"https:\/\/elpais.com\/espana\/comunidad-valenciana\/2022-10-01\/un-deslumbrante-tunel-de-carbono.html\" target=\"_blank\" rel=\"noreferrer noopener\">https:\/\/elpais.com\/espana\/comunidad-valenciana\/2022-10-01\/un-deslumbrante-tunel-de-carbono.html<\/a><\/p>\n\n\n\n<p><a href=\"https:\/\/vientosur.info\/sobre-transiciones-energeticas-y-transiciones-ecologicas\/#sdfootnote9anc\">9<\/a>&nbsp;Alejandro Tena, \u201cEl despliegue de renovables abre un cisma en la lucha clim\u00e1tica: \u00bfc\u00f3mo acelerar la transici\u00f3n energ\u00e9tica y proteger el paisaje?\u201d,&nbsp;<em>P\u00fablico,&nbsp;<\/em>17 de diciembre de 2022;&nbsp;<a href=\"https:\/\/www.publico.es\/sociedad\/despliegue-renovables-abre-cisma-lucha-climatica-acelerar-transicion-energetica-proteger-paisaje.html\" target=\"_blank\" rel=\"noreferrer noopener\">https:\/\/www.publico.es\/sociedad\/despliegue-renovables-abre-cisma-lucha-climatica-acelerar-transicion-energetica-proteger-paisaje.html<\/a><\/p>\n\n\n\n<p><a href=\"https:\/\/vientosur.info\/sobre-transiciones-energeticas-y-transiciones-ecologicas\/#sdfootnote10anc\">10<\/a>&nbsp;Como ha se\u00f1alado en m\u00e1s de una ocasi\u00f3n Nate Hagens, \u201cninguna industria en el mundo ser\u00eda rentable si se incluyese el coste completo de todos los costes externalizados (por ejemplo, un coste completo de 0\u201938 $ de los impactos da\u00f1inos del kWh obtenido mediante la quema de carb\u00f3n, en lugar de 0\u201904 $)\u201d (Hagens, \u201c\u00bfA d\u00f3nde vamos? Los cuarenta tipos de gris\u201d, revista digital&nbsp;<em>15-15-15,&nbsp;<\/em>13 de julio de 2018;&nbsp;<a href=\"https:\/\/www.15-15-15.org\/webzine\/2018\/07\/13\/a-donde-vamos-los-cuarenta-tipos-de-gris\/\" target=\"_blank\" rel=\"noreferrer noopener\">https:\/\/www.15-15-15.org\/webzine\/2018\/07\/13\/a-donde-vamos-los-cuarenta-tipos-de-gris\/<\/a>&nbsp;).<\/p>\n\n\n\n<p>Impresiona releer hoy textos como los del institucionalista Karl William Kapp, un economista alem\u00e1n que se exili\u00f3 y trabaj\u00f3 en EE.UU., que en 1950 publica la primera edici\u00f3n de&nbsp;<em>Los costes sociales de la empresa privada<\/em>&nbsp;(edici\u00f3n en la colecci\u00f3n CL\u00c1SICOS DEL PENSAMIENTO CR\u00cdTICO de Los Libros de la Catarata, Madrid, 2006). Hace m\u00e1s de siete decenios Kapp, en ese libro, escribe sobre la ubicuidad y enorme magnitud de las \u201cexternalidades\u201d, sobre la destructividad socioecol\u00f3gica del capitalismo y sobre sostenibilidad: no con el lenguaje con el que estamos hablando ahora, pero con enorme lucidez sobre estas cuestiones que ahora a muchos les parecen \u201cnuevas\u201d.<\/p>\n\n\n\n<p><a href=\"https:\/\/vientosur.info\/sobre-transiciones-energeticas-y-transiciones-ecologicas\/#sdfootnote11anc\">11<\/a>&nbsp;Estamos hablando de extralimitaci\u00f3n ecol\u00f3gica, crisis energ\u00e9tica, desgarro de la trama de la vida, p\u00e9rdida de biodiversidad, extractivismo (con explotaci\u00f3n intensiva de recursos renovables y no renovables), sobrepesca, desforestaci\u00f3n, destrucci\u00f3n del suelo f\u00e9rtil, desertificaci\u00f3n, escasez de agua dulce, calentamiento global, alteraci\u00f3n de grandes ciclos biogeoqu\u00edmicos (como los del nitr\u00f3geno y el f\u00f3sforo), contaminaci\u00f3n qu\u00edmica persistente, dependencia alimentaria de recursos finitos, aumento de enfermedades de origen zoon\u00f3tico, incremento de las resistencias bacterianas\u2026<\/p>\n\n\n\n<p><a href=\"https:\/\/vientosur.info\/sobre-transiciones-energeticas-y-transiciones-ecologicas\/#sdfootnote12anc\">12<\/a>&nbsp;En 2016, Adidas y Nike promet\u00edan a los corredores de fondo construir \u201czapatillas m\u00e1gicas\u201d para posibilitar r\u00e9cords mundiales en marat\u00f3n que rebajen la barrera de las dos horas (el r\u00e9cord estaba en 2 horas, 2 minutos y 57 segundos en 2016-17). Parece que Nike ha avanzado m\u00e1s en el asunto con su modelo Vaporfly Elite (\u00a1n\u00e1 menos!), que reducir\u00eda un 4% el gasto energ\u00e9tico necesario para correr. V\u00e9ase C. Arribas: \u201cLa pol\u00e9mica est\u00e1 en la mediasuela\u201d,&nbsp;<em>El Pa\u00eds,&nbsp;<\/em>20 de marzo de 2017;&nbsp;<a href=\"http:\/\/deportes.elpais.com\/deportes\/2017\/03\/19\/actualidad\/1489949905_491011.html\" target=\"_blank\" rel=\"noreferrer noopener\">http:\/\/deportes.elpais.com\/deportes\/2017\/03\/19\/actualidad\/1489949905_491011.html<\/a><\/p>\n\n\n\n<p><a href=\"https:\/\/vientosur.info\/sobre-transiciones-energeticas-y-transiciones-ecologicas\/#sdfootnote13anc\">13<\/a>&nbsp;V\u00e9ase, entre otros textos, Emilio Santiago Mu\u00ed\u00f1o, Jaime Vindel y C\u00e9sar Rendueles: \u201cColapsismo. La cancelaci\u00f3n ecologista del futuro\u201d,&nbsp;<em>Corriente c\u00e1lida,&nbsp;<\/em>14 de noviembre de 2022;&nbsp;<a href=\"https:\/\/corrientecalida.com\/colapsismo\/\" target=\"_blank\" rel=\"noreferrer noopener\">https:\/\/corrientecalida.com\/colapsismo\/<\/a><\/p>\n\n\n\n<p><a href=\"https:\/\/vientosur.info\/sobre-transiciones-energeticas-y-transiciones-ecologicas\/#sdfootnote14anc\">14<\/a>&nbsp;Intervenci\u00f3n en el Instituto de Transici\u00f3n Romper el C\u00edrculo, M\u00f3stoles, 11 de noviembre de 2018.<\/p>\n\n\n\n<p><a href=\"https:\/\/vientosur.info\/sobre-transiciones-energeticas-y-transiciones-ecologicas\/#sdfootnote15anc\">15<\/a>&nbsp;Jorgen Randers,&nbsp;<em>2052 \u2013 A Global Forecast for the Next Forty Years<\/em>, Chelsea Green Publishing 2012.<\/p>\n\n\n\n<p><a href=\"https:\/\/vientosur.info\/sobre-transiciones-energeticas-y-transiciones-ecologicas\/#sdfootnote16anc\">16<\/a>&nbsp;Escribe Jos\u00e9 Mar\u00eda Lasalle: \u201cLa seguridad se ha colado en el inconsciente europeo por la puerta de atr\u00e1s del miedo. Esto cambia la solidaridad continental de un eje de consenso Norte-Sur a otro Este-Oeste. Modifica el dise\u00f1o de una econom\u00eda verde a otra armamentista y geopol\u00edtica\u201d (\u201cMackinder, China y el imperio gamberro\u201d,&nbsp;<em>El Pa\u00eds,&nbsp;<\/em>16 de marzo de 2022). Escribe Cecilia Carballo: \u201cCorremos el riesgo de perder el tren de la transici\u00f3n ecol\u00f3gica por la crisis de seguridad derivada de la invasi\u00f3n de Ucrania. Lo que la pandemia coloc\u00f3 en la agenda y aceler\u00f3 podr\u00eda ser ahora relegado y postergado como consecuencia de la crisis militar y de seguridad. Pese a llevar d\u00e9cadas hablando de transici\u00f3n energ\u00e9tica, los combustibles f\u00f3siles representan todav\u00eda el 80% de la energ\u00eda primaria y lamentablemente, el despliegue de renovables solo ha servido para cubrir una demanda adicional que no deja de crecer\u201d (\u201cSi Europa quiere, puede\u201d,&nbsp;<em>El Pa\u00eds,&nbsp;<\/em>22 de marzo de 2022).<\/p>\n\n\n\n<p><a href=\"https:\/\/vientosur.info\/sobre-transiciones-energeticas-y-transiciones-ecologicas\/#sdfootnote17anc\">17<\/a>&nbsp;Dos libros densos y breves para explicar esta perspectiva: el de Alice J. Friedemann ya antes citado (<em>Life After Fossil Fuels)<\/em>&nbsp;y&nbsp;<em>Petrocalipsis&nbsp;<\/em>de Antonio Turiel (ed. Alfabeto, Madrid 2020). V\u00e9ase tambi\u00e9n Megan Seibert y William E. Rees, \u201cPor el ojo de una aguja. Una perspectiva eco-heterodoxa sobre la transici\u00f3n a las energ\u00edas renovables\u201d, revista&nbsp;<em>15-15-15,&nbsp;<\/em>11 de diciembre de 2021;&nbsp;<a href=\"https:\/\/www.15-15-15.org\/webzine\/2021\/12\/11\/por-el-ojo-de-la-aguja-una-perspectiva-eco-heterodoxa-sobre-la-transicion-a-las-energias-renovables\/\" target=\"_blank\" rel=\"noreferrer noopener\">https:\/\/www.15-15-15.org\/webzine\/2021\/12\/11\/por-el-ojo-de-la-aguja-una-perspectiva-eco-heterodoxa-sobre-la-transicion-a-las-energias-renovables\/<\/a>&nbsp;. As\u00ed como el n\u00famero 156 (monogr\u00e1fico sobre crisis energ\u00e9tica) de&nbsp;<em>Papeles de Relaciones Ecosociales y Cambio Global<\/em>, Madrid, invierno 2021-22.<\/p>\n\n\n\n<p><a href=\"https:\/\/vientosur.info\/sobre-transiciones-energeticas-y-transiciones-ecologicas\/#sdfootnote18anc\">18<\/a>&nbsp;Este destacado investigador estadounidense muestra que las energ\u00edas renovables de alta tecnolog\u00eda no pueden considerarse la soluci\u00f3n definitiva a nuestra crisis clim\u00e1tica y ecosocial (pero tampoco son una causa perdida). Arguye que necesitamos desarrollar un plan realista para el descenso energ\u00e9tico, en lugar de insistir en sue\u00f1os ilusos de abundancia eterna para el consumidor por medios distintos a los combustibles f\u00f3siles. Despu\u00e9s de que la febril etapa de los combustibles f\u00f3siles haya terminado, se\u00f1ala Heinberg, volveremos a la energ\u00eda renovable, de una forma u otra. Ser\u00eda preferible hacer una transici\u00f3n parcial a las energ\u00edas renovables que nos permitiera mantener algo de lo mejor que hemos logrado en las \u00faltimas d\u00e9cadas de uso intensivo de energ\u00eda: pero esto no es una cuesti\u00f3n de enunciar buenos deseos, sino de evaluar posibilidades de forma realista. Y por desgracia tal conservaci\u00f3n de logros sociot\u00e9cnicos ser\u00e1 imposible sin redes el\u00e9ctricas en funcionamiento, que resultan dif\u00edciles de mantener. Si pudi\u00e9ramos usar energ\u00eda hidroel\u00e9ctrica, solar, e\u00f3lica y geot\u00e9rmica para alimentar redes reducidas, locales y de baja tensi\u00f3n, eso facilitar\u00eda enormemente la transici\u00f3n que ha de abandonar de los combustibles f\u00f3siles\u2026 El autor desarrolla esta l\u00ednea de razonamiento en Richard Heinberg, \u201cA realistic \u2018energy transition\u2019 is to get better at using less of it\u201d,&nbsp;<em>Resilience,&nbsp;<\/em>17 de febrero de 2023;&nbsp;<a href=\"https:\/\/www.resilience.org\/stories\/2023-02-17\/a-realistic-energy-transition-is-to-get-better-at-using-less-of-it\/\" target=\"_blank\" rel=\"noreferrer noopener\">https:\/\/www.resilience.org\/stories\/2023-02-17\/a-realistic-energy-transition-is-to-get-better-at-using-less-of-it\/<\/a><\/p>\n\n\n\n<p>Su conclusi\u00f3n es que \u201cen la actualidad, la insistencia pol\u00edtica en mantener el crecimiento econ\u00f3mico est\u00e1 desalentando la b\u00fasqueda de la verdad y la planificaci\u00f3n seria acerca de c\u00f3mo vivir bien con menos recursos\u201d.<\/p>\n\n\n\n<p><a href=\"https:\/\/vientosur.info\/sobre-transiciones-energeticas-y-transiciones-ecologicas\/#sdfootnote19anc\">19<\/a>&nbsp;Jean-Baptiste Fressoz, \u201cPour une histoire d\u00e9sorient\u00e9e de l\u2019\u00e9nergie\u201d,&nbsp;<em>Entropia. Revue d\u2019\u00e9tude th\u00e9orique et politique de la d\u00e9croissance&nbsp;<\/em>15, oto\u00f1o de 2013.<\/p>\n\n\n\n<p>En una entrevista explica Franquesa: \u201cEl concepto de transici\u00f3n energ\u00e9tica nos remite a una historia de sustituciones, o presuntamente sustituciones, de fuentes energ\u00e9ticas. Tendr\u00edamos una especie de secuencia donde habr\u00edamos pasado de unas fuentes a otras. Pero si uno mira la historia de consumo, y hablo a nivel mundial pero lo podr\u00edamos bajar a nivel nacional o continental, esta sustituci\u00f3n no existe. Es decir, cuando el petr\u00f3leo adelanta al carb\u00f3n como primera fuente energ\u00e9tica a nivel mundial el consumo de carb\u00f3n sigue subiendo. Ahora mismo lo que se da es una adici\u00f3n, una suma. Incluso si pensamos en t\u00e9rminos de renovables, la reducci\u00f3n de consumo f\u00f3sil en los \u00faltimos a\u00f1os es m\u00ednima y se da en un contexto de decrecimiento del consumo energ\u00e9tico a nivel mundial. Con lo cual, lo que tenemos es que las nuevas fuentes que se van utilizando lo que hacen es a\u00f1adir a lo que ya ten\u00edamos para suplir una demanda creciente. Con lo que la transici\u00f3n energ\u00e9tica no existe\u2026\u201d Jaume Franquesa, \u201cLa transici\u00f3n energ\u00e9tica no existe\u201d (entrevista),&nbsp;<em>El Salto,&nbsp;<\/em>12 de febrero de 2023;&nbsp;<a href=\"https:\/\/www.elsaltodiario.com\/energias-renovables\/jaume-franquesa-transicion-energetica-no-existe\" target=\"_blank\" rel=\"noreferrer noopener\">https:\/\/www.elsaltodiario.com\/energias-renovables\/jaume-franquesa-transicion-energetica-no-existe<\/a>&nbsp;. El autor est\u00e1 presentando tesis de su libro&nbsp;<a href=\"https:\/\/erratanaturae.com\/product\/molinos-y-gigantes\/\" target=\"_blank\" rel=\"noreferrer noopener\"><em>Molinos y gigantes: la lucha por la dignidad, la soberan\u00eda energ\u00e9tica y la transici\u00f3n ecol\u00f3gica<\/em><\/a>&nbsp;(Errata Naturae, 2023).<\/p>\n\n\n\n<p><a href=\"https:\/\/vientosur.info\/sobre-transiciones-energeticas-y-transiciones-ecologicas\/#sdfootnote20anc\">20<\/a>&nbsp;En 2022, tras el par\u00f3n econ\u00f3mico inducido por la respuesta a la covid-19 en 2020, se alcanz\u00f3 el m\u00e1ximo r\u00e9cord de emisiones de CO<sub>2<\/sub>&nbsp;de combustibles f\u00f3siles: 37.500 millones de toneladas, un 48% superiores a las del a\u00f1o 2000 (y en aumento). Datos de&nbsp;<a href=\"https:\/\/www.globalcarbonproject.org\/\" target=\"_blank\" rel=\"noreferrer noopener\">https:\/\/www.globalcarbonproject.org\/<\/a><\/p>\n\n\n\n<p><a href=\"https:\/\/vientosur.info\/sobre-transiciones-energeticas-y-transiciones-ecologicas\/#sdfootnote21anc\">21<\/a>&nbsp;Delfina Godfried y Juan Ignacio Arroyo:&nbsp;<em>Elefantes en la transici\u00f3n energ\u00e9tica,&nbsp;<\/em>CEPE Di Tella, octubre de 2022;&nbsp;<a href=\"https:\/\/www.utdt.edu\/ver_novedad.php?id_novedad=5152&amp;amp;id_item_menu=25201\" target=\"_blank\" rel=\"noreferrer noopener\">https:\/\/www.utdt.edu\/ver_novedad.php?id_novedad=5152&amp;amp;id_item_menu=25201<\/a><\/p>\n\n\n\n<p><a href=\"https:\/\/vientosur.info\/sobre-transiciones-energeticas-y-transiciones-ecologicas\/#sdfootnote22anc\">22<\/a>&nbsp;V\u00e9ase al respecto \u00c1lvaro Campos-Celador: \u201c15 tesis para el debate sobre la transici\u00f3n energ\u00e9tica\u201d,&nbsp;<em>eldiario.es,<\/em>&nbsp;4 de febrero de 2023;&nbsp;<a href=\"https:\/\/www.eldiario.es\/ultima-llamada\/15-tesis-debate-transicion-energetica_132_9910433.html\" target=\"_blank\" rel=\"noreferrer noopener\">https:\/\/www.eldiario.es\/ultima-llamada\/15-tesis-debate-transicion-energetica_132_9910433.html<\/a><\/p>\n\n\n\n<p><a href=\"https:\/\/vientosur.info\/sobre-transiciones-energeticas-y-transiciones-ecologicas\/#sdfootnote23anc\">23<\/a>&nbsp;Sobre este punto ya argument\u00e9 en mi extenso art\u00edculo \u201cEl descenso energ\u00e9tico (y la necesidad de decrecimiento): implicaciones para las transiciones ecosociales\u201d, web de&nbsp;<em>Contra el Diluvio,&nbsp;<\/em>el 7 de noviembre de 2022;&nbsp;<a href=\"https:\/\/contraeldiluvio.es\/el-descenso-energetico-y-la-necesidad-de-decrecimiento-implicaciones-para-las-transiciones-ecosociales-continuacion-del-debate-con-emilio-santiago-muino\/\" target=\"_blank\" rel=\"noreferrer noopener\">https:\/\/contraeldiluvio.es\/el-descenso-energetico-y-la-necesidad-de-decrecimiento-implicaciones-para-las-transiciones-ecosociales-continuacion-del-debate-con-emilio-santiago-muino\/<\/a><\/p>\n\n\n\n<p>V\u00e9ase tambi\u00e9n \u201cManifesto for an ecosocial energy transition from the peoples of the south\u201d, 9 de febrero de 2023;&nbsp;<a href=\"https:\/\/fpif.org\/manifesto-for-an-ecosocial-energy-transition-from-the-peoples-of-the-south\/\" target=\"_blank\" rel=\"noreferrer noopener\">https:\/\/fpif.org\/manifesto-for-an-ecosocial-energy-transition-from-the-peoples-of-the-south\/<\/a>&nbsp;. Donde leemos:<\/p>\n\n\n\n<p>\u201cLa novedad de este momento son las \u2018transiciones energ\u00e9ticas limpias\u2019 del Norte, que han presionado a\u00fan m\u00e1s al Sur global para que ceda cobalto y litio para la producci\u00f3n de bater\u00edas de alta tecnolog\u00eda, madera de balsa para turbinas e\u00f3licas, terrenos para grandes paneles solares y nuevas infraestructuras para megaproyectos de hidr\u00f3geno. Esta descarbonizaci\u00f3n de los ricos, basada en el mercado y orientada a la exportaci\u00f3n, depende de una nueva fase de expolio medioambiental del Sur global que afecta a la vida de millones de mujeres, hombres y ni\u00f1os, por no hablar de la vida no humana. Las mujeres, especialmente las de las sociedades agrarias, se encuentran entre las m\u00e1s afectadas. De este modo, el Sur global se ha convertido de nuevo en una zona de sacrificio, una cesta de recursos supuestamente inagotables para los pa\u00edses del Norte\u2026\u201d<\/p>\n\n\n\n<p>Hay versi\u00f3n en castellano: \u201cManifiesto de los pueblos del Sur -por una transici\u00f3n energ\u00e9tica justa y popular\u201d;&nbsp;<a href=\"https:\/\/pactoecosocialdelsur.com\/manifiesto-de-los-pueblos-del-sur-por-una-transicion-energetica-justa-y-popular-2\/\" target=\"_blank\" rel=\"noreferrer noopener\">https:\/\/pactoecosocialdelsur.com\/manifiesto-de-los-pueblos-del-sur-por-una-transicion-energetica-justa-y-popular-2\/<\/a><\/p>\n\n\n\n<p><a href=\"https:\/\/vientosur.info\/sobre-transiciones-energeticas-y-transiciones-ecologicas\/#sdfootnote24anc\">24<\/a>&nbsp;Xan L\u00f3pez, \u201cEl retardismo clim\u00e1tico y un Green New Deal para una \u00e9poca esc\u00e9ptica\u201d,&nbsp;<em>eldiario.es,<\/em>&nbsp;20 de febrero de 2023;&nbsp;<a href=\"https:\/\/www.eldiario.es\/opinion\/tribuna-abierta\/retardismo-climatico-green-new-deal-epoca-esceptica_129_9965268.html\" target=\"_blank\" rel=\"noreferrer noopener\">https:\/\/www.eldiario.es\/opinion\/tribuna-abierta\/retardismo-climatico-green-new-deal-epoca-esceptica_129_9965268.html<\/a><\/p>\n\n\n\n<p>Xan sugiere (no s\u00e9 si con alguna clase de&nbsp;<em>lapsus calami<\/em>) que lo que est\u00e1 en juego en el&nbsp;<em>retardismo&nbsp;<\/em>son cuestiones identitarias: \u201cLa fuerza del retardismo, condensado en el eslogan&nbsp;<em>renovables s\u00ed, pero no as\u00ed<\/em>, es que en \u00e9l se pueden unir esas dos fuerzas contrarias, simplificando un debate casi imposible en una petici\u00f3n aparentemente simple: \u2018s\u00ed, el primer problema es grave; no, no pienso pasar por alto todas las cuestiones que me definen, aunque eso implique retrasar cualquier tipo de transici\u00f3n energ\u00e9tica\u2019.\u201d Las cuestiones que me definen: pol\u00edticas de identidad.<\/p>\n\n\n\n<p><a href=\"https:\/\/vientosur.info\/sobre-transiciones-energeticas-y-transiciones-ecologicas\/#sdfootnote25anc\">25<\/a>&nbsp;Friedemann,&nbsp;<em>Life After Fossil Fuels,&nbsp;<\/em>op. cit., p. 190.<\/p>\n\n\n\n<p><a href=\"https:\/\/vientosur.info\/sobre-transiciones-energeticas-y-transiciones-ecologicas\/#sdfootnote26anc\">26<\/a>&nbsp;Matthew Dalton, \u201cBehind the rise of U.S. solar power, a mountain of chinese coal\u201d,&nbsp;<em>The Wall Street Journal,&nbsp;<\/em>31 de julio de 2021;&nbsp;<a href=\"https:\/\/www.wsj.com\/articles\/behind-the-rise-of-u-s-solar-power-a-mountain-of-chinese-coal-11627734770\" target=\"_blank\" rel=\"noreferrer noopener\">https:\/\/www.wsj.com\/articles\/behind-the-rise-of-u-s-solar-power-a-mountain-of-chinese-coal-11627734770<\/a><\/p>\n\n\n\n<p><a href=\"https:\/\/vientosur.info\/sobre-transiciones-energeticas-y-transiciones-ecologicas\/#sdfootnote27anc\">27<\/a>&nbsp;Que se est\u00e1 observando en 2021, aunque en esta \u201cexplosi\u00f3n del carb\u00f3n\u201d intervengan m\u00e1s factores que el arriba mencionado. \u201cA pesar de todos los avances realizados por las energ\u00edas renovables y la movilidad el\u00e9ctrica, en 2021 se observa un gran rebote en el uso de carb\u00f3n y petr\u00f3leo. En gran parte por esta raz\u00f3n, se observa tambi\u00e9n el segundo mayor incremento anual de la historia en emisiones de CO<sub>2<\/sub>\u201d, explica Fatih Birol, director general de la Agencia Internacional de la Energ\u00eda (AIE), en el \u00faltimo informe sobre perspectivas energ\u00e9ticas publicado por este organismo\u2026 V\u00edctor Mart\u00ednez, \u201cLa resurrecci\u00f3n del carb\u00f3n provoca el segundo mayor aumento de CO<sub>2<\/sub>&nbsp;de la historia en plena carrera ecol\u00f3gica\u201d,&nbsp;<em>El Mundo,&nbsp;<\/em>14 de octubre de 2021;&nbsp;<a href=\"https:\/\/www.elmundo.es\/ciencia-y-salud\/medio-ambiente\/2021\/10\/14\/6166c8fffdddffa8978b45a9.html\" target=\"_blank\" rel=\"noreferrer noopener\">https:\/\/www.elmundo.es\/ciencia-y-salud\/medio-ambiente\/2021\/10\/14\/6166c8fffdddffa8978b45a9.html<\/a><\/p>\n\n\n\n<p><a href=\"https:\/\/vientosur.info\/sobre-transiciones-energeticas-y-transiciones-ecologicas\/#sdfootnote28anc\">28<\/a>&nbsp;\u201cComo Smil ha demostrado para las turbinas e\u00f3licas y Stormvan Leeuwen para la energ\u00eda nuclear, la producci\u00f3n, instalaci\u00f3n y mantenimiento de cualquier infraestructura tecnol\u00f3gica sigue siendo cr\u00edticamente dependiente de la energ\u00eda f\u00f3sil. Por supuesto, es f\u00e1cil replicar que hasta que se haya realizado la transici\u00f3n, los paneles solares van a tener que ser producidos quemando combustibles f\u00f3siles. Pero incluso si el 100% de nuestra electricidad fuera renovable, no ser\u00eda capaz de impulsar el transporte global o cubrir la producci\u00f3n de acero y cemento para la infraestructura urbano-industrial. Y dado el hecho de que el abaratamiento de los paneles solares en los \u00faltimos a\u00f1os en gran medida es el resultado del cambio de fabricaci\u00f3n hacia Asia, debemos preguntarnos si los esfuerzos europeos y estadounidenses para ser sostenibles realmente deber\u00edan basarse en la explotaci\u00f3n global de mano de obra barata, recursos escasos y paisajes destruidos en otros lugares\u2026\u201d Alf Hornborg, \u201cUn futuro globalizado con energ\u00eda solar es completamente irreal, y nuestra econom\u00eda es la raz\u00f3n\u201d,&nbsp;<em>El Salto,&nbsp;<\/em>27 de septiembre de 2019;&nbsp;<a href=\"https:\/\/www.elsaltodiario.com\/energia\/futuro-globalizado-energia-solar-completamente-irreal\" target=\"_blank\" rel=\"noreferrer noopener\">https:\/\/www.elsaltodiario.com\/energia\/futuro-globalizado-energia-solar-completamente-irreal<\/a>&nbsp;. V\u00e9ase tambi\u00e9n Thomas A. Troszak, \u201cThe hidden costs of solar photovoltaic power\u201d, NATO ENSEC COE, abril de 2021;&nbsp;<a href=\"https:\/\/enseccoe.org\/data\/public\/uploads\/2021\/04\/nato-ensec-coe-the-hidden-costs-of-solar-photovoltaic-power-thomas-a.troszak.pdf\" target=\"_blank\" rel=\"noreferrer noopener\">https:\/\/enseccoe.org\/data\/public\/uploads\/2021\/04\/nato-ensec-coe-the-hidden-costs-of-solar-photovoltaic-power-thomas-a.troszak.pdf<\/a><\/p>\n\n\n\n<p><a href=\"https:\/\/vientosur.info\/sobre-transiciones-energeticas-y-transiciones-ecologicas\/#sdfootnote29anc\">29<\/a>&nbsp;Reuters Breakingviews: \u201cVolverse verde es de todo menos f\u00e1cil, diga lo que diga Boris Johnson\u201d,&nbsp;<em>Cinco D\u00edas,&nbsp;<\/em>16 de octubre de 2021;&nbsp;<a href=\"https:\/\/cincodias.elpais.com\/cincodias\/2021\/10\/15\/opinion\/1634295943_026846.html\" target=\"_blank\" rel=\"noreferrer noopener\">https:\/\/cincodias.elpais.com\/cincodias\/2021\/10\/15\/opinion\/1634295943_026846.html<\/a><\/p>\n\n\n\n<p><a href=\"https:\/\/vientosur.info\/sobre-transiciones-energeticas-y-transiciones-ecologicas\/#sdfootnote30anc\">30<\/a>&nbsp;Antonio Turiel, \u201cLa escasez de materiales es una estaca en el coraz\u00f3n de la transici\u00f3n energ\u00e9tica\u201d,&nbsp;<em>CSIC cultura cient\u00edfica,&nbsp;<\/em>29 de noviembre de 2021;&nbsp;<a href=\"https:\/\/www.csic.es\/es\/actualidad-del-csic\/antonio-turiel-la-escasez-de-materiales-es-una-estaca-en-el-corazon-de-la\" target=\"_blank\" rel=\"noreferrer noopener\">https:\/\/www.csic.es\/es\/actualidad-del-csic\/antonio-turiel-la-escasez-de-materiales-es-una-estaca-en-el-corazon-de-la<\/a><\/p>\n\n\n\n<p><a href=\"https:\/\/vientosur.info\/sobre-transiciones-energeticas-y-transiciones-ecologicas\/#sdfootnote31anc\">31<\/a>&nbsp;\u00d3scar Carpintero y Jaime Nieto, \u201cReflexiones generales sobre la transici\u00f3n energ\u00e9tica: una perspectiva post-crecimiento\u201d,&nbsp;<em>Gaceta Sindical&nbsp;<\/em>37, octubre de 2021, p. 191.<\/p>\n\n\n\n<p><a href=\"https:\/\/vientosur.info\/sobre-transiciones-energeticas-y-transiciones-ecologicas\/#sdfootnote32anc\">32<\/a>&nbsp;Sobre ello suele insistir Vaclav Smil. \u201cLas transiciones energ\u00e9ticas van muy despacio. Cuando apareci\u00f3 el tractor, a finales del siglo XIX, los caballos se siguieron usando en el campo durante generaciones. (\u2026) La transici\u00f3n hacia los combustibles f\u00f3siles empez\u00f3 en Inglaterra en el siglo XVIII, pero a Asia no lleg\u00f3 hasta 1950 (y esta transici\u00f3n es precisamente la causa del calentamiento global). (\u2026) En 1800 quem\u00e1bamos le\u00f1a. Y hoy todav\u00eda representa el 10 por ciento de nuestra energ\u00eda. Esto significa que en dos siglos el mundo no complet\u00f3 la transici\u00f3n de la madera hacia el carb\u00f3n\u2026\u201d Vaclav Smil, \u201cVivimos en un sistema irracional y la Tierra no puede soportarlo\u201d (entrevista),&nbsp;<em>XL Semanal<\/em>, 8 de junio de 2021;&nbsp;<a href=\"https:\/\/www.xlsemanal.com\/personajes\/20210608\/cambio-climatico-energias-renovables-transicion-energetica-vaclav-smil.html\" target=\"_blank\" rel=\"noreferrer noopener\">https:\/\/www.xlsemanal.com\/personajes\/20210608\/cambio-climatico-energias-renovables-transicion-energetica-vaclav-smil.html<\/a><\/p>\n\n\n\n<p><a href=\"https:\/\/vientosur.info\/sobre-transiciones-energeticas-y-transiciones-ecologicas\/#sdfootnote33anc\">33<\/a>&nbsp;Mariano V\u00e1zquez Esp\u00ed, comunicaci\u00f3n personal, 23 de noviembre de 2021. Informaci\u00f3n aqu\u00ed:&nbsp;<a href=\"http:\/\/habitat.aq.upm.es\/gi\/mve\/\" target=\"_blank\" rel=\"noreferrer noopener\">http:\/\/habitat.aq.upm.es\/gi\/mve\/<\/a><\/p>\n\n\n\n<p>En palabras de Carpintero y Nieto: \u201cLa actual civilizaci\u00f3n se enfrenta a lo que se ha denominado&nbsp;<em>la trampa de la energ\u00eda.<\/em>&nbsp;Esto es: el despliegue de las fuentes e infraestructuras renovables requiere de un uso masivo de combustibles f\u00f3siles (mayor cuanto m\u00e1s r\u00e1pido se quiera plantear el proceso de transici\u00f3n) y, a la vez, eso supondr\u00e1, durante los primeros a\u00f1os, mayores emisiones de GEI que agravar\u00e1n el problema de cambio clim\u00e1tico en un escenario donde tambi\u00e9n el tiempo es escaso y donde, adem\u00e1s con vidas \u00fatiles de 20-30 a\u00f1os, en tres d\u00e9cadas estar\u00edamos abocados a procesos de renovaci\u00f3n de una intensidad energ\u00e9tica similar (y para los que habr\u00eda dificultades para encontrar recursos f\u00f3siles disponibles)\u201d. \u00d3scar Carpintero y Jaime Nieto, \u201cReflexiones generales sobre la transici\u00f3n energ\u00e9tica: una perspectiva post-crecimiento\u201d, op. cit., p. 191.<\/p>\n\n\n\n<p><a href=\"https:\/\/vientosur.info\/sobre-transiciones-energeticas-y-transiciones-ecologicas\/#sdfootnote34anc\">34<\/a>&nbsp;Nicholas Georgescu-Roegen,&nbsp;<em>Ensayos bioecon\u00f3micos<\/em>&nbsp;(ed. de \u00d3scar Carpintero), Los Libros de la Catarata, Madrid 2007, p. 91.<\/p>\n\n\n\n<p><a href=\"https:\/\/vientosur.info\/sobre-transiciones-energeticas-y-transiciones-ecologicas\/#sdfootnote35anc\">35<\/a>&nbsp;Ernest Garcia, \u201cDel pico del petr\u00f3leo a las visiones de una sociedad post-fosilista\u201d en Joaquim Sempere y Enric Tello (eds.),&nbsp;<em>El final de la era del petr\u00f3leo barato,&nbsp;<\/em>Icaria, Barcelona 2008, p. 28.<\/p>\n\n\n\n<p><a href=\"https:\/\/vientosur.info\/sobre-transiciones-energeticas-y-transiciones-ecologicas\/#sdfootnote36anc\">36<\/a>&nbsp;Nicholas Georgescu-Roegen,&nbsp;<em>Ensayos bioecon\u00f3micos<\/em>&nbsp;(ed. de \u00d3scar Carpintero), Los Libros de la Catarata, Madrid 2007, p. 90-94.<\/p>\n\n\n\n<p><a href=\"https:\/\/vientosur.info\/sobre-transiciones-energeticas-y-transiciones-ecologicas\/#sdfootnote37anc\">37<\/a>&nbsp;Art Berman, \u201c\u00bfPor qu\u00e9 el cohete de las renovables no ha podido despegar?\u201d, revista&nbsp;<em>15\/15\/15<\/em>, 3 de agosto de 2020;&nbsp;<a href=\"https:\/\/www.15-15-15.org\/webzine\/2020\/08\/03\/por-que-el-cohete-de-las-renovables-no-ha-podido-despegar\/\" target=\"_blank\" rel=\"noreferrer noopener\">https:\/\/www.15-15-15.org\/webzine\/2020\/08\/03\/por-que-el-cohete-de-las-renovables-no-ha-podido-despegar\/<\/a><\/p>\n\n\n\n<p>Para comprender mejor todo esto (y algunas cosas m\u00e1s): Nate Hagens, \u201cEconomics for the future \u2013beyond the Superorganism\u201d,&nbsp;<em>Ecological Economics,&nbsp;<\/em>20 de noviembre de 2019;&nbsp;<a href=\"https:\/\/www.sciencedirect.com\/science\/article\/pii\/S0921800919310067\" target=\"_blank\" rel=\"noreferrer noopener\">https:\/\/www.sciencedirect.com\/science\/article\/pii\/S0921800919310067<\/a>&nbsp;. Hay traducci\u00f3n al castellano: \u201cUna econom\u00eda para el futuro: m\u00e1s all\u00e1 del superorganismo\u201d,&nbsp;<em>PAPELES de relaciones ecosociales y cambio global&nbsp;<\/em>151, 2020.<\/p>\n\n\n\n<p><a href=\"https:\/\/vientosur.info\/sobre-transiciones-energeticas-y-transiciones-ecologicas\/#sdfootnote38anc\">38<\/a>&nbsp;<em>Empobrecernos&nbsp;<\/em>significa ralentizar, hacer menos, usar menos energ\u00eda y materiales, viajar y desplazarse menos, producir y consumir menos mercanc\u00edas, sustituir formas privadas de actividad por otras comunitarias y colectivas: no significa necesariamente vivir peor. Pero s\u00ed vivir de otra manera \u2013de forma radical. El debate chulet\u00f3n\/ plato de guisantes pone ese asunto sobre la mesa de forma muy clara.<\/p>\n\n\n\n<p><a href=\"https:\/\/vientosur.info\/sobre-transiciones-energeticas-y-transiciones-ecologicas\/#sdfootnote39anc\">39<\/a>&nbsp;V\u00e9ase por ejemplo Jefim Vogel y otros, \u201cSocio-economic conditions for satisfying human needs at low energy use: An international analysis of social provisioning\u201d,&nbsp;<em>Global Environmental Change&nbsp;<\/em>vol. 69, julio de 2021;&nbsp;<a href=\"https:\/\/www.sciencedirect.com\/science\/article\/pii\/S0959378021000662\" target=\"_blank\" rel=\"noreferrer noopener\">https:\/\/www.sciencedirect.com\/science\/article\/pii\/S0959378021000662<\/a><\/p>\n\n\n\n<p><a href=\"https:\/\/vientosur.info\/sobre-transiciones-energeticas-y-transiciones-ecologicas\/#sdfootnote40anc\">40<\/a>&nbsp;<a href=\"https:\/\/twitter.com\/limites1972\/status\/1622964309050421257\" target=\"_blank\" rel=\"noreferrer noopener\">https:\/\/twitter.com\/limites1972\/status\/1622964309050421257<\/a><\/p>\n\n\n\n<p>En otro hilo de Twitter, el mismo autor explicaba: \u201cPara entender la magnitud y las implicaciones de la crisis civilizatoria en la que estamos es necesario un enfoque sist\u00e9mico y amplio que nos permita comprender c\u00f3mo las diversas partes del sistema se relacionan entre s\u00ed. En la actualidad se fomenta (y se recompensa profesionalmente) la s\u00faper especializaci\u00f3n t\u00e9cnica. Las mentes m\u00e1s brillantes tienden a saber much\u00edsimo de un tema en particular pero muy poco o nada de aquellos otros campos que no son su especialidad. (\u2026) Muchos an\u00e1lisis y posibles \u2018soluciones\u2019 de la crisis ecosocial que se proponen son defectuosos porque est\u00e1n sesgados por esa visi\u00f3n t\u00fanel de s\u00faper especialista y simplemente no tienen en cuenta la dimensi\u00f3n sist\u00e9mica y global del problema. Es m\u00e1s, esas \u2018soluciones\u2019 fallidas son a menudo consecuencia de un diagn\u00f3stico defectuoso que se limita a una parte del sistema (por ejemplo \u2018la crisis clim\u00e1tica\u2019 o \u2018la generaci\u00f3n el\u00e9ctrica\u2019) o al futuro inmediato (p.ej. este a\u00f1o o este invierno) o a lo local (p.ej. Espa\u00f1a). Y as\u00ed ocurre, por ejemplo, que los pro-renovables BAU reducen la crisis ecosocial a la crisis clim\u00e1tica o reducen el asunto de la energ\u00eda al de la electricidad\u2026<\/p>\n\n\n\n<p>No tienen una visi\u00f3n sist\u00e9mica y por tanto no se dan cuenta que el cambio clim\u00e1tico y el incremento de emisiones de CO<sup>2<\/sup>&nbsp;es tan solo uno de los muchos s\u00edntomas del&nbsp;<em>overshoot&nbsp;<\/em>ecol\u00f3gico y la Gran Aceleraci\u00f3n producidos por el crecimiento econ\u00f3mico exponencial. No tienen una visi\u00f3n sist\u00e9mica y por tanto no tienen en cuenta los l\u00edmites f\u00edsicos al uso de minerales y tierras raras para acometer la transici\u00f3n energ\u00e9tica. No tienen en cuenta que la miner\u00eda moderna es totalmente dependiente de los combustibles f\u00f3siles y del di\u00e9sel. No tienen en cuenta que la progresiva disminuci\u00f3n \u2013 no lineal \u2013 de la ley en los yacimientos de los minerales necesarios para esa transici\u00f3n energ\u00e9tica har\u00e1 que la dependencia con el di\u00e9sel se intensifique todav\u00eda m\u00e1s y que las reservas recuperables disminuyan con el tiempo. No tienen en cuenta el c\u00e9nit de producci\u00f3n de los combustibles f\u00f3siles (petr\u00f3leo, gas y carb\u00f3n) y la disminuci\u00f3n de su rendimiento energ\u00e9tico neto y su impacto en la actividad econ\u00f3mica e industrial. Ni su impacto en la geopol\u00edtica. Ni su impacto en una cadena de suministros ultra dependiente del transporte mar\u00edtimo barato y la cooperaci\u00f3n entre estados. No tienen tampoco en cuenta su impacto en las finanzas y en la disponibilidad de financiaci\u00f3n (es decir, energ\u00eda y recursos) para acometer todos esos proyectos mastod\u00f3nticos en escala. Y no tienen en cuenta los l\u00edmites f\u00edsicos de la ciencia, sus rendimientos decrecientes y c\u00f3mo ser\u00e1 progresivamente m\u00e1s dif\u00edcil \u2013 por falta de recursos \u2013 que \u00e9sta proporcione las tecnolog\u00edas (fusi\u00f3n, captura de carbono, etc.) q los planes renovables requieren y que HOY no existen. Y no tienen en cuenta c\u00f3mo los pa\u00edses menos desarrollados NO se van a quedar de brazos cruzados mirando como expoliamos sus recursos para nuestra transici\u00f3n energ\u00e9tica mientras tienen que lidiar con los residuos t\u00f3xicos, los impactos ambientales y otras externalidades. Y no tienen en cuenta c\u00f3mo estados y potencias (India, Brasil, Rusia, China\u2026) tendr\u00e1n que priorizar en alg\u00fan momento el bienestar de su poblaci\u00f3n y cierta estabilidad social interna y c\u00f3mo ello impactar\u00e1 a nuestro consumo de sus recursos y los productos que NOS manufacturan. Y no tienen en cuenta c\u00f3mo impactar\u00e1n todas las crisis ambientales (cambio clim\u00e1tico, p\u00e9rdida de biodiversidad, contaminaci\u00f3n qu\u00edmica\u2026) derivadas del&nbsp;<em>overshoot&nbsp;<\/em>ecol\u00f3gico en el d\u00eda a d\u00eda de la gente y el creciente esfuerzo energ\u00e9tico y de recursos que supondr\u00e1 su mitigaci\u00f3n. Y no tienen en cuenta el horizonte temporal y el esfuerzo econ\u00f3mico (energ\u00e9tico) y requerimientos de financiaci\u00f3n que supone sustituir completamente un sistema industrial y de transporte entre continentes desarrollado en base a (y alrededor de) carb\u00f3n, petr\u00f3leo y di\u00e9sel. Y no tienen en cuenta ni les importa que tras la primera oleada de macro renovables en las que gastaremos casi todo el capital mineral de La Tierra \u00e9stas tendr\u00e1n que ser sustituidas en 20 o en 30 a\u00f1os. \u00bfY qu\u00e9 haremos entonces? \u00bfDe d\u00f3nde sacaremos los minerales para la segunda oleada? Nadie tiene en cuenta que los minerales se integran (diluyen) en circuitos y aleaciones y que no ser\u00e1 energ\u00e9ticamente (econ\u00f3micamente) viable reciclarlos. Y que las renovables que se instalan hoy no se dise\u00f1an para ser recicladas. Nada de esto se tiene en cuenta por estos super especialistas cuando proyectan a futuro, simplemente consideran que la \u2018normalidad\u2019 de los \u00faltimos 75 a\u00f1os \u2013 es decir: energ\u00eda barata, abundancia de recursos, alto rendimiento cient\u00edfico, cooperaci\u00f3n internacional, cadenas de suministro globales, externalizaci\u00f3n de los residuos y la extracci\u00f3n de recursos a los pa\u00edses pobres, acceso a financiaci\u00f3n\u2026 \u2013 todo eso, decimos, simplemente consideran que seguir\u00e1 ah\u00ed tanto como sea necesario para la implementaci\u00f3n de esa transici\u00f3n. Por eso, y por todo lo que nos dejamos (\u00bfproducci\u00f3n de alimentos? \u00bfproducci\u00f3n de pl\u00e1sticos?), nuestros l\u00edderes pol\u00edticos, econ\u00f3micos y cient\u00edficos tendr\u00edan que tener una perspectiva sist\u00e9mica, con una visi\u00f3n global y temporal amplia.<\/p>\n\n\n\n<p>A d\u00eda de hoy, el mejor enfoque para entender el mundo sigue siendo el de la din\u00e1mica de sistemas que utilizaron hace m\u00e1s de cincuenta a\u00f1os los cient\u00edficos del MIT cuando publicaron&nbsp;<em>Los l\u00edmites del crecimiento.<\/em>\u201d&nbsp;<a href=\"https:\/\/twitter.com\/limites1972\/status\/1617614173147652096\" target=\"_blank\" rel=\"noreferrer noopener\">https:\/\/twitter.com\/limites1972\/status\/1617614173147652096<\/a><\/p>\n\n\n\n<p><a href=\"https:\/\/vientosur.info\/sobre-transiciones-energeticas-y-transiciones-ecologicas\/#sdfootnote41anc\">41<\/a>&nbsp;Este borracho est\u00e1 buscando su llave de casa (que ha perdido un rato antes) debajo de un farol, aunque se le ha ca\u00eddo en un lugar oscuro veinte metros m\u00e1s all\u00e1, porque debajo del farol hay m\u00e1s luz. Este cuentecillo o chiste proviene de Carl Am\u00e9ry (en uno de los textos de&nbsp;<em>Bileams Esel,<\/em>&nbsp;List Verlag, M\u00fanich 1991).<\/p>\n\n\n\n<p><a href=\"https:\/\/vientosur.info\/sobre-transiciones-energeticas-y-transiciones-ecologicas\/#sdfootnote42anc\">42<\/a>&nbsp;Sobre el papel rector de las redes de alta tensi\u00f3n en el actual auge de las renovables hipertecn\u00f3logicas v\u00e9ase el l\u00facido art\u00edculo de \u00c1lvaro Campos-Celador: \u201c15 tesis para el debate sobre la transici\u00f3n energ\u00e9tica\u201d,&nbsp;<em>eldiario.es,<\/em>&nbsp;4 de febrero de 2023;&nbsp;<a href=\"https:\/\/www.eldiario.es\/ultima-llamada\/15-tesis-debate-transicion-energetica_132_9910433.html\" target=\"_blank\" rel=\"noreferrer noopener\">https:\/\/www.eldiario.es\/ultima-llamada\/15-tesis-debate-transicion-energetica_132_9910433.html<\/a><br><\/p>\n","protected":false},"excerpt":{"rendered":"<p>Jorge Riechmann Fuente: Rebeli\u00f3n \u201c\u00bfC\u00f3mo puede un joven (en especial el de la gran ciudad) afrontar los problemas m\u00e1s profundos, la miseria de la sociedad, sin sucumbir al menos temporalmente al pesimismo? Ah\u00ed no hay ning\u00fan contra-argumento, ah\u00ed s\u00f3lo puede y debe ayudarnos la consciencia: por malo que sea el mundo, t\u00fa has nacido para [&hellip;]<\/p>\n","protected":false},"author":1,"featured_media":3968,"comment_status":"open","ping_status":"open","sticky":false,"template":"","format":"standard","meta":{"footnotes":""},"categories":[4],"tags":[],"_links":{"self":[{"href":"http:\/\/www.movimientocaamanista.com\/index.php?rest_route=\/wp\/v2\/posts\/8412"}],"collection":[{"href":"http:\/\/www.movimientocaamanista.com\/index.php?rest_route=\/wp\/v2\/posts"}],"about":[{"href":"http:\/\/www.movimientocaamanista.com\/index.php?rest_route=\/wp\/v2\/types\/post"}],"author":[{"embeddable":true,"href":"http:\/\/www.movimientocaamanista.com\/index.php?rest_route=\/wp\/v2\/users\/1"}],"replies":[{"embeddable":true,"href":"http:\/\/www.movimientocaamanista.com\/index.php?rest_route=%2Fwp%2Fv2%2Fcomments&post=8412"}],"version-history":[{"count":1,"href":"http:\/\/www.movimientocaamanista.com\/index.php?rest_route=\/wp\/v2\/posts\/8412\/revisions"}],"predecessor-version":[{"id":8413,"href":"http:\/\/www.movimientocaamanista.com\/index.php?rest_route=\/wp\/v2\/posts\/8412\/revisions\/8413"}],"wp:featuredmedia":[{"embeddable":true,"href":"http:\/\/www.movimientocaamanista.com\/index.php?rest_route=\/wp\/v2\/media\/3968"}],"wp:attachment":[{"href":"http:\/\/www.movimientocaamanista.com\/index.php?rest_route=%2Fwp%2Fv2%2Fmedia&parent=8412"}],"wp:term":[{"taxonomy":"category","embeddable":true,"href":"http:\/\/www.movimientocaamanista.com\/index.php?rest_route=%2Fwp%2Fv2%2Fcategories&post=8412"},{"taxonomy":"post_tag","embeddable":true,"href":"http:\/\/www.movimientocaamanista.com\/index.php?rest_route=%2Fwp%2Fv2%2Ftags&post=8412"}],"curies":[{"name":"wp","href":"https:\/\/api.w.org\/{rel}","templated":true}]}}