{"id":848,"date":"2019-12-11T01:28:56","date_gmt":"2019-12-11T01:28:56","guid":{"rendered":"http:\/\/www.movimientocaamanista.com\/?p=848"},"modified":"2019-12-18T16:16:41","modified_gmt":"2019-12-18T16:16:41","slug":"el-fracaso-historico-del-capital","status":"publish","type":"post","link":"http:\/\/www.movimientocaamanista.com\/?p=848","title":{"rendered":"El fracaso hist\u00f3rico del capital"},"content":{"rendered":"\n<p><a href=\"https:\/\/www.jornada.com.mx\/2019\/12\/04\/opinion\/029a1eco\">Alejandro Nadal <\/a><\/p>\n\n\n\n<p>\nLas manifestaciones de los \u00faltimos 12 meses en Chile, Ecuador, Per\u00fa, \nHait\u00ed, Irak, Ir\u00e1n, Hong Kong y hasta Francia han adquirido un car\u00e1cter \ninsurreccional por sus dimensiones y la amplitud de sus reclamos. Muchos\n pensar\u00edan que estos movimientos no tienen un hilo conductor y que todos\n obedecen a causas distintas. Los detonadores, en cada caso, parecer\u00edan \nser muy distintos. Pero un an\u00e1lisis m\u00e1s cuidadoso permite identificar \nvarias ra\u00edces comunes, en las que se mezclan las pol\u00edticas de \nausteridad, una profunda desigualdad, el dominio del capital financiero y\n la concentraci\u00f3n de poder de mercado en pocas corporaciones. Son los \nrasgos definitorios de esta etapa del capitalismo que se ha denominado \nneoliberalismo.&nbsp;<\/p>\n\n\n\n<p>Las se\u00f1ales del fracaso y ruina del neoliberalismo se\n encuentran en todas partes. La creciente e intensa desigualdad es, \nquiz\u00e1s, la se\u00f1al m\u00e1s poderosa. Proviene de muchas causas, entre las que \ndestaca la contracci\u00f3n en los salarios desde la d\u00e9cada de los a\u00f1os 1970.\n El estancamiento econ\u00f3mico en que ha ca\u00eddo la globalizaci\u00f3n neoliberal \nes otro signo de que algo est\u00e1 muy mal en las entra\u00f1as del capitalismo \nmundial. Ponerle la etiqueta de estancamiento secular a este proceso de \nralentizaci\u00f3n puede servir para calmar las conciencias y ayudarlas a \nahuyentar los malos augurios. Pero cuando uno pregunta por las causas de\n este fen\u00f3meno, casi nadie se atreve a poner el dedo en la llaga: el \nestancamiento secular se debe a una ca\u00edda en la inversi\u00f3n que, a su vez,\n est\u00e1 ligada a una baja en la tasa de ganancia.<\/p>\n\n\n\n<p>El sector \nfinanciero, que en las primeras etapas del capitalismo le fue aliado \nfiel, hoy se ha convertido en una m\u00e1quina que impone su racionalidad a \nla econom\u00eda real y mantiene su rentabilidad a trav\u00e9s de la especulaci\u00f3n.\n La masa de liquidez que hoy ocupa su espacio de para\u00edsos fiscales \nrebasa los 22 billones (castellanos) de d\u00f3lares. Las prioridades de la \npol\u00edtica macroecon\u00f3mica obedecen a los mandatos del capital financiero, \nmientras el desempleo y subempleo son la cicatriz de estas pol\u00edticas. El\n deterioro de los servicios de salud y educaci\u00f3n en la mayor\u00eda de los \npa\u00edses desarrollados es un hecho bien documentado. Finalmente, todo esto\n se acompa\u00f1a de un proceso destructivo en todas las dimensiones del \nmedio ambiente. Cambio clim\u00e1tico fuera de control, p\u00e9rdida de \nbiodiversidad, erosi\u00f3n de suelos y contaminaci\u00f3n de acu\u00edferos son s\u00f3lo \nalgunos de los aspectos m\u00e1s claros de este deterioro que hoy es una \namenaza para toda la humanidad.<\/p>\n\n\n\n<p>\u00bfC\u00f3mo leer este proceso de ruina \ndel capitalismo? Una posible respuesta es ver en esto el fracaso de una \nforma particular de capitalismo, el neoliberalismo, pero no del proyecto\n hist\u00f3rico planteado por el capital. Todo esto exige un an\u00e1lisis m\u00e1s \ncuidadoso de lo que constituye el neoliberalismo.<\/p>\n\n\n\n<p>En la d\u00e9cada de\n los a\u00f1os 1930 los economistas ultraliberales Ludwig von Mises y \nFriedrich Hayek buscaron inyectar nueva energ\u00eda a la ideolog\u00eda de un \nliberalismo que no hab\u00eda sabido qu\u00e9 hacer con el ascenso del fascismo, \nque no estaba resolviendo los problemas econ\u00f3micos de su tiempo y que, \nadem\u00e1s, ve\u00eda en la teor\u00eda macroecon\u00f3mica de Keynes una amenaza. Usaron \ntoda la supercher\u00eda de la ideolog\u00eda del mercado libre para lograrlo. El \nresultado fue un adefesio que el marxista Max Adler calific\u00f3 por vez \nprimera de neoliberalismo.<\/p>\n\n\n\n<p>Tal como lo describieron Von Mises y \nHayek, el nuevo sistema era la esencia del capital. En su mediocridad \ncomo economistas, estos autores develaron la esencia de la econom\u00eda \npol\u00edtica burguesa y ense\u00f1aron la esencia del capital. Su actividad \npanfletaria sent\u00f3 las bases de lo que despu\u00e9s ser\u00eda la agenda neoliberal\n en teor\u00eda econ\u00f3mica y en pol\u00edtica: privatizar todo, desregular la vida \necon\u00f3mica y dejar actuar a las fuerzas del mercado. En pocas palabras, \nen el neoliberalismo no encontramos una excrecencia del capitalismo, \nsino la expresi\u00f3n m\u00e1s pura de su esencia. Y desde esa perspectiva, la \nruina del neoliberalismo es efectivamente el fracaso del capital.<\/p>\n\n\n\n<p>El\n fracaso significa que el proyecto hist\u00f3rico del capital se ha agotado y\n hoy est\u00e1 en decadencia. A finales del siglo XVIII Hegel escrib\u00eda: Una \n\u00e9poca se termina cuando hace realidad su propio concepto. Parafraseando \nesta idea, se podr\u00eda decir que en este momento la esencia de la \u00e9poca \ndel capital se ha hecho realidad concreta en todas sus especificaciones \nen y a trav\u00e9s del neoliberalismo. As\u00ed se expresa en toda su objetividad \nel potencial esencial del capitalismo: en las especificaciones del \nneoliberalismo se concretiza el proyecto hist\u00f3rico del capital en su \nversi\u00f3n real m\u00e1s acabada. En consecuencia, con el fracaso del \nneoliberalismo hemos llegado al acabamiento del capital y a la \nterminaci\u00f3n de su \u00e9poca.<\/p>\n\n\n\n<p>Pero esto no es un punto de reposo. La \nfase crepuscular del capital durar\u00e1 todav\u00eda muchos a\u00f1os, pero ser\u00e1n a\u00f1os\n de grandes sacudidas pol\u00edticas y sociales, dado que las contradicciones\n del capital explotar\u00e1n en crisis prolongadas. La esencia de la nueva \n\u00e9poca ya no ser\u00e1 el capital, sino la lucha por la libertad y la \njusticia.<\/p>\n","protected":false},"excerpt":{"rendered":"<p>Alejandro Nadal Las manifestaciones de los \u00faltimos 12 meses en Chile, Ecuador, Per\u00fa, Hait\u00ed, Irak, Ir\u00e1n, Hong Kong y hasta Francia han adquirido un car\u00e1cter insurreccional por sus dimensiones y la amplitud de sus reclamos. Muchos pensar\u00edan que estos movimientos no tienen un hilo conductor y que todos obedecen a causas distintas. Los detonadores, en [&hellip;]<\/p>\n","protected":false},"author":1,"featured_media":850,"comment_status":"open","ping_status":"open","sticky":false,"template":"","format":"standard","meta":{"footnotes":""},"categories":[4],"tags":[],"_links":{"self":[{"href":"http:\/\/www.movimientocaamanista.com\/index.php?rest_route=\/wp\/v2\/posts\/848"}],"collection":[{"href":"http:\/\/www.movimientocaamanista.com\/index.php?rest_route=\/wp\/v2\/posts"}],"about":[{"href":"http:\/\/www.movimientocaamanista.com\/index.php?rest_route=\/wp\/v2\/types\/post"}],"author":[{"embeddable":true,"href":"http:\/\/www.movimientocaamanista.com\/index.php?rest_route=\/wp\/v2\/users\/1"}],"replies":[{"embeddable":true,"href":"http:\/\/www.movimientocaamanista.com\/index.php?rest_route=%2Fwp%2Fv2%2Fcomments&post=848"}],"version-history":[{"count":1,"href":"http:\/\/www.movimientocaamanista.com\/index.php?rest_route=\/wp\/v2\/posts\/848\/revisions"}],"predecessor-version":[{"id":851,"href":"http:\/\/www.movimientocaamanista.com\/index.php?rest_route=\/wp\/v2\/posts\/848\/revisions\/851"}],"wp:featuredmedia":[{"embeddable":true,"href":"http:\/\/www.movimientocaamanista.com\/index.php?rest_route=\/wp\/v2\/media\/850"}],"wp:attachment":[{"href":"http:\/\/www.movimientocaamanista.com\/index.php?rest_route=%2Fwp%2Fv2%2Fmedia&parent=848"}],"wp:term":[{"taxonomy":"category","embeddable":true,"href":"http:\/\/www.movimientocaamanista.com\/index.php?rest_route=%2Fwp%2Fv2%2Fcategories&post=848"},{"taxonomy":"post_tag","embeddable":true,"href":"http:\/\/www.movimientocaamanista.com\/index.php?rest_route=%2Fwp%2Fv2%2Ftags&post=848"}],"curies":[{"name":"wp","href":"https:\/\/api.w.org\/{rel}","templated":true}]}}