{"id":8499,"date":"2023-04-15T11:02:51","date_gmt":"2023-04-15T11:02:51","guid":{"rendered":"http:\/\/www.movimientocaamanista.com\/?p=8499"},"modified":"2023-04-15T11:02:53","modified_gmt":"2023-04-15T11:02:53","slug":"las-protestas-de-los-jovenes-obligan-a-corea-del-sur-a-dar-marcha-atras-a-la-semana-laboral-de-69-horas","status":"publish","type":"post","link":"http:\/\/www.movimientocaamanista.com\/?p=8499","title":{"rendered":"Las protestas de los j\u00f3venes obligan a Corea del Sur a dar marcha atr\u00e1s a la semana laboral de 69 horas"},"content":{"rendered":"\n<p>Justin McCurry<\/p>\n\n\n\n<p>Fuente: <a href=\"https:\/\/rebelion.org\/las-protestas-de-los-jovenes-obligan-a-corea-del-sur-a-dar-marcha-atras-a-la-semana-laboral-de-69-horas\/\">Rebeli\u00f3n<\/a><\/p>\n\n\n\n<p>Los manifestantes denuncian que el aumento de la jornada pone en peligro su salud y la conciliaci\u00f3n familiar y no contribuye a mejorar la baja tasa de natalidad del pa\u00eds<\/p>\n\n\n\n<p>El Gobierno de&nbsp;<a href=\"https:\/\/www.eldiario.es\/temas\/corea-del-sur\/\"><strong>Corea del Sur<\/strong><\/a>&nbsp;se ha visto obligado a reconsiderar el aumento previsto de la jornada laboral tras el rechazo de los j\u00f3venes, que denunciaban la medida como un riesgo para su salud que destruir\u00eda la conciliaci\u00f3n laboral y familiar.<\/p>\n\n\n\n<p>El Gobierno pretend\u00eda elevar a 69 horas la jornada m\u00e1xima semanal despu\u00e9s de que los grupos empresariales se quejaran de que el tope actual de 52 horas por semana hac\u00eda dif\u00edcil cumplir con los plazos. Pero las protestas de&nbsp;<em>milenials&nbsp;<\/em>y miembros de la Generaci\u00f3n Z hicieron que el presidente, Yoon Suk-yeol, pidiera a los organismos p\u00fablicos que reconsideraran la medida y \u201cse comunicaran mejor con los ciudadanos, especialmente con la Generaci\u00f3n Z y&nbsp;<em>milenial<\/em>\u201d, seg\u00fan su responsable de prensa, Kim Eun-hye.<\/p>\n\n\n\n<p>\u201cEl n\u00facleo de la pol\u00edtica laboral [de Yoon] es proteger los derechos y los intereses de los trabajadores m\u00e1s desfavorecidos, como la generaci\u00f3n MZ [generaci\u00f3n milenial y Z], los trabajadores no sindicados y los empleados en peque\u00f1as y medianas empresas\u201d, dijo Kim al peri\u00f3dico&nbsp;<em>Korea Herald<\/em>.<\/p>\n\n\n\n<p>Yoon, un conservador considerado pro empresarial, hab\u00eda apoyado la subida de la jornada m\u00e1xima semanal para otorgar mayor flexibilidad a los empresarios. Pero, en un pa\u00eds ya conocido por su severa cultura de trabajo, los l\u00edderes sindicales advert\u00edan de que la medida obligar\u00eda a la gente a trabajar a\u00fan m\u00e1s.<\/p>\n\n\n\n<p>El plan tambi\u00e9n recibi\u00f3 cr\u00edticas por lo desfasado que parece en comparaci\u00f3n con el funcionamiento de otras grandes econom\u00edas como la brit\u00e1nica.&nbsp;<a href=\"https:\/\/www.eldiario.es\/internacional\/impulsora-campana-mundial-semana-laboral-cuatro-dias-desafio-cambiar-mentalidad-valorar-tiempo_128_9978250.html\"><strong>En el Reino Unido decenas de empresas probaron el a\u00f1o pasado la semana laboral de cuatro d\u00edas<\/strong><\/a>&nbsp;que, seg\u00fan los activistas, se ha traducido en niveles similares o mejores de productividad con mayor bienestar del personal.<\/p>\n\n\n\n<p><strong>199 horas m\u00e1s de trabajo que la media<\/strong><\/p>\n\n\n\n<p>A lo largo de todo 2021 los surcoreanos trabajaron una media de 1.915 horas. Eso significa 199 horas por encima del promedio de los pa\u00edses miembros de la Organizaci\u00f3n para la Cooperaci\u00f3n y el Desarrollo Econ\u00f3micos (OCDE), seg\u00fan el \u00faltimo informe del organismo. Tambi\u00e9n 566 horas por encima de las horas trabajadas por persona en Alemania.<\/p>\n\n\n\n<p>Yoon fue elegido presidente en 2022 con el apoyo de muchos j\u00f3venes descontentos y conf\u00eda en que su formaci\u00f3n, el Partido del Poder Popular, sea capaz de atraer el voto juvenil en las elecciones de 2024 a la Asamblea Nacional.<\/p>\n\n\n\n<p>El plan de ampliaci\u00f3n del horario, anunciado a principios de marzo, habr\u00eda anulado&nbsp;<a href=\"https:\/\/www.eldiario.es\/internacional\/theguardian\/corea-sur-semana-laboral-inhumana_1_1166096.html\"><strong>la ley introducida en 2018<\/strong><\/a>&nbsp;por el progresista Partido Dem\u00f3crata de Corea que limitaba la semana laboral a 52 horas (40 horas de horario regular y un m\u00e1ximo de 12 extraordinarias). El Partido Dem\u00f3crata ha dicho que har\u00e1 valer su mayor\u00eda en la Asamblea Nacional para bloquear el proyecto de ley.<\/p>\n\n\n\n<p><strong>La baja natalidad en Corea del Sur<\/strong><\/p>\n\n\n\n<p>Sindicatos y pol\u00edticos de la oposici\u00f3n han argumentado que aumentar el n\u00famero de horas para los trabajadores de la cuarta econom\u00eda de Asia no solucionar\u00e1 la baja tasa de natalidad del pa\u00eds, que se encuentra en niveles m\u00ednimos. \u201cHar\u00e1 legales las jornadas que vayan desde las 9 de la ma\u00f1ana hasta la medianoche durante cinco d\u00edas seguidos. No se tiene en cuenta la salud ni el descanso de los trabajadores\u201d, public\u00f3 la Confederaci\u00f3n Coreana de Sindicatos.<\/p>\n\n\n\n<p>El ministro de Trabajo, Lee Jung-sik, hab\u00eda argumentado que elevar a 69 horas el m\u00e1ximo semanal permitir\u00eda a las mujeres trabajadoras acumular m\u00e1s horas extraordinarias que despu\u00e9s podr\u00edan cambiar por m\u00e1s tiempo libre para atender compromisos familiares y cuidar a otras personas. \u201cIntroduciremos medidas contundentes para ayudar a reducir las horas de trabajo durante el embarazo o la crianza de los hijos\u201d, respondi\u00f3 Lee la semana pasada cuando le preguntaron si el aumento de la jornada podr\u00eda ayudar a paliar la crisis de fertilidad.<\/p>\n\n\n\n<p>Sin embargo, asociaciones de mujeres dijeron que la medida perjudicar\u00eda a las madres trabajadoras y a otras mujeres. \u201cMientras los hombres trabajar\u00e1n muchas horas y estar\u00e1n exentos de responsabilidades de cuidados, las mujeres tendr\u00e1n que hacer todo el trabajo\u201d, public\u00f3 en un comunicado la Uni\u00f3n de Asociaciones de Mujeres Coreanas.<\/p>\n","protected":false},"excerpt":{"rendered":"<p>Justin McCurry Fuente: Rebeli\u00f3n Los manifestantes denuncian que el aumento de la jornada pone en peligro su salud y la conciliaci\u00f3n familiar y no contribuye a mejorar la baja tasa de natalidad del pa\u00eds El Gobierno de&nbsp;Corea del Sur&nbsp;se ha visto obligado a reconsiderar el aumento previsto de la jornada laboral tras el rechazo de [&hellip;]<\/p>\n","protected":false},"author":1,"featured_media":8500,"comment_status":"open","ping_status":"open","sticky":false,"template":"","format":"standard","meta":{"footnotes":""},"categories":[5,3],"tags":[],"_links":{"self":[{"href":"http:\/\/www.movimientocaamanista.com\/index.php?rest_route=\/wp\/v2\/posts\/8499"}],"collection":[{"href":"http:\/\/www.movimientocaamanista.com\/index.php?rest_route=\/wp\/v2\/posts"}],"about":[{"href":"http:\/\/www.movimientocaamanista.com\/index.php?rest_route=\/wp\/v2\/types\/post"}],"author":[{"embeddable":true,"href":"http:\/\/www.movimientocaamanista.com\/index.php?rest_route=\/wp\/v2\/users\/1"}],"replies":[{"embeddable":true,"href":"http:\/\/www.movimientocaamanista.com\/index.php?rest_route=%2Fwp%2Fv2%2Fcomments&post=8499"}],"version-history":[{"count":1,"href":"http:\/\/www.movimientocaamanista.com\/index.php?rest_route=\/wp\/v2\/posts\/8499\/revisions"}],"predecessor-version":[{"id":8501,"href":"http:\/\/www.movimientocaamanista.com\/index.php?rest_route=\/wp\/v2\/posts\/8499\/revisions\/8501"}],"wp:featuredmedia":[{"embeddable":true,"href":"http:\/\/www.movimientocaamanista.com\/index.php?rest_route=\/wp\/v2\/media\/8500"}],"wp:attachment":[{"href":"http:\/\/www.movimientocaamanista.com\/index.php?rest_route=%2Fwp%2Fv2%2Fmedia&parent=8499"}],"wp:term":[{"taxonomy":"category","embeddable":true,"href":"http:\/\/www.movimientocaamanista.com\/index.php?rest_route=%2Fwp%2Fv2%2Fcategories&post=8499"},{"taxonomy":"post_tag","embeddable":true,"href":"http:\/\/www.movimientocaamanista.com\/index.php?rest_route=%2Fwp%2Fv2%2Ftags&post=8499"}],"curies":[{"name":"wp","href":"https:\/\/api.w.org\/{rel}","templated":true}]}}