{"id":852,"date":"2019-12-12T01:50:45","date_gmt":"2019-12-12T01:50:45","guid":{"rendered":"http:\/\/www.movimientocaamanista.com\/?p=852"},"modified":"2019-12-18T11:01:54","modified_gmt":"2019-12-18T11:01:54","slug":"del-dolar-y-del-fantasma","status":"publish","type":"post","link":"http:\/\/www.movimientocaamanista.com\/?p=852","title":{"rendered":"DEL D\u00d3LAR Y DEL \u201cFANTASMA\u201d"},"content":{"rendered":"\n<p>Narciso Isa Conde<\/p>\n\n\n\n<p>Pablo Neruda nos describe en versos al \u201cAbogado del\nd\u00f3lar\u201d:<\/p>\n\n\n\n<p><strong>\u201cInfierno\namericano, pan nuestro empapado de veneno. <\/strong><\/p>\n\n\n\n<p><strong>Hay\notra lengua de tu p\u00e9rfida fogata, el abogado criollo de la compa\u00f1\u00eda extranjera\u201d\n\u2026<\/strong><\/p>\n\n\n\n<p><strong>\u201cEs\nadoptado, le ponen librea. Viste de gringo, escupe como gringo\u2026 <\/strong><\/p>\n\n\n\n<p><strong>Tiene\nautom\u00f3vil, whisky, prensa, lo eligen juez y diputado, lo condecoran, es\nMinistro\u2026<\/strong><\/p>\n\n\n\n<p><strong>Lo\nhallareis en Puerto Lim\u00f3n, en Ciudad Trujillo, en Iquique, en Caracas, en\nMaracaibo, en Antofagasta, en Honduras\u2026\u201d<\/strong><\/p>\n\n\n\n<p>&nbsp;Aqu\u00ed los encontraremos en fundaciones y partidos,\nPRM y OPUS DEI incluidos.<\/p>\n\n\n\n<p>Todav\u00eda\u2026ayudando\na los magnates gringos y \u201cagringados\u201d a estafar, a desalojar nativos, a\nsobornar. A falsificar rezando.<\/p>\n\n\n\n<p>Hay casos entre\nlos casos.<\/p>\n\n\n\n<p><strong>\u201cHijo de gato caza rat\u00f3n\u201d,<\/strong> dice el refr\u00e1n.<\/p>\n\n\n\n<p>Ayer el pap\u00e1 con\nla Shell y hoy el hijo con ALBA VISI\u00d3N engull\u00e9ndose a ANTENA LATINA.<\/p>\n\n\n\n<p>Es heredero,\npero tambi\u00e9n adoptado.<\/p>\n\n\n\n<p>Tiene carro de\nlujo.<\/p>\n\n\n\n<p>Toma vino de\ncava francesa en casinos automatizados, no s\u00e9 si whisky.<\/p>\n\n\n\n<p>Juega con su suerte\ny pone en riesgo la suerte del pa\u00eds.<\/p>\n\n\n\n<p>Plagia para\nexhibir sapiencia.<\/p>\n\n\n\n<p>Tiene un amor\nespecial por los empresarios fantasmas que fabrican fortunas al vapor por el\nespectro radiof\u00f3nico y televisivo, lavando de paso dinero de la gran corrupci\u00f3n.<\/p>\n\n\n\n<p>No repara en el\nprontuario delincuencial, ampliamente divulgado a nivel internacional, de su\ncontratante \u00c1ngel Remigio Gonz\u00e1lez, propietario-testaferro de ALBA VISI\u00d3N.<\/p>\n\n\n\n<ul><li><strong>BREVE PRONTUARIO\nDEL FANTASMA.<\/strong><\/li><\/ul>\n\n\n\n<p>Gonz\u00e1lez es conocido como&nbsp;<em>El\nFantasma<\/em>&nbsp;debido a que siendo propietario de tantas televisoras en\nLatinoam\u00e9rica nunca es visto f\u00edsicamente en las sedes de estos canales, opera\ntras bambalinas.<\/p>\n\n\n\n<p>En 1993 El Fantasma fund\u00f3 la\nsociedad TV Media Limitada que luego ser\u00eda llamada como&nbsp;<em>Grupo\nAlbavisi\u00f3n LLC<\/em>&nbsp;en 2008, en homenaje a su esposa, hoy pr\u00f3fuga (dicen\nque anda por La Romana) y desde ese instante comenz\u00f3 a adquirir numerosas estaciones\nde televisi\u00f3n a trav\u00e9s de sociedades&nbsp;<strong>Testaferros con dinero de la\nnarco-corrupci\u00f3n mexicana vinculada a los Salinas de Gortari<\/strong>.<\/p>\n\n\n\n<p>Los canales que son propietarios\nde <strong>Albavisi\u00f3n LLC<\/strong> tienen representantes\nlocales, violando el espectro radioel\u00e9ctrico.<\/p>\n\n\n\n<p>En 1995, fue el responsable por la creaci\u00f3n\nde&nbsp;<a href=\"https:\/\/es.wikipedia.org\/wiki\/Repretel\"><strong>Reprete<\/strong>l<\/a>&nbsp;(canales 6 y 11) en\nGuatemala, agregando al canal 4 en el 2000. Tambi\u00e9n cre\u00f3 Central de Radios,\nadquiriendo m\u00faltiples frecuencias radiof\u00f3nicas. Maneja un monopolio medi\u00e1tico\nen Costa Rica, tanto en radio como televisi\u00f3n.<\/p>\n\n\n\n<p>&nbsp;Un caso\nmuy controversial fue la adquisici\u00f3n en 1999 de la cadena chilena&nbsp;<a href=\"https:\/\/es.wikipedia.org\/wiki\/La_Red_(canal_de_televisi%C3%B3n)\"><strong>RED\nTelevisi\u00f3n<\/strong><\/a>&nbsp;por el 35,5&nbsp;% de las acciones y que en el\n2003 compr\u00f3 la se\u00f1al completamente. Mientras que el 2001 compr\u00f3 al&nbsp;<a href=\"https:\/\/es.wikipedia.org\/wiki\/Grupo_ATV\">Grupo ATV<\/a>.&nbsp;<\/p>\n\n\n\n<p>En los a\u00f1os 2000, continu\u00f3 con sus masivas\ncompras de cadenas en el continente, adquiriendo&nbsp;<a href=\"https:\/\/es.wikipedia.org\/wiki\/Paravisi%C3%B3n\"><strong>Paravisi\u00f3n<\/strong><\/a>de&nbsp;<a href=\"https:\/\/es.wikipedia.org\/wiki\/Paraguay\">Paraguay<\/a>&nbsp;y otros canales de&nbsp;<a href=\"https:\/\/es.wikipedia.org\/wiki\/Rep%C3%BAblica_Dominicana\">Rep\u00fablica Dominicana<\/a>&nbsp;y&nbsp;<a href=\"https:\/\/es.wikipedia.org\/wiki\/Bolivia\">Bolivia<\/a>.&nbsp;\nEn el 2007, Albavisi\u00f3n compr\u00f3 el&nbsp;<a href=\"https:\/\/es.wikipedia.org\/wiki\/Canal_9_(Buenos_Aires)\">Canal 9<\/a>&nbsp;de Argentina.<\/p>\n\n\n\n<p>Ya en sus \u00faltimos a\u00f1os, &nbsp;entr\u00f3 por canales turbios como accionista a\nlos canales&nbsp;<strong><a href=\"https:\/\/es.wikipedia.org\/wiki\/Gamavisi%C3%B3n\">Gamavisi\u00f3n<\/a>&nbsp;de&nbsp;<\/strong><a href=\"https:\/\/es.wikipedia.org\/wiki\/Ecuador\"><strong>Ecuador<\/strong><\/a>,&nbsp;<a href=\"https:\/\/es.wikipedia.org\/wiki\/Antena_Latina\"><strong>Antena Latina<\/strong><\/a>&nbsp;(hoy Antena 7)\nde&nbsp;<a href=\"https:\/\/es.wikipedia.org\/wiki\/Rep%C3%BAblica_Dominicana\">Rep\u00fablica Dominicana<\/a>, y a la <strong>Red CNC Televisi\u00f3n de Colombia<\/strong>.<\/p>\n\n\n\n<p>En el\n2014&nbsp; compr\u00f3 &nbsp;a la familia Mantilla el 68% del paquete\naccionario de <strong>Grupo&nbsp;<\/strong><a href=\"https:\/\/es.wikipedia.org\/wiki\/El_Comercio_(Ecuador)\"><strong>El Comercio<\/strong><\/a><strong>&nbsp;de Ecuador..<\/strong><\/p>\n\n\n\n<p>En&nbsp;<a href=\"https:\/\/es.wikipedia.org\/wiki\/2017\">2017<\/a> crea un nuevo\nconcesionario para participar en la licitaci\u00f3n a 148 estaciones de televisi\u00f3n\nque se llevar\u00eda a cabo en M\u00e9xico, en lo cual logr\u00f3 12 concesiones para nuevas\ntelevisoras locales. <\/p>\n\n\n\n<p>En 2016, apareci\u00f3 en la lista del llamado&nbsp;<a href=\"https:\/\/es.wikipedia.org\/wiki\/Panama_Papers\">Panam\u00e1 Papers<\/a>, y ese\nmismo a\u00f1o junto con su esposa son acusados de participar en el acto de\nfinanciamiento il\u00edcito de campa\u00f1a pol\u00edtica en&nbsp;<a href=\"https:\/\/es.wikipedia.org\/wiki\/Guatemala\">Guatemala<\/a>&nbsp;conocido\ncomo el&nbsp;<a href=\"https:\/\/es.wikipedia.org\/wiki\/Caso_Cooptaci%C3%B3n_del_Estado_en_Guatemala\">Caso Cooptaci\u00f3n del\nEstado en Guatemala<\/a>&nbsp;junto\ncon directivos de Canales 3 y 7 para la campa\u00f1a del&nbsp;<a href=\"https:\/\/es.wikipedia.org\/wiki\/Partido_Patriota\">Partido Patriota<\/a>. <\/p>\n\n\n\n<p>En el 2018 el&nbsp;<a href=\"https:\/\/es.wikipedia.org\/wiki\/Congreso_de_los_Estados_Unidos\">Congreso de los Estados Unidos<\/a>&nbsp;se\u00f1alo a Gonz\u00e1lez por los esc\u00e1ndalos de\ncorrupci\u00f3n en Guatemala.<\/p>\n\n\n\n<p>&nbsp;&nbsp;&nbsp;&nbsp;&nbsp;&nbsp;&nbsp;&nbsp;&nbsp;&nbsp;&nbsp;&nbsp;&nbsp; &nbsp;&nbsp;&nbsp;&nbsp;&nbsp;&nbsp;&nbsp;&nbsp;&nbsp;&nbsp;&nbsp;&nbsp;&nbsp;&nbsp;&nbsp;&nbsp;&nbsp;&nbsp;&nbsp;&nbsp;&nbsp;&nbsp;&#8212;&#8212;&#8212;&#8212;&#8212;&#8212;&#8212;&#8212;&#8212;&#8212;&#8212;&#8212;&#8211;<\/p>\n\n\n\n<p><strong>A<\/strong>qu\u00ed, asociado al Grupo Bonetti, El Fantasma ha sido\npieza clave y principal beneficiario de la compra fraudulenta de las acciones\nque controlaba el Banco Central en Antena latina, siguiendo el patr\u00f3n\ncontinental de asociaci\u00f3n delictiva con poderosos grupos locales articulados a\ngobiernos corruptos.<\/p>\n\n\n\n<p><strong>\u201cAs\u00ed<\/strong> -como dice Neruda- <strong>vac\u00edan por los puertos las rep\u00fablicas desangradas\u201d.<\/strong><\/p>\n\n\n\n<p>El silencio de su abogado Orlando Jorge Mera y de la\nalta direcci\u00f3n del PRM es demasiado elocuente.<\/p>\n","protected":false},"excerpt":{"rendered":"<p>Narciso Isa Conde Pablo Neruda nos describe en versos al \u201cAbogado del d\u00f3lar\u201d: \u201cInfierno americano, pan nuestro empapado de veneno. Hay otra lengua de tu p\u00e9rfida fogata, el abogado criollo de la compa\u00f1\u00eda extranjera\u201d \u2026 \u201cEs adoptado, le ponen librea. Viste de gringo, escupe como gringo\u2026 Tiene autom\u00f3vil, whisky, prensa, lo eligen juez y diputado, [&hellip;]<\/p>\n","protected":false},"author":1,"featured_media":853,"comment_status":"open","ping_status":"open","sticky":false,"template":"","format":"standard","meta":{"footnotes":""},"categories":[5,2],"tags":[],"_links":{"self":[{"href":"http:\/\/www.movimientocaamanista.com\/index.php?rest_route=\/wp\/v2\/posts\/852"}],"collection":[{"href":"http:\/\/www.movimientocaamanista.com\/index.php?rest_route=\/wp\/v2\/posts"}],"about":[{"href":"http:\/\/www.movimientocaamanista.com\/index.php?rest_route=\/wp\/v2\/types\/post"}],"author":[{"embeddable":true,"href":"http:\/\/www.movimientocaamanista.com\/index.php?rest_route=\/wp\/v2\/users\/1"}],"replies":[{"embeddable":true,"href":"http:\/\/www.movimientocaamanista.com\/index.php?rest_route=%2Fwp%2Fv2%2Fcomments&post=852"}],"version-history":[{"count":1,"href":"http:\/\/www.movimientocaamanista.com\/index.php?rest_route=\/wp\/v2\/posts\/852\/revisions"}],"predecessor-version":[{"id":854,"href":"http:\/\/www.movimientocaamanista.com\/index.php?rest_route=\/wp\/v2\/posts\/852\/revisions\/854"}],"wp:featuredmedia":[{"embeddable":true,"href":"http:\/\/www.movimientocaamanista.com\/index.php?rest_route=\/wp\/v2\/media\/853"}],"wp:attachment":[{"href":"http:\/\/www.movimientocaamanista.com\/index.php?rest_route=%2Fwp%2Fv2%2Fmedia&parent=852"}],"wp:term":[{"taxonomy":"category","embeddable":true,"href":"http:\/\/www.movimientocaamanista.com\/index.php?rest_route=%2Fwp%2Fv2%2Fcategories&post=852"},{"taxonomy":"post_tag","embeddable":true,"href":"http:\/\/www.movimientocaamanista.com\/index.php?rest_route=%2Fwp%2Fv2%2Ftags&post=852"}],"curies":[{"name":"wp","href":"https:\/\/api.w.org\/{rel}","templated":true}]}}