{"id":8552,"date":"2023-04-30T12:00:30","date_gmt":"2023-04-30T12:00:30","guid":{"rendered":"http:\/\/www.movimientocaamanista.com\/?p=8552"},"modified":"2023-04-30T12:00:32","modified_gmt":"2023-04-30T12:00:32","slug":"crisis-que-crisis-los-medios-evitan-transmitir-la-urgencia-climatica","status":"publish","type":"post","link":"http:\/\/www.movimientocaamanista.com\/?p=8552","title":{"rendered":"\u00bfCrisis? \u00bfQu\u00e9 crisis? Los medios evitan transmitir la urgencia clim\u00e1tica"},"content":{"rendered":"\n<p>Paul Virgo<\/p>\n\n\n\n<p>Fuente: <a href=\"https:\/\/rebelion.org\/crisis-que-crisis-los-medios-evitan-transmitir-la-urgencia-climatica\/\">Rebeli\u00f3n<\/a><\/p>\n\n\n\n<p>Los principales peri\u00f3dicos y programas informativos de televisi\u00f3n no tratan la crisis clim\u00e1tica como una emergencia, dice el portavoz de Greenpeace Italia, Giancarlo Sturloni.<\/p>\n\n\n\n<p>ROMA \u2013 &nbsp;Si un extraterrestre aterrizase hoy en la Tierra y empezase a ver la televisi\u00f3n, o\u00edr la radio o a leer los peri\u00f3dicos, probablemente no percibir\u00eda que la humanidad y su h\u00e1bitat natural se enfrentan a una amenaza existencial, que est\u00e1 llevando a la sexta extinci\u00f3n masiva, que ya est\u00e1 devastando las vidas de muchos, especialmente en el Sur global, y que pronto golpear\u00e1 al resto.<\/p>\n\n\n\n<p>\u201cNo s\u00e9 qu\u00e9 es m\u00e1s aterrador, si el hecho de que el CO2 atmosf\u00e9rico acaba de alcanzar el nivel m\u00e1s alto de la historia de la humanidad, o que haya pasado casi completamente desapercibido\u00bb,&nbsp;<a href=\"https:\/\/twitter.com\/GretaThunberg\/status\/1645145093555322881?s=20\">tuite\u00f3<\/a>&nbsp;la activista clim\u00e1tica sueca Greta Thunberg el 9 de abril, sobre los datos del&nbsp;<a href=\"https:\/\/gml.noaa.gov\/ccgg\/trends\/monthly.html\">Laboratorio de Monitorizaci\u00f3n Global<\/a>, de la estadounidense Oficina Nacional de Administraci\u00f3n Oce\u00e1nica y Atmosf\u00e9rica.<\/p>\n\n\n\n<p>Salvo algunas excepciones notables, la crisis clim\u00e1tica no ha sacado lo mejor de los principales medios de comunicaci\u00f3n y, de hecho, los cient\u00edficos y activistas que dan la voz de alarma suelen ser calificados de extremistas peligrosos o de chiflados.<\/p>\n\n\n\n<p>El trato dado el a\u00f1o pasado por un popular programa de televisi\u00f3n, Good Morning Britain, a Miranda Whelehan, una joven integrante del grupo de Just Stop Oil (basta del petr\u00f3leo), un grupo brit\u00e1nico de desobediencia local, es un buen ejemplo.<\/p>\n\n\n\n<p>En lugar de tener en cuenta sus argumentos v\u00e1lidos sobre los peligros inminentes descritos en los informes del&nbsp;<a href=\"https:\/\/www.ipcc.ch\/languages-2\/spanish\/\">Grupo Intergubernamental sobre Cambio Clim\u00e1tico<\/a>&nbsp;(IPCC), fue ridiculizada e intimidada con argumentos falsos, incluidas cr\u00edticas por \u00abllevar ropa\u00bb que podr\u00eda haber sido transportada con petr\u00f3leo. \u201c\u00bfTen\u00eda que presentarse desnuda?\u201d, se critic\u00f3 entonces.<\/p>\n\n\n\n<p>Fue un episodio tan lamentable que parec\u00eda sacado directamente de la pel\u00edcula sat\u00edrica de Adam McKay de 2021 sobre la crisis clim\u00e1tica: \u201cNo mires arriba\u201d.<\/p>\n\n\n\n<p>Pero la tergiversaci\u00f3n de la cobertura sobre el clima es solo una peque\u00f1a parte del problema.<\/p>\n\n\n\n<p>Lo peor es que el recalentamiento global y sus efectos se ignoran en gran medida, mientras que los cotilleos de famosos y los deportes parecen tener prioridad en la agenda informativa.<\/p>\n\n\n\n<p>No hay suficientes historias sobre la emergencia clim\u00e1tica y las que se publican o se proyectan no reciben la importancia que merecen.<\/p>\n\n\n\n<p>Una nueva investigaci\u00f3n de&nbsp;<a href=\"https:\/\/www.greenpeace.org\/italy\/\">Greenpeace Italia<\/a>&nbsp;da una idea de la magnitud del problema.<\/p>\n\n\n\n<p>El estudio, realizado junto con el instituto de investigaci\u00f3n&nbsp;<a href=\"https:\/\/www.osservatorio.it\/en\/\">Osservatorio di Pavia<\/a>, muestra que los principales diarios italianos solo publican unos 2,5 art\u00edculos diarios que traten expl\u00edcitamente sobre la crisis clim\u00e1tica.<\/p>\n\n\n\n<p>En cambio, los peri\u00f3dicos dan mucho espacio a las empresas cuyas actividades generan grandes emisiones de gases de efecto invernadero, publicando una media de seis anuncios semanales de empresas relacionadas con los combustibles f\u00f3siles y los sectores del autom\u00f3vil, el turismo de cruceros y el transporte a\u00e9reo.<\/p>\n\n\n\n<p>El estudio revela que menos de 3 % de las informaciones de los principales telediarios italianos se refieren a la crisis clim\u00e1tica.<\/p>\n\n\n\n<p>\u201cLos principales diarios y noticieros no tratan la crisis clim\u00e1tica como una emergencia\u00bb, dijo a IPS el portavoz de Greenpeace Italia, Giancarlo Sturloni.<\/p>\n\n\n\n<p>Las noticias son escasas y espor\u00e1dicas; la crisis clim\u00e1tica casi nunca es tema de primera plana, puntualiz\u00f3.<\/p>\n\n\n\n<p>\u201cBaste decir que en los principales telediarios de m\u00e1xima audiencia, el cambio clim\u00e1tico se menciona en menos de 2 % de las noticias y en algunos periodos cae por debajo de 1%\u201d, a\u00f1adi\u00f3.<\/p>\n\n\n\n<p>Adem\u00e1s, abund\u00f3, \u201cen los medios de comunicaci\u00f3n italianos apenas se mencionan las causas, empezando por los combustibles f\u00f3siles, y menos a\u00fan los principales culpables, las empresas petroleras y de gas\u201d.<\/p>\n\n\n\n<p>Naturalmente, este fen\u00f3meno medi\u00e1tico no se limita a Italia.<\/p>\n\n\n\n<p>En 2019, las publicaciones Columbia Journalism Review, The Nation, The Guardian y WNYC crearon&nbsp;<a href=\"https:\/\/coveringclimatenow.org\/about\/\">Covering Climate Now<\/a>&nbsp;(Cubrir el clima ahora, CCNow en ingl\u00e9s), un consorcio que busca trabajar con periodistas y medios de comunicaci\u00f3n para ayudar a los medios a dar a la crisis clim\u00e1tica el tratamiento que merece.<\/p>\n\n\n\n<p>Desde entonces se han adherido m\u00e1s de 500 socios con una proyecci\u00f3n combinada de 2000 millones de personas en 57 pa\u00edses.<\/p>\n\n\n\n<p>Pero sus cofundadores, Mark Hertsgaard y Kyle Pope, afirman que, aunque se han hecho progresos, gran parte de los medios de comunicaci\u00f3n siguen sin transmitir que el cambio clim\u00e1tico es \u00abuna amenaza inminente y mortal\u00bb, y lamentan que menos de 25 % del p\u00fablico estadounidense oiga hablar del tema en los medios cuando menos una vez cada mes.<\/p>\n\n\n\n<p>Hay varias razones por las que no se informa lo suficiente sobre la crisis clim\u00e1tica.<\/p>\n\n\n\n<p>Se trata de una crisis complicada y a menudo deprimente, por lo que los editores pueden ser reacios a publicar historias que requieren muchas explicaciones y corren el riesgo de que el p\u00fablico deje de seguir su informaci\u00f3n.<\/p>\n\n\n\n<p>Adem\u00e1s, Hertsgaard, corresponsal de medioambiente de The Nation, y Pope, director y editor de Columbia Journalism Review, informan que muchos medios importantes han asegurado en privado que no firmar\u00e1n la Declaraci\u00f3n de Emergencia Clim\u00e1tica de CCNow porque eso sonar\u00eda a activismo y no quieren parecer parcializados.<\/p>\n\n\n\n<p>Sturloni cree que el dinero tambi\u00e9n influye.<\/p>\n\n\n\n<p>\u201cNuestro an\u00e1lisis muestra que la voz de las empresas es casi siempre la que m\u00e1s espacio ocupa en la narrativa medi\u00e1tica de la crisis clim\u00e1tica, incluso m\u00e1s que la voz de cient\u00edficos y expertos\u00bb, afirm\u00f3.<\/p>\n\n\n\n<p>Asegur\u00f3 que \u201clas empresas m\u00e1s responsables de la crisis clim\u00e1tica tambi\u00e9n encuentran un amplio espacio en los principales medios de comunicaci\u00f3n italianos, y a menudo aprovechan para hacer&nbsp;<em>greenwash<\/em>&nbsp;(crear una falsa imagen verde) o promover falsas soluciones, como el gas, la compensaci\u00f3n de carbono, la captura y almacenamiento de carbono, la fusi\u00f3n nuclear, etc\u201d.<\/p>\n\n\n\n<p>Esto obedece, explic\u00f3 el portavoz de Greenpeace Italia, \u201ca la dependencia de los medios de comunicaci\u00f3n italianos de la financiaci\u00f3n de las empresas de combustibles f\u00f3siles, que pueden influir en la agenda informativa de los medios escritos y la televisi\u00f3n, as\u00ed como en la propia narrativa de la crisis clim\u00e1tica\u201d.<\/p>\n\n\n\n<p>A su juicio, \u201cesto impide que la gente est\u00e9 bien informada sobre la gravedad de la amenaza y, por tanto, sobre las soluciones que deben aplicarse urgentemente para evitar los peores escenarios del recalentamiento global\u201d.<\/p>\n","protected":false},"excerpt":{"rendered":"<p>Paul Virgo Fuente: Rebeli\u00f3n Los principales peri\u00f3dicos y programas informativos de televisi\u00f3n no tratan la crisis clim\u00e1tica como una emergencia, dice el portavoz de Greenpeace Italia, Giancarlo Sturloni. ROMA \u2013 &nbsp;Si un extraterrestre aterrizase hoy en la Tierra y empezase a ver la televisi\u00f3n, o\u00edr la radio o a leer los peri\u00f3dicos, probablemente no percibir\u00eda [&hellip;]<\/p>\n","protected":false},"author":1,"featured_media":7408,"comment_status":"open","ping_status":"open","sticky":false,"template":"","format":"standard","meta":{"footnotes":""},"categories":[4],"tags":[],"_links":{"self":[{"href":"http:\/\/www.movimientocaamanista.com\/index.php?rest_route=\/wp\/v2\/posts\/8552"}],"collection":[{"href":"http:\/\/www.movimientocaamanista.com\/index.php?rest_route=\/wp\/v2\/posts"}],"about":[{"href":"http:\/\/www.movimientocaamanista.com\/index.php?rest_route=\/wp\/v2\/types\/post"}],"author":[{"embeddable":true,"href":"http:\/\/www.movimientocaamanista.com\/index.php?rest_route=\/wp\/v2\/users\/1"}],"replies":[{"embeddable":true,"href":"http:\/\/www.movimientocaamanista.com\/index.php?rest_route=%2Fwp%2Fv2%2Fcomments&post=8552"}],"version-history":[{"count":1,"href":"http:\/\/www.movimientocaamanista.com\/index.php?rest_route=\/wp\/v2\/posts\/8552\/revisions"}],"predecessor-version":[{"id":8553,"href":"http:\/\/www.movimientocaamanista.com\/index.php?rest_route=\/wp\/v2\/posts\/8552\/revisions\/8553"}],"wp:featuredmedia":[{"embeddable":true,"href":"http:\/\/www.movimientocaamanista.com\/index.php?rest_route=\/wp\/v2\/media\/7408"}],"wp:attachment":[{"href":"http:\/\/www.movimientocaamanista.com\/index.php?rest_route=%2Fwp%2Fv2%2Fmedia&parent=8552"}],"wp:term":[{"taxonomy":"category","embeddable":true,"href":"http:\/\/www.movimientocaamanista.com\/index.php?rest_route=%2Fwp%2Fv2%2Fcategories&post=8552"},{"taxonomy":"post_tag","embeddable":true,"href":"http:\/\/www.movimientocaamanista.com\/index.php?rest_route=%2Fwp%2Fv2%2Ftags&post=8552"}],"curies":[{"name":"wp","href":"https:\/\/api.w.org\/{rel}","templated":true}]}}