{"id":8570,"date":"2023-05-12T11:08:51","date_gmt":"2023-05-12T11:08:51","guid":{"rendered":"http:\/\/www.movimientocaamanista.com\/?p=8570"},"modified":"2023-05-12T11:08:51","modified_gmt":"2023-05-12T11:08:51","slug":"una-respuesta-necesaria-a-una-acusacion-absurda","status":"publish","type":"post","link":"http:\/\/www.movimientocaamanista.com\/?p=8570","title":{"rendered":"UNA RESPUESTA NECESARIA A UNA ACUSACI\u00d3N ABSURDA"},"content":{"rendered":"\n<p>Luis Carvajal<\/p>\n\n\n\n<p>La Constituci\u00f3n Dominicana establece en el Art\u00edculo 16 sobre las \u00c1reas Protegidas. <em>\u201cLa vida silvestre, las unidades de conservaci\u00f3n que conforman el Sistema Nacional de \u00c1reas Protegidas y los ecosistemas y especies que contiene, constituyen bienes patrimoniales de la Naci\u00f3n y son inalienables, inembargables e imprescriptibles.\u201d<\/em> <\/p>\n\n\n\n<p>Por su parte la Ley 202-2004 de \u00c1reas Protegidas dice que <em>\u201cLas \u00e1reas p\u00fablicas que se encuentren bajo r\u00e9gimen legal de protecci\u00f3n en el Sistema Nacional de \u00c1reas Protegidas constituyen un componente inalienable, imprescriptible e inembargable del patrimonio estatal y no son transferibles en propiedad a ning\u00fan individuo, Estado, naci\u00f3n o ciudadano de otro pa\u00eds bajo ninguna circunstancia.\u201d<\/em><\/p>\n\n\n\n<p>El car\u00e1cter patrimonial de las \u00e1reas protegidas queda, por tanto, fuera de toda discusi\u00f3n. Es ese el reclamo de la Coalici\u00f3n para la Defensa de las \u00c1reas Protegidas en el caso Bucan-Ye y en cualquier otro: que se respete el mandato de la Constituci\u00f3n, de la Ley General de Medio Ambiente y de la Ley de \u00c1reas Protegidas.<\/p>\n\n\n\n<p>Nadie se opone a que cada \u00e1rea se gestione en funci\u00f3n de su categor\u00eda y su plan de manejo. Por eso, en Bucan-Ye, donde la categor\u00eda permite su incorporaci\u00f3n a los planes de desarrollo tur\u00edstico, la Coalici\u00f3n no se ha opuesto a ning\u00fan proyecto, pero si a la apropiaci\u00f3n privada del patrimonio p\u00fablico.<\/p>\n\n\n\n<p>Hacer creer al pa\u00eds que para \u201cdesarrollar\u201d hay que privatizar el patrimonio constituye un enga\u00f1o que pretende, adem\u00e1s, validar operaciones inmobiliarias que necesitan ser dilucidadas en los tribunales de la Rep\u00fablica.<\/p>\n\n\n\n<p>Si se permite la privatizaci\u00f3n del \u00e1rea protegida se estar\u00eda sentando un precedente funesto y estableciendo que es posible, si se cuenta con la anuencia de los poderes p\u00fablicos o algunos de sus funcionarios, violar la Constituci\u00f3n y las leyes.<\/p>\n\n\n\n<p>Bucan-ye y todas las \u00e1reas protegidas de Pedernales pueden y deben ser incorporadas al Plan Maestro de Desarrollo, de hecho, son estos espacios el recurso soporte de todas las propuestas de inversi\u00f3n, pero manteniendo su car\u00e1cter p\u00fablico y patrimonial y ajust\u00e1ndose a las leyes y normas que establecen qu\u00e9 se puede hacer en cada caso. Lo que no puede permitirse bajo ninguna condici\u00f3n es que se fundamente el desarrollo de esa regi\u00f3n en un fraude contra el Estado y la naci\u00f3n dominicana.<\/p>\n\n\n\n<p>Algunos comentaristas de opini\u00f3n han pretendido acusar al movimiento ambiental de ser enemigos del desarrollo, estar financiados por otros polos tur\u00edsticos y, los m\u00e1s destemplados, nos acusan de chantajistas. <\/p>\n\n\n\n<p>Respetamos sus opiniones. Sabemos que, en la mayor\u00eda de los casos, nos juzgan desde el desconocimiento de nuestra conducta, desde el sano inter\u00e9s en el desarrollo de una regi\u00f3n que ha estado siempre fuera de las pol\u00edticas y las inversiones p\u00fablicas o desde su propia \u00e9tica conductual y nos miden con las pautas de sus propios comportamientos y su escala de valores.<\/p>\n\n\n\n<p>La Coalici\u00f3n para la Defensa de las \u00c1reas Protegidas y la Red Socio Ambiental seguir\u00e1n defendiendo el car\u00e1cter patrimonial, p\u00fablico e inalienable de todas las unidades del SINAP sin importar su categor\u00eda.<\/p>\n","protected":false},"excerpt":{"rendered":"<p>Luis Carvajal La Constituci\u00f3n Dominicana establece en el Art\u00edculo 16 sobre las \u00c1reas Protegidas. \u201cLa vida silvestre, las unidades de conservaci\u00f3n que conforman el Sistema Nacional de \u00c1reas Protegidas y los ecosistemas y especies que contiene, constituyen bienes patrimoniales de la Naci\u00f3n y son inalienables, inembargables e imprescriptibles.\u201d Por su parte la Ley 202-2004 de [&hellip;]<\/p>\n","protected":false},"author":1,"featured_media":1907,"comment_status":"open","ping_status":"open","sticky":false,"template":"","format":"standard","meta":{"footnotes":""},"categories":[5,2],"tags":[],"_links":{"self":[{"href":"http:\/\/www.movimientocaamanista.com\/index.php?rest_route=\/wp\/v2\/posts\/8570"}],"collection":[{"href":"http:\/\/www.movimientocaamanista.com\/index.php?rest_route=\/wp\/v2\/posts"}],"about":[{"href":"http:\/\/www.movimientocaamanista.com\/index.php?rest_route=\/wp\/v2\/types\/post"}],"author":[{"embeddable":true,"href":"http:\/\/www.movimientocaamanista.com\/index.php?rest_route=\/wp\/v2\/users\/1"}],"replies":[{"embeddable":true,"href":"http:\/\/www.movimientocaamanista.com\/index.php?rest_route=%2Fwp%2Fv2%2Fcomments&post=8570"}],"version-history":[{"count":1,"href":"http:\/\/www.movimientocaamanista.com\/index.php?rest_route=\/wp\/v2\/posts\/8570\/revisions"}],"predecessor-version":[{"id":8571,"href":"http:\/\/www.movimientocaamanista.com\/index.php?rest_route=\/wp\/v2\/posts\/8570\/revisions\/8571"}],"wp:featuredmedia":[{"embeddable":true,"href":"http:\/\/www.movimientocaamanista.com\/index.php?rest_route=\/wp\/v2\/media\/1907"}],"wp:attachment":[{"href":"http:\/\/www.movimientocaamanista.com\/index.php?rest_route=%2Fwp%2Fv2%2Fmedia&parent=8570"}],"wp:term":[{"taxonomy":"category","embeddable":true,"href":"http:\/\/www.movimientocaamanista.com\/index.php?rest_route=%2Fwp%2Fv2%2Fcategories&post=8570"},{"taxonomy":"post_tag","embeddable":true,"href":"http:\/\/www.movimientocaamanista.com\/index.php?rest_route=%2Fwp%2Fv2%2Ftags&post=8570"}],"curies":[{"name":"wp","href":"https:\/\/api.w.org\/{rel}","templated":true}]}}