{"id":8602,"date":"2023-05-26T10:59:57","date_gmt":"2023-05-26T10:59:57","guid":{"rendered":"http:\/\/www.movimientocaamanista.com\/?p=8602"},"modified":"2023-05-26T10:59:58","modified_gmt":"2023-05-26T10:59:58","slug":"el-objetivista-y-el-subjetivista","status":"publish","type":"post","link":"http:\/\/www.movimientocaamanista.com\/?p=8602","title":{"rendered":"El objetivista y el subjetivista"},"content":{"rendered":"\n<p><a href=\"http:\/\/fcoumpierrezblogspotcom.blogspot.com\/2023\/04\/el-objetivista-y-el-subjetivista.html\">Francisco Umpi\u00e9rrez S\u00e1nchez<\/a><\/p>\n\n\n\n<p>El objetivista est\u00e1 plenamente volcado en aquello de lo que habla o piensa y casi se olvida de s\u00ed mismo. Tal vez se descuida en ocasiones en la formulaci\u00f3n de su expresi\u00f3n y no se cuida del estilo. Tal vez se precipita y cometa errores de apreciaci\u00f3n. Tal vez incluso produce un pensamiento descontrolado y carente de mesura. Pero es apasionado y busca sin cesar cambiar el mundo.<\/p>\n\n\n\n<p>El subjetivista, por el contrario, est\u00e1 pendiente de lucirse, de mostrarse y de realizarse. Se afana por cuidar su expresi\u00f3n y copia el estilo de los grandes pensadores, pero sus palabras carecen de vida interior y se desconecta del mundo. No toma posici\u00f3n en las grandes luchas sociales, no es partidista y no lucha por cambiar el mundo. De manera que le cuesta infinito salirse de s\u00ed mismo. Y cuando imita el lenguaje de los grandes pensadores sus pensamientos suenan falsos, huecos, parecen pura forma, puesto que aquello de lo que habla no es vivencia ni experiencia suyas.<\/p>\n\n\n\n<p>En El Capital, en la secci\u00f3n dedicada al proceso de trabajo, dice Marx: \u201c(El ser humano) pone en movimiento las fuerzas naturales pertenecientes a su corporeidad, brazos y piernas, manos y cabeza, para apropiarse de los materiales de la naturaleza en una forma \u00fatil para su vida. Al actuar mediante este movimiento sobre la naturaleza exterior a \u00e9l y cambiarla, transforma al mismo tiempo su propia naturaleza\u201d.<\/p>\n\n\n\n<p>Y esto es lo que les advierto a los subjetivistas: Solo si cambias el mundo exterior a ti, solo si procuras e intentas cambiar las relaciones en la que transcurre tu vida, tanto en tu vida inmediata como en tu vida mediata, solo si tu pensamiento y sentimiento est\u00e1n volcados en los apremiantes problemas de la objetividad, solo as\u00ed podr\u00e1s cambiar tu subjetividad. Si te retraes en ti y te desconectas del mundo exterior, actualmente tan complejo y efervescente, nunca te transformar\u00e1s ni ser\u00e1s revolucionario. Pues aqu\u00ed, en este contexto, revolucionario solo significa transformarse uno a s\u00ed mismo para bien de la humanidad.<\/p>\n\n\n\n<p>El subjetivista, al no tener sus pensamientos anclados en la vida exterior sino solo en s\u00ed mismo, puede desordenar el pensamiento del otro por completo; mientras que el objetivista, al tener anclado sus pensamientos en la vida exterior, solo lo har\u00e1 en ocasiones y en poca medida.<\/p>\n","protected":false},"excerpt":{"rendered":"<p>Francisco Umpi\u00e9rrez S\u00e1nchez El objetivista est\u00e1 plenamente volcado en aquello de lo que habla o piensa y casi se olvida de s\u00ed mismo. Tal vez se descuida en ocasiones en la formulaci\u00f3n de su expresi\u00f3n y no se cuida del estilo. Tal vez se precipita y cometa errores de apreciaci\u00f3n. Tal vez incluso produce un [&hellip;]<\/p>\n","protected":false},"author":1,"featured_media":8603,"comment_status":"open","ping_status":"open","sticky":false,"template":"","format":"standard","meta":{"footnotes":""},"categories":[4],"tags":[],"_links":{"self":[{"href":"http:\/\/www.movimientocaamanista.com\/index.php?rest_route=\/wp\/v2\/posts\/8602"}],"collection":[{"href":"http:\/\/www.movimientocaamanista.com\/index.php?rest_route=\/wp\/v2\/posts"}],"about":[{"href":"http:\/\/www.movimientocaamanista.com\/index.php?rest_route=\/wp\/v2\/types\/post"}],"author":[{"embeddable":true,"href":"http:\/\/www.movimientocaamanista.com\/index.php?rest_route=\/wp\/v2\/users\/1"}],"replies":[{"embeddable":true,"href":"http:\/\/www.movimientocaamanista.com\/index.php?rest_route=%2Fwp%2Fv2%2Fcomments&post=8602"}],"version-history":[{"count":1,"href":"http:\/\/www.movimientocaamanista.com\/index.php?rest_route=\/wp\/v2\/posts\/8602\/revisions"}],"predecessor-version":[{"id":8604,"href":"http:\/\/www.movimientocaamanista.com\/index.php?rest_route=\/wp\/v2\/posts\/8602\/revisions\/8604"}],"wp:featuredmedia":[{"embeddable":true,"href":"http:\/\/www.movimientocaamanista.com\/index.php?rest_route=\/wp\/v2\/media\/8603"}],"wp:attachment":[{"href":"http:\/\/www.movimientocaamanista.com\/index.php?rest_route=%2Fwp%2Fv2%2Fmedia&parent=8602"}],"wp:term":[{"taxonomy":"category","embeddable":true,"href":"http:\/\/www.movimientocaamanista.com\/index.php?rest_route=%2Fwp%2Fv2%2Fcategories&post=8602"},{"taxonomy":"post_tag","embeddable":true,"href":"http:\/\/www.movimientocaamanista.com\/index.php?rest_route=%2Fwp%2Fv2%2Ftags&post=8602"}],"curies":[{"name":"wp","href":"https:\/\/api.w.org\/{rel}","templated":true}]}}