{"id":8609,"date":"2023-05-26T11:09:41","date_gmt":"2023-05-26T11:09:41","guid":{"rendered":"http:\/\/www.movimientocaamanista.com\/?p=8609"},"modified":"2023-05-26T11:09:42","modified_gmt":"2023-05-26T11:09:42","slug":"milei-es-un-deseo-de-shock","status":"publish","type":"post","link":"http:\/\/www.movimientocaamanista.com\/?p=8609","title":{"rendered":"Milei es un deseo de shock"},"content":{"rendered":"\n<p>Jos\u00e9 Natanson<\/p>\n\n\n\n<p>Fuente: <a href=\"https:\/\/rebelion.org\/milei-es-un-deseo-de-shock\/\">Rebeli\u00f3n<\/a><\/p>\n\n\n\n<p>La irrupci\u00f3n de Javier Milei y su veloz transformaci\u00f3n de panelista de televisi\u00f3n en candidato competitivo es consecuencia del malestar hondo de una sociedad a la que una d\u00e9cada de recesi\u00f3n puso contra las cuerdas, de la desesperaci\u00f3n de no saber de d\u00f3nde vendr\u00e1 la pr\u00f3xima trompada y de la angustia que produce la inflaci\u00f3n. Nuevos fen\u00f3menos sociales, como el trabajador pobre, que cuenta con empleo estable pero no llega a fin de mes, o la expansi\u00f3n de los trabajos por cuenta propia en los \u00e1mbitos de la econom\u00eda digital, el comercio electr\u00f3nico y el reparto, completan el cuadro, que la pandemia agudiz\u00f3: si el origen del macrismo puede rastrearse en las movilizaciones del campo de 2008, el nacimiento del mile\u00edsmo se sit\u00faa en las marchas anticuarentena y su reclamo de libertad. La sociedad est\u00e1 mutando de manera acelerada. Son corrientes submarinas que apenas podemos intuir.<\/p>\n\n\n\n<p>El ascenso de Milei tiene dos dimensiones. La primera es conocida: el candidato libertario refleja un rechazo rotundo al actual estado de cosas. Es una impugnaci\u00f3n fuerte, un \u201chasta ac\u00e1 llegamos\u201d que encontr\u00f3 en su lengua de furia la forma de expresarse (1). Con Juntos por el Cambio estabilizando el voto antiperonista, el PJ convertido en un \u201cpartido del orden\u201d y hasta el Frente de Izquierda integrado al sistema pol\u00edtico, jugando con soltura el juego parlamentario, Milei se ofrece como el m\u00e1s remoto de los&nbsp;<em>outsiders<\/em>, el que vive en la isla m\u00e1s distante. Un exc\u00e9ntrico en su acepci\u00f3n original: alejado del centro. Alguien que no se priva de apelar a la \u201cresistencia\u201d, por ejemplo llamando a la rebeld\u00eda fiscal o reivindicando el derecho a no escolarizar a los hijos, y que adem\u00e1s lo hace encarnando en su figura la bronca social contenida: parafraseando a Pablo Stefanoni, podr\u00edamos decir que no s\u00f3lo la rebeld\u00eda, tambi\u00e9n la pasi\u00f3n se volvi\u00f3 de derecha (2).<\/p>\n\n\n\n<p>Pero no es s\u00f3lo este rechazo sordo lo que explica el crecimiento de Milei. Si el macrismo fue en esencia una coalici\u00f3n antiperonista, Milei es eso, pero es m\u00e1s que eso. \u00bfHay un voto de esperanza? Digamos que hay una expectativa, sobre todo en los j\u00f3venes, en los varones de clase media baja y en los cuentapropistas. Tras una d\u00e9cada de empate pol\u00edtico, de \u201chegemon\u00eda imposible\u201d entre dos coaliciones que no logran ni derrotar a la otra ni acordar un programa com\u00fan (3), Milei dice, claro y fuerte, que \u00e9l s\u00ed puede, que las cosas que promete, por m\u00e1s delirantes que suenen, son factibles. Frente a la \u201cimpotencia de Estado\u201d del Frente de Todos, Milei promete, por usar la expresi\u00f3n can\u00f3nica, un ejercicio de voluntad. Su ascenso tambi\u00e9n es consecuencia del fracaso del gradualismo; Milei es un deseo de shock.<\/p>\n\n\n\n<p>Veamos si no lo que sucede con la dolarizaci\u00f3n. Aunque los economistas ortodoxos y heterodoxos coinciden por una vez en que, con los actuales niveles de reservas del Banco Central, la deuda acumulada y el contexto internacional, una dolarizaci\u00f3n ser\u00eda doloros\u00edsima, el debate pol\u00edtico de los \u00faltimos d\u00edas gira en torno a esta propuesta, que Milei formula envuelta en una nube de tecnicismos y especulaciones econom\u00e9tricas que nadie entiende, mientras deja correr alegremente la versi\u00f3n de que dolarizar la econom\u00eda supone dolarizar salarios. Y por supuesto que en el contexto actual la dolarizaci\u00f3n no es factible, pero tambi\u00e9n era imposible construir un muro en la frontera con M\u00e9xico y Trump gan\u00f3 las elecciones \u2212lo que no significa que Milei vaya a ganar, sino que la sociedad est\u00e1 dispuesta a escuchar sus ideas\u2212.<\/p>\n\n\n\n<p>En todo caso, la discusi\u00f3n p\u00fablica generada alrededor de la iniciativa confirma la centralidad de Milei en este tramo del proceso electoral. Algo similar sucede con la participaci\u00f3n de las Fuerzas Armadas en asuntos de seguridad interna o la libre portaci\u00f3n de armas, propuestas que otros candidatos, como Patricia Bullrich, tambi\u00e9n suscriben. Empujado por la \u00e9poca, el economista ha logrado girar el eje program\u00e1tico de la campa\u00f1a varios grados a la derecha. En este sentido, Milei ya gan\u00f3.<\/p>\n\n\n\n<p><strong>Desdiabolizaci\u00f3n<\/strong><\/p>\n\n\n\n<p>Aunque los modos destemplados de sus intervenciones p\u00fablicas nos hagan caer en la tentaci\u00f3n de tomarlo en broma, hay una cierta inteligencia en el ascenso de Milei, que se revela en cuatro decisiones estrat\u00e9gicas. La primera es construirse como el candidato de la antipol\u00edtica apelando a la gesta contra la \u201ccasta\u201d, un concepto importado de Podemos al que le saca todo el jugo posible. La segunda, que se deriva de la anterior, es no ingresar a Juntos por el Cambio (\u201cJuntos por el Kargo\u201d), como s\u00ed lo hicieron Jos\u00e9 Luis Espert y Ricardo L\u00f3pez Murphy, cuid\u00e1ndose al mismo tiempo de no atacar ni a Macri ni a Bullrich y concentrando sus invectivas en Horacio Rodr\u00edguez Larreta, al que llama \u201cHarry el sucio\u201d. La tercera, cerrar acuerdos con fuerzas provinciales del espectro conservador, casta de la casta, pero esenciales para completar las listas legislativas y asegurar un m\u00ednimo de fiscalizaci\u00f3n en las elecciones. Y la \u00faltima, dejar de lado sus propuestas de dinamitar el Banco Central o habilitar el mercado de compraventa de h\u00edgados y ri\u00f1ones para limitar sus apariciones medi\u00e1ticas a los temas que sabe que funcionan: fracaso del Estado, inseguridad, econom\u00eda.<\/p>\n\n\n\n<p>En realidad, Milei no est\u00e1 haciendo nada nuevo. La desdiabolizaci\u00f3n es un proceso que han seguido otros candidatos de extrema derecha en diferentes pa\u00edses. En Francia, Marine Le Pen tom\u00f3 distancia del origen fascista de su padre y revis\u00f3 su propuesta original de abandonar el euro; en Italia, Georgia Meloni logr\u00f3 ser elegida primera ministra luego de enviar todo tipo de se\u00f1ales tranquilizadoras a la Uni\u00f3n Europea; y en Brasil, Jair Bolsonaro busc\u00f3 \u2212y consigui\u00f3\u2212 el apoyo de la centroderecha tradicional. Como ellos, Milei transita una l\u00ednea finita entre la exigencia t\u00e1ctica de contener sus desbordes discursivos y la voluntad de no perder la autenticidad, de seguir siendo \u00e9l.<\/p>\n\n\n\n<p>Al mismo tiempo, el discurso ultraconservador procura retener al n\u00facleo duro de la derecha tradicional. Por lejos el m\u00e1s ideol\u00f3gico de los candidatos presidenciales, Milei se ha declarado contra la legalizaci\u00f3n del aborto, contra el feminismo y contra cualquier pol\u00edtica prodiversidad, un mix que no resulta tan extra\u00f1o en Argentina: es, al fin y al cabo, el de los gobiernos militares, que combinaron neoliberalismo econ\u00f3mico con reaccionarismo cultural. La inclusi\u00f3n en su coalici\u00f3n de dirigentes que han construido sus carreras reivindicando la \u00faltima dictadura, como Victoria Villarruel o Ricardo Bussi, expresa esta amalgama.<\/p>\n\n\n\n<p>La estrategia se completa con una operaci\u00f3n simb\u00f3lica audaz: la revalorizaci\u00f3n del legado econ\u00f3mico de Menem, muy oportuna en tiempos de inestabilidad del d\u00f3lar e inflaci\u00f3n descontrolada. Durante a\u00f1os, Menem fue una especie de punto ciego de la pol\u00edtica argentina, como si la historia hubiera saltado de Alfons\u00edn a Kirchner, a punto tal que ni siquiera los pol\u00edticos que crecieron a su sombra se animaban a reivindicarlo. En contraste, Milei sostiene que \u201cMenem fue el mejor presidente de la historia y Cavallo el mejor ministro de Econom\u00eda\u201d, y con ello planta una bandera. Si declararse fan de la Generaci\u00f3n del 37 es una tentaci\u00f3n a la que casi ning\u00fan pol\u00edtico argentino puede resistirse, la reivindicaci\u00f3n de Menem y Cavallo constituye un gesto m\u00e1s atrevido, que ubica a Milei en el grupo de l\u00edderes de extrema derecha que bucean en el pasado para encontrar su lugar en el presente: el Tea Party como antecedente de Donald Trump, Vox y el franquismo, Jos\u00e9 Antonio Kast y el pinochetismo, Jair Bolsonaro y la dictadura brasile\u00f1a.<\/p>\n\n\n\n<p><strong>Hasta d\u00f3nde llegar\u00e1<\/strong><\/p>\n\n\n\n<p>Las encuestas coinciden en que Milei, que hasta hace poco crec\u00eda sobre la base de los votantes macristas y que \u00faltimamente tambi\u00e9n comenz\u00f3 a alimentarse de peronistas desencantados, sigue en ascenso, y que si las PASO fueran hoy podr\u00eda salir tercero e incluso segundo, desplazando al peronismo. Si las dos coaliciones llevan m\u00e1s de un candidato, es probable que, considerado individualmente, resulte el postulante m\u00e1s votado en agosto. La pregunta es si una vez que esto ocurra la sociedad reaccionar\u00e1 asustada y correr\u00e1 a ponerle un techo o si por el contrario se subir\u00e1 a la ola, lo que a su vez depender\u00e1 de la profundidad de la crisis econ\u00f3mica y del resultado de las otras PASO, en particular la de Juntos por el Cambio: Bullrich podr\u00eda disputarle el electorado a Milei y jugarse al cl\u00e1sico de cl\u00e1sicos contra el peronismo, mientras Rodr\u00edguez Larreta apostar\u00eda a un gran frente moderado yendo a buscar los votos peronistas. Y si el Frente de Todos logra un resultado aceptable, entonces deber\u00e1 competir con el candidato del macrismo por los votos libertarios. En un escenario de empate de tercios cualquier cosa puede pasar.<\/p>\n\n\n\n<p>En todo caso, enfrentar a Milei exige una sinton\u00eda fina que la pol\u00edtica, sobre todo el progresismo, todav\u00eda no logra encontrar. Un ejemplo: las reivindicaciones huecas de un Estado al que parte de la sociedad observa muy cr\u00edticamente (no todos los votantes de Milei quieren abolir la educaci\u00f3n p\u00fablica o cerrar los hospitales, pero probablemente todos coincidan en que son cosas que funcionan mal desde hace muchos a\u00f1os). A esta altura de la crisis, los privilegios de las elites progresistas generan cada vez m\u00e1s irritaci\u00f3n, y el establishment econ\u00f3mico tampoco parece entender lo que est\u00e1 pasando: las cr\u00edticas que recibi\u00f3 Milei por su participaci\u00f3n en la cumbre de empresarios en el Hotel Llao Llao, que los medios se ocuparon de difundir, \u00bfson un problema para Milei o un argumento m\u00e1s para eirigirse en el candidato antisistema?<\/p>\n\n\n\n<p>Por \u00faltimo, calificarlo sin m\u00e1s de \u201cfascista\u201d no parece el camino m\u00e1s adecuado para frenar su crecimiento, en buena medida porque nadie cree que, en caso de ganar las elecciones, Milei vaya a instalar campos de concentraci\u00f3n en la Panamericana. Esto no implica subestimar la cat\u00e1strofe que implicar\u00eda su llegada al poder, sino entender mejor la naturaleza exacta de su autoritarismo: ajuste fiscal, recorte de los servicios p\u00fablicos, eliminaci\u00f3n de los planes sociales, retroceso en las pol\u00edticas de g\u00e9nero y derechos humanos, flexibilidad para la portaci\u00f3n de armas, pol\u00edtica de manos libres para las fuerzas de seguridad: ah\u00ed est\u00e1 el peligro. Las experiencias de Trump y Bolsonaro revelan que, m\u00e1s que la improbable creaci\u00f3n de un r\u00e9gimen fascista, las nuevas derechas producen una brutal degradaci\u00f3n de la vida c\u00edvica, el desmantelamiento de los mecanismos estatales de solidaridad y la creaci\u00f3n de una zona liberada a nivel nacional para los ataques al pluralismo y la diversidad. La previsible resistencia de una sociedad movilizada como la argentina llevar\u00eda al pa\u00eds a la ingobernabilidad y al caos.<\/p>\n\n\n\n<p>Pero no nos dejemos vencer por la tentaci\u00f3n de imaginar distop\u00edas; todav\u00eda falta bastante y nada est\u00e1 dicho, as\u00ed que volvamos al comienzo.<\/p>\n\n\n\n<p>Surgido de las entra\u00f1as mismas del capitalismo contempor\u00e1neo (la consultor\u00eda econ\u00f3mica y los estudios de televisi\u00f3n), Milei es el emergente m\u00e1s visible del hartazgo de una cantidad creciente de argentinos con el rumbo del pa\u00eds y con la pol\u00edtica, con una crisis que no termina de estallar pero que igual va destruyendo la trama social a su paso. Desenga\u00f1ada de todo, sumida en una sensaci\u00f3n de fracaso colectivo, la sociedad ya castig\u00f3 al kirchnerismo (en 2015), al macrismo (en 2019) y al Frente de Todos (en 2021). Hoy parece m\u00e1s proclive que nunca a ensayar un salto al vac\u00edo.<\/p>\n\n\n\n<p><strong>Notas:<\/strong><\/p>\n\n\n\n<p>1. Ignacio Ram\u00edrez, \u201cLa naturaleza pol\u00edtica de una desilusi\u00f3n\u201d, Revista Anfibia, www.revistaanfibia.com<\/p>\n\n\n\n<p>2. Pablo Stefanoni,&nbsp;<em>\u00bfLa rebeld\u00eda se volvi\u00f3 de derecha?<\/em>, Siglo XXI editores, Buenos Aires, 2021.<\/p>\n\n\n\n<p>3. Fernando Rosso,&nbsp;<em>La hegemon\u00eda imposible<\/em>, Capital intelectual, Buenos Aires, 2022.<\/p>\n","protected":false},"excerpt":{"rendered":"<p>Jos\u00e9 Natanson Fuente: Rebeli\u00f3n La irrupci\u00f3n de Javier Milei y su veloz transformaci\u00f3n de panelista de televisi\u00f3n en candidato competitivo es consecuencia del malestar hondo de una sociedad a la que una d\u00e9cada de recesi\u00f3n puso contra las cuerdas, de la desesperaci\u00f3n de no saber de d\u00f3nde vendr\u00e1 la pr\u00f3xima trompada y de la angustia [&hellip;]<\/p>\n","protected":false},"author":1,"featured_media":5792,"comment_status":"open","ping_status":"open","sticky":false,"template":"","format":"standard","meta":{"footnotes":""},"categories":[5,3],"tags":[],"_links":{"self":[{"href":"http:\/\/www.movimientocaamanista.com\/index.php?rest_route=\/wp\/v2\/posts\/8609"}],"collection":[{"href":"http:\/\/www.movimientocaamanista.com\/index.php?rest_route=\/wp\/v2\/posts"}],"about":[{"href":"http:\/\/www.movimientocaamanista.com\/index.php?rest_route=\/wp\/v2\/types\/post"}],"author":[{"embeddable":true,"href":"http:\/\/www.movimientocaamanista.com\/index.php?rest_route=\/wp\/v2\/users\/1"}],"replies":[{"embeddable":true,"href":"http:\/\/www.movimientocaamanista.com\/index.php?rest_route=%2Fwp%2Fv2%2Fcomments&post=8609"}],"version-history":[{"count":1,"href":"http:\/\/www.movimientocaamanista.com\/index.php?rest_route=\/wp\/v2\/posts\/8609\/revisions"}],"predecessor-version":[{"id":8610,"href":"http:\/\/www.movimientocaamanista.com\/index.php?rest_route=\/wp\/v2\/posts\/8609\/revisions\/8610"}],"wp:featuredmedia":[{"embeddable":true,"href":"http:\/\/www.movimientocaamanista.com\/index.php?rest_route=\/wp\/v2\/media\/5792"}],"wp:attachment":[{"href":"http:\/\/www.movimientocaamanista.com\/index.php?rest_route=%2Fwp%2Fv2%2Fmedia&parent=8609"}],"wp:term":[{"taxonomy":"category","embeddable":true,"href":"http:\/\/www.movimientocaamanista.com\/index.php?rest_route=%2Fwp%2Fv2%2Fcategories&post=8609"},{"taxonomy":"post_tag","embeddable":true,"href":"http:\/\/www.movimientocaamanista.com\/index.php?rest_route=%2Fwp%2Fv2%2Ftags&post=8609"}],"curies":[{"name":"wp","href":"https:\/\/api.w.org\/{rel}","templated":true}]}}