{"id":8736,"date":"2023-08-03T14:35:25","date_gmt":"2023-08-03T14:35:25","guid":{"rendered":"http:\/\/www.movimientocaamanista.com\/?p=8736"},"modified":"2023-08-03T14:35:27","modified_gmt":"2023-08-03T14:35:27","slug":"bienvenidos-al-planeta-de-las-estadisticas-imposibles","status":"publish","type":"post","link":"http:\/\/www.movimientocaamanista.com\/?p=8736","title":{"rendered":"Bienvenidos al planeta de las estad\u00edsticas imposibles"},"content":{"rendered":"\n<p>Juan F. Samaniego<\/p>\n\n\n\n<p>Fuente: <a href=\"https:\/\/rebelion.org\/bienvenidos-al-planeta-de-las-estadisticas-imposibles\/\">Rebeli\u00f3n<\/a><\/p>\n\n\n\n<p>Los eventos extremos, cada vez m\u00e1s marcados, est\u00e1n abandonando toda l\u00f3gica estad\u00edstica y est\u00e1n llevando al l\u00edmite nuestra capacidad de reacci\u00f3n.<\/p>\n\n\n\n<p>Alcanzar 38,8 \u00b0C en C\u00f3rdoba no es raro. Al fin y al cabo, la provincia andaluza atesora varios de los r\u00e9cords de temperatura de la pen\u00ednsula Ib\u00e9rica. Pero si los 38,8 \u00b0C se alcanzan en el mes de&nbsp;<a rel=\"noreferrer noopener\" href=\"https:\/\/www.climatica.lamarea.com\/temperaturas-abril-espana\/\" target=\"_blank\">abril<\/a>, la historia cambia. En medio de una ola de calor sin apenas precedentes en primavera, la estaci\u00f3n meteorol\u00f3gica del aeropuerto cordob\u00e9s registr\u00f3 el pasado 26 de abril la que por ahora es&nbsp;<strong>la temperatura m\u00e1s alta<\/strong>&nbsp;de la que se tiene constancia en el territorio peninsular en un mes de abril. Pero todo apunta a que este r\u00e9cord no durar\u00e1 mucho.<\/p>\n\n\n\n<p>Alrededor de aquel d\u00eda, tambi\u00e9n se superaron los 36,9 \u00b0C en el sur de Portugal, los 41 \u00b0C en Marrakech y Sidi-Slimane (Marruecos) y los 40 \u00b0C en Maghnia (Argelia). Y hablamos de temperaturas oficiales, medidas con term\u00f3metros que est\u00e1n colocados a la sombra, normalmente en una caja bien ventilada y elevados del suelo. De acuerdo con&nbsp;<a href=\"https:\/\/www.worldweatherattribution.org\/extreme-april-heat-in-spain-portugal-morocco-algeria-almost-impossible-without-climate-change\/\" target=\"_blank\" rel=\"noreferrer noopener\">el an\u00e1lisis cient\u00edfico<\/a>&nbsp;de la organizaci\u00f3n World Weather Attribution, este evento de calor fue tan excepcional en el \u00e1rea mediterr\u00e1nea que&nbsp;<strong>solo deber\u00eda suceder una vez cada 400 a\u00f1os<\/strong>. Pero, si vivi\u00e9semos en un planeta sin cambio clim\u00e1tico, solo tendr\u00eda lugar una vez cada 40.000 a\u00f1os.<\/p>\n\n\n\n<p>Los 49,6 \u2103 del verano de 2021 en Canad\u00e1. El calor repentino que se adelant\u00f3 en Argentina, Bolivia, Chile, Paraguay y Uruguay en noviembre de 2022. Las altas temperaturas que se mantuvieron sin descanso durante m\u00e1s de dos meses en la India y Pakist\u00e1n (antes de la llegada de las lluvias torrenciales) en primavera de 2022. En los \u00faltimos a\u00f1os, el clima del planeta&nbsp;<strong>se ha llenado de eventos imposibles<\/strong>. Los extremos, cada vez m\u00e1s marcados, est\u00e1n abandonando toda l\u00f3gica estad\u00edstica y est\u00e1n llevando al l\u00edmite nuestra capacidad de reacci\u00f3n.<\/p>\n\n\n\n<h2 class=\"wp-block-heading\">De r\u00e9cord en r\u00e9cord<\/h2>\n\n\n\n<p>No estamos preparados para alcanzar temperaturas imposibles o experimentar sequ\u00edas que no salen en los libros de historia. Los pa\u00edses tienden a prepararse, dentro de sus posibilidades, para los eventos m\u00e1s extremos de los que tengan constancia.&nbsp;<strong>Es muy dif\u00edcil prepararse para lo imposible<\/strong>. Con esto en mente, un equipo de cient\u00edficos clim\u00e1ticos de las universidades de Bristol, Exeter, Oxford y Edimburgo ha intentado encontrar las zonas del planeta en las que es m\u00e1s probable que, en los pr\u00f3ximos a\u00f1os, se experimenten temperaturas casi imposibles estad\u00edsticamente.<\/p>\n\n\n\n<p>Tras analizar los datos hist\u00f3ricos de 1959 a 2021, los investigadores encontraron que el 31% de la superficie terrestre ya ha experimentado temperaturas que no encajan en lo que deber\u00eda esperarse en un planeta estad\u00edsticamente normal. Es decir, en un planeta que no estuviese recargado de energ\u00edapor el&nbsp;<strong>exceso de gases de efecto invernadero<\/strong>&nbsp;en su atm\u00f3sfera. El estudio,&nbsp;<a href=\"https:\/\/www.nature.com\/articles\/s41467-023-37554-1\" target=\"_blank\" rel=\"noreferrer noopener\">publicado en&nbsp;<em>Nature<\/em><\/a>, tambi\u00e9n ha identificado varias regiones que no han experimentado un calor especialmente inusual en las \u00faltimas seis d\u00e9cadas, por lo que parece m\u00e1s probable que vayan a experimentarlo en el futuro cercano.<\/p>\n\n\n\n<p>Las regiones en mayor riesgo son Afganist\u00e1n, Am\u00e9rica Central, el este de Rusia, Europa Central y las provincias chinas de Pek\u00edn, Hebei y Tianjin. En algunas de estas regiones, adem\u00e1s, la vulnerabilidad aumenta teniendo en cuenta la gran densidad de poblaci\u00f3n que se concentra en ellas y su desarrollo econ\u00f3mico, lo que influye directamente en&nbsp;<strong>su capacidad de preparaci\u00f3n y de reacci\u00f3n<\/strong>. De acuerdo con los investigadores, estas regiones pueden pensar que \u201chan tenido suerte\u201d hasta ahora, pero tienen que estar listas para actuar ante eventos extremos que cada vez ser\u00e1n menos imposibles.<\/p>\n\n\n\n<p>\u00abPara el art\u00edculo usamos una t\u00e9cnica estad\u00edstica llamada an\u00e1lisis de valores extremos, que se usa para calcular la probabilidad de que ocurran eventos muy raros\u00bb, explica&nbsp;<strong>Nicholas Leach<\/strong>, investigador posdoctoral en ciencia clim\u00e1tica de la Universidad de Oxford y uno de los autores del art\u00edculo. \u00abSeg\u00fan este an\u00e1lisis, muchas de las&nbsp;<strong>olas de calor<\/strong>&nbsp;r\u00e9cord experimentadas en las \u00faltimas d\u00e9cadasson muy poco probables, deber\u00edan suceder menos de una vez cada 10.000 a\u00f1os. Fue ah\u00ed cuando nos dimos cuenta de que hay demasiados eventos estad\u00edsticamente imposibles\u00bb.<\/p>\n\n\n\n<p>Para el investigador, analizar estad\u00edsticamente el clima es de gran ayuda, pero quedarse solo ah\u00ed puede llevar a enga\u00f1o. \u00ab<strong>Debemos prepararnos para eventos que van m\u00e1s all\u00e1 de lo que el an\u00e1lisis estad\u00edstico nos dice que es posible<\/strong>. Debemos seguir trabajando para comprender c\u00f3mo funci\u00f3n los procesos que est\u00e1n detr\u00e1s de estos eventos extremos\u00bb, se\u00f1ala. \u00abHacerlo nos ayudar\u00e1 a comprender para qu\u00e9 tipo de sucesos extremos debemos prepararnos, tanto ahora como en los pr\u00f3ximos a\u00f1os\u00bb.<\/p>\n\n\n\n<h2 class=\"wp-block-heading\">En los m\u00e1rgenes del 1,5 \u00b0C<\/h2>\n\n\n\n<p>En junio de 2003, el cambio clim\u00e1tico parec\u00eda todav\u00eda algo del futuro lejano. El consenso cient\u00edfico alrededor de lo que estaba pasando era ya total, pero el problema todav\u00eda no se hab\u00eda hecho un hueco importante en las conversaciones de la gente, los medios de comunicaci\u00f3n o las decisiones pol\u00edticas. Sin embargo,&nbsp;<strong>el verano que estaba a punto de empezar en Europa<\/strong>&nbsp;estar\u00eda ya lleno de temperatura imposibles. Durante los dos meses siguientes, el continente experiment\u00f3 temperaturas un 30% m\u00e1s altas de lo habitual para la \u00e9poca del a\u00f1o y los term\u00f3metros llegaron a superar los 40 \u00b0C en varios puntos de Francia y Suiza, algo que, seg\u00fan los registros, no hab\u00eda sucedido antes.<\/p>\n\n\n\n<p>Aquella sucesi\u00f3n de olas de calor dej\u00f3 nada menos que&nbsp;<a href=\"https:\/\/www.preventionweb.net\/files\/74124_humancostofdisasters20002019reportu.pdf\" target=\"_blank\" rel=\"noreferrer noopener\">72.210 v\u00edctimas mortales<\/a>&nbsp;y m\u00e1s de 19.000 millones de euros en da\u00f1os (concentrados, sobre todo, en la agricultura). Desde entonces, no ha vuelto a producirse un evento clim\u00e1tico en Europa con un coste de vidas humanas tan alto. Pero las temperaturas de aquellas olas de calor de principios de siglo&nbsp;<strong>s\u00ed se han repetido e, incluso, superado<\/strong>. Para los autores del estudio, esto se debe a que, viendo los efectos de lo que hab\u00eda pasado en 2003, los pa\u00edses implementaron diferentes planes y estrategias para lidiar con las temperaturas extremas en el futuro.<\/p>\n\n\n\n<p>Durante el \u00faltimo a\u00f1o,&nbsp;<strong>la temperatura media de Europa estuvo 2,3 \u00b0C&nbsp;<\/strong>por encima de la media preindustrial (de 1850 a 1900), seg\u00fan&nbsp;<a href=\"https:\/\/public.wmo.int\/en\/media\/press-release\/climate-change-impacts-scar-europe-increase-renewables-signals-hope-future\" target=\"_blank\" rel=\"noreferrer noopener\">el \u00faltimo informe<\/a>&nbsp;publicado por la Organizaci\u00f3n Meteorol\u00f3gica Mundial y Copernicus. El Acuerdo de Par\u00eds marca como objetivo que la subida de la temperatura global no exceda los 1,5 \u00b0C para as\u00ed&nbsp;<strong>lograr esquivar los peores efectos del cambio clim\u00e1tico<\/strong>. Subir los term\u00f3metros&nbsp;<a href=\"https:\/\/www.climatica.lamarea.com\/historia-15-2-acuerdo-de-paris\/\" target=\"_blank\" rel=\"noreferrer noopener\">uno o dos grados<\/a>&nbsp;puede no parecer demasiado peligroso, pero los riesgos no est\u00e1n en las medias, sino en los extremos imposibles.<\/p>\n\n\n\n<p>\u00abEstas m\u00e9tricas a gran escala, como la temperatura media global, son \u00fatiles para entender el cambio clim\u00e1tico porque se ven poco afectadas por el ruido que provocan las variaciones de a\u00f1o a a\u00f1o. Sin embargo, no es en el cambio de la temperatura global donde aparecen los riesgos del cambio clim\u00e1tico\u00bb, explica Nicholas Leach. \u00ab<strong>Los riesgos se deben a cambios en los eventos extremos<\/strong>, en los valores at\u00edpicos de la estad\u00edstica. Los impactos de los fen\u00f3menos meteorol\u00f3gicos extremos no suelen ser lineales, por lo que incluso peque\u00f1as modificaciones pueden tener graves consecuencias socioecon\u00f3micas\u00bb.<\/p>\n\n\n\n<p>\u00abSabemos con un alto grado de confianza que el cambio clim\u00e1tico est\u00e1 aumentando la frecuencia y la intensidad de ciertos tipos de fen\u00f3menos extremos, como las olas de calor\u00bb, concluye el investigador de la Universidad de Oxford. \u00abEstos cambios&nbsp;<strong>hacen que las olas de calor sean m\u00e1s mortales<\/strong>&nbsp;de lo que habr\u00edan sido en un mundo sin cambio clim\u00e1tico\u00bb.<\/p>\n","protected":false},"excerpt":{"rendered":"<p>Juan F. Samaniego Fuente: Rebeli\u00f3n Los eventos extremos, cada vez m\u00e1s marcados, est\u00e1n abandonando toda l\u00f3gica estad\u00edstica y est\u00e1n llevando al l\u00edmite nuestra capacidad de reacci\u00f3n. Alcanzar 38,8 \u00b0C en C\u00f3rdoba no es raro. Al fin y al cabo, la provincia andaluza atesora varios de los r\u00e9cords de temperatura de la pen\u00ednsula Ib\u00e9rica. Pero si [&hellip;]<\/p>\n","protected":false},"author":1,"featured_media":7408,"comment_status":"open","ping_status":"open","sticky":false,"template":"","format":"standard","meta":{"footnotes":""},"categories":[4],"tags":[],"_links":{"self":[{"href":"http:\/\/www.movimientocaamanista.com\/index.php?rest_route=\/wp\/v2\/posts\/8736"}],"collection":[{"href":"http:\/\/www.movimientocaamanista.com\/index.php?rest_route=\/wp\/v2\/posts"}],"about":[{"href":"http:\/\/www.movimientocaamanista.com\/index.php?rest_route=\/wp\/v2\/types\/post"}],"author":[{"embeddable":true,"href":"http:\/\/www.movimientocaamanista.com\/index.php?rest_route=\/wp\/v2\/users\/1"}],"replies":[{"embeddable":true,"href":"http:\/\/www.movimientocaamanista.com\/index.php?rest_route=%2Fwp%2Fv2%2Fcomments&post=8736"}],"version-history":[{"count":1,"href":"http:\/\/www.movimientocaamanista.com\/index.php?rest_route=\/wp\/v2\/posts\/8736\/revisions"}],"predecessor-version":[{"id":8737,"href":"http:\/\/www.movimientocaamanista.com\/index.php?rest_route=\/wp\/v2\/posts\/8736\/revisions\/8737"}],"wp:featuredmedia":[{"embeddable":true,"href":"http:\/\/www.movimientocaamanista.com\/index.php?rest_route=\/wp\/v2\/media\/7408"}],"wp:attachment":[{"href":"http:\/\/www.movimientocaamanista.com\/index.php?rest_route=%2Fwp%2Fv2%2Fmedia&parent=8736"}],"wp:term":[{"taxonomy":"category","embeddable":true,"href":"http:\/\/www.movimientocaamanista.com\/index.php?rest_route=%2Fwp%2Fv2%2Fcategories&post=8736"},{"taxonomy":"post_tag","embeddable":true,"href":"http:\/\/www.movimientocaamanista.com\/index.php?rest_route=%2Fwp%2Fv2%2Ftags&post=8736"}],"curies":[{"name":"wp","href":"https:\/\/api.w.org\/{rel}","templated":true}]}}