{"id":8767,"date":"2023-08-23T10:53:17","date_gmt":"2023-08-23T10:53:17","guid":{"rendered":"http:\/\/www.movimientocaamanista.com\/?p=8767"},"modified":"2023-08-23T10:53:18","modified_gmt":"2023-08-23T10:53:18","slug":"elecciones-en-ecuador-progresistas-o-millonarios","status":"publish","type":"post","link":"http:\/\/www.movimientocaamanista.com\/?p=8767","title":{"rendered":"Elecciones en Ecuador: progresistas o millonarios"},"content":{"rendered":"\n<p>Juan J. Paz-y-Mi\u00f1o Cepeda<\/p>\n\n\n\n<p>Fuente: <a href=\"https:\/\/rebelion.org\/elecciones-progresistas-o-millonarios\/\">Rebeli\u00f3n<\/a><\/p>\n\n\n\n<p>El 10 de agosto de 1979 se inici\u00f3 la \u00e9poca de gobiernos constitucionales m\u00e1s larga en la historia del Ecuador y, al mismo tiempo, con varios ciclos presidenciales. Entre 1979-1996 se sucedieron: Jaime Rold\u00f3s (1979-1981), Osvaldo Hurtado (1981-1984), Le\u00f3n Febres Cordero (1984-1988), Rodrigo Borja (1988-1992) y Sixto Dur\u00e1n Ball\u00e9n (1992-1996). Exceptuando Hurtado (quien ocup\u00f3 la presidencia por la muerte de Rold\u00f3s), todos surgieron de elecciones. Fue un ciclo de estabilidad gubernamental que contrast\u00f3 con el que sigui\u00f3 entre 1996-2006, cuando se sucedieron las presidencias de Abdal\u00e1 Bucaram (1996-1997), Fabi\u00e1n Alarc\u00f3n (1996-1998), Jamil Mahuad (1998-2000), Gustavo Noboa (2000-2003), Lucio Guti\u00e9rrez (2003-2005) y Alfredo Palacio (2005-2007). Rosal\u00eda Arteaga no fue presidenta, sino Vicepresidenta encargada de la presidencia durante un fin de semana conflictivo por la salida de Bucaram. Lo parad\u00f3jico es que los tres \u00fanicos mandatarios electos (Bucaram, Mahuad y Guti\u00e9rrez) fueron derrocados por \u201cgolpes parlamentarios\u201d, resueltos ante las imparables movilizaciones sociales en su contra. Incluso al caer Mahuad, se constituy\u00f3 una ef\u00edmera dictadura nocturna (21 de enero de 2000), con participaci\u00f3n militar.<br><br>En perspectiva hist\u00f3rica, del reformismo popular con enfoque desarrollista que caracteriz\u00f3 al gobierno de Rold\u00f3s y relativamente al de Hurtado, a partir de Febres Cordero (presidente empresario\/millonario), despeg\u00f3 en el pa\u00eds un nuevo modelo de econom\u00eda, inspirado en la ideolog\u00eda neoliberal que se extend\u00eda por Am\u00e9rica Latina a consecuencia de los condicionamientos sobre las deudas externas forzados por el FMI. El socialdem\u00f3crata Borja interrumpi\u00f3 ese proceso, que, recobrado por Dur\u00e1n Ball\u00e9n, se consolid\u00f3 en la d\u00e9cada de los noventa. El&nbsp;<em>modelo empresarial-neoliberal<\/em>&nbsp;tuvo como soporte a las poderosas elites econ\u00f3micas del pa\u00eds. Favoreci\u00f3 un acelerado crecimiento capitalista, con privilegio a esas elites, ascenso de sectores de clases medias, profunda concentraci\u00f3n de la riqueza y mantenimiento de las deterioradas condiciones de vida y de trabajo para la mayor\u00eda de la poblaci\u00f3n nacional. Desde el a\u00f1o 2000 incluso se dispar\u00f3 la in\u00e9dita emigraci\u00f3n de ecuatorianos, cuyas remesas pasaron a ocupar el segundo lugar en ingresos, despu\u00e9s de las exportaciones de petr\u00f3leo. Al rumbo econ\u00f3mico acompa\u00f1\u00f3 el debilitamiento del Estado y el deterioro de los servicios p\u00fablicos, la imparable corrupci\u00f3n p\u00fablica y tambi\u00e9n privada, as\u00ed como la afectaci\u00f3n a la vida de paz y democracia, ilusionada por los ecuatorianos.<br><br>En contraste con las d\u00e9cadas y ciclos anteriores, entre 2007-2017 gobern\u00f3 Rafael Correa, electo en tres oportunidades. Se inici\u00f3 un nuevo ciclo porque fue desechado el modelo empresarial-neoliberal, para establecer una&nbsp;<em>econom\u00eda social<\/em>, que permiti\u00f3 recuperar capacidades estatales, as\u00ed como inversiones y servicios p\u00fablicos, afirmando una nueva institucionalidad, de acuerdo con la Constituci\u00f3n de 2008. Los avances sociales de una d\u00e9cada, con redistribuci\u00f3n de la riqueza, reducci\u00f3n de la pobreza y mejoramiento de las condiciones de vida y trabajo generales, fueron destacados especialmente por informes de organismos internacionales, adem\u00e1s de estudios e informes nacionales. Tambi\u00e9n creci\u00f3 la econom\u00eda, beneficiada por altos precios del petr\u00f3leo, as\u00ed como la rentabilidad de distintos sectores empresariales. El pa\u00eds pas\u00f3 a ser un referente latinoamericano, en el contexto de lo que en la regi\u00f3n se identific\u00f3 como&nbsp;<em>primer ciclo progresista<\/em>. Sin embargo, al sobrevenir la recesi\u00f3n econ\u00f3mica (2014\/15), se afloj\u00f3 la v\u00eda de las reformas. En el camino, la polarizaci\u00f3n pol\u00edtica entre partidarios y opositores al gobierno se profundiz\u00f3 y perdura hasta el presente. Es un s\u00edntoma de los distintos intereses de clase que se ubican en la sociedad, seg\u00fan la balanza se incline por el \u201ccorre\u00edsmo\u201d o por el \u201canticorre\u00edsmo\u201d.<br><br>A pesar de que Len\u00edn Moreno fue auspiciado por la Revoluci\u00f3n Ciudadana, su gobierno (2017-2021) marc\u00f3 otro ciclo, pues restaur\u00f3 el modelo empresarial-neoliberal y persigui\u00f3 al \u201ccorre\u00edsmo\u201d, cuyos l\u00edderes m\u00e1s visibles (incluido Rafael Correa) fueron encausados por \u201ccorrupci\u00f3n\u201d, \u201casociaci\u00f3n criminal\u201d o cualquier otra acusaci\u00f3n que alimentara el imparable&nbsp;<em>lawfare<\/em>, con el que se presumi\u00f3 la culpabilidad de cualquier \u201ccorre\u00edsta\u201d. Bajo esas nuevas condiciones, se afirm\u00f3 un&nbsp;<em>bloque de poder dominante<\/em>&nbsp;expresado en las derechas econ\u00f3micas, medi\u00e1ticas y pol\u00edticas. Las consecuencias de semejante giro hist\u00f3rico se advirtieron en la desestabilizaci\u00f3n institucional, la p\u00e9rdida de capacidades estatales, la debacle de los servicios p\u00fablicos, el renacimiento de los intereses de las elites econ\u00f3micas y sectores de clases medias identificados con ellos y la represi\u00f3n a los movimientos sociales. Retorn\u00f3 el derrumbe de las condiciones de vida y trabajo, con creciente pobreza, desempleo y subempleo, agravados en 2020 con la llegada de la pandemia mundial del Coronavirus, desatendida por el gobierno.<br><br>El sucesor Guillermo Lasso (2021-hoy), otro presidente empresario\/millonario (banquero), pudo consolidar al bloque de poder que utiliz\u00f3 a Moreno para lograr la restauraci\u00f3n de sus intereses. Esta vez, el modelo empresarial-neoliberal adquiri\u00f3 caracter\u00edsticas olig\u00e1rquicas, comparables con las que Ecuador vivi\u00f3 durante la primera \u201c\u00e9poca plutocr\u00e1tica\u201d, entre 1912-1925, basada en la dominaci\u00f3n desp\u00f3tica privada. As\u00ed se explica no solo la continuidad de las pol\u00edticas de Moreno, sino su ampliaci\u00f3n, que han ocasionado el \u201cachicamiento\u201d del Estado, afectando sus capacidades y la institucionalidad nacional. Esta vez, el camino neoliberal ha sido el m\u00e1s profundo en cuatro d\u00e9cadas. En consecuencia, cayeron las pol\u00edticas sociales y se sum\u00f3 el imbatible despegue de la inseguridad ciudadana, por la explosi\u00f3n de la delincuencia y el crimen organizado, ante las incapacidades estatales para enfrentarla.<br><br>Frente a estas complejas situaciones hist\u00f3ricas y la p\u00e9rdida de legitimidad social del gobierno, en la Asamblea Nacional se propuso el juicio pol\u00edtico al presidente Lasso, quien se adelant\u00f3 al proceso aplicando la \u201cmuerte cruzada\u201d (mayo 2023), un mecanismo constitucional que implica elecciones anticipadas tanto para el Ejecutivo como para el Legislativo. En los hechos, Lasso no pudo completar su per\u00edodo presidencial y se suma a los tres mandatarios derrocados del pasado inmediato, que tampoco concluyeron su ciclo de gobierno.<br><br>En esas circunstancias, los resultados de las elecciones del domingo 20 de agosto (2023) reflejan una realidad hist\u00f3rica: en la segunda vuelta (octubre 12) estar\u00e1n Luisa Gonz\u00e1lez y el millonario empresario Daniel Noboa. Luisa Gonz\u00e1lez representa la posibilidad de avanzar en una econom\u00eda social, cuyas bases, como ella ha destacado, las puso el gobierno de Rafael Correa. En cambio, Daniel Noboa, a pesar de la imagen de renovaci\u00f3n pol\u00edtica y juventud que ha proyectado (y que le ha dado sorpresiva victoria), tanto por su programa de gobierno, como por sus declaraciones y por el c\u00edrculo empresarial y social al que est\u00e1 vinculado, representa la continuidad del modelo de econom\u00eda empresarial-neoliberal y olig\u00e1rquico. Como ya ocurri\u00f3 en el pasado, la consigna ser\u00e1 \u201ctodos contra el corre\u00edsmo\u201d. Una polarizaci\u00f3n que inquieta en Am\u00e9rica Latina, por los riesgos que tiene el proyecto progresista en Ecuador. Y que, sin duda, tambi\u00e9n estar\u00e1 en la mira de los Estados Unidos, en una coyuntura internacional en la cual toda inclinaci\u00f3n de un pa\u00eds a la izquierda perjudica al americanismo-monro\u00edsta.<\/p>\n\n\n\n<p><strong><em>Historia y Presente \u2013 blog<\/em><\/strong><br><a rel=\"noreferrer noopener\" href=\"https:\/\/pazymino.us7.list-manage.com\/track\/click?u=c3e3bed0077c1d7adb5463ee7&amp;id=8796c59aca&amp;e=5b2f0ae407\" target=\"_blank\">www.historiaypresente.com<\/a>&nbsp;&nbsp;&nbsp;<\/p>\n","protected":false},"excerpt":{"rendered":"<p>Juan J. Paz-y-Mi\u00f1o Cepeda Fuente: Rebeli\u00f3n El 10 de agosto de 1979 se inici\u00f3 la \u00e9poca de gobiernos constitucionales m\u00e1s larga en la historia del Ecuador y, al mismo tiempo, con varios ciclos presidenciales. Entre 1979-1996 se sucedieron: Jaime Rold\u00f3s (1979-1981), Osvaldo Hurtado (1981-1984), Le\u00f3n Febres Cordero (1984-1988), Rodrigo Borja (1988-1992) y Sixto Dur\u00e1n Ball\u00e9n [&hellip;]<\/p>\n","protected":false},"author":1,"featured_media":8768,"comment_status":"open","ping_status":"open","sticky":false,"template":"","format":"standard","meta":{"footnotes":""},"categories":[5,3],"tags":[],"_links":{"self":[{"href":"http:\/\/www.movimientocaamanista.com\/index.php?rest_route=\/wp\/v2\/posts\/8767"}],"collection":[{"href":"http:\/\/www.movimientocaamanista.com\/index.php?rest_route=\/wp\/v2\/posts"}],"about":[{"href":"http:\/\/www.movimientocaamanista.com\/index.php?rest_route=\/wp\/v2\/types\/post"}],"author":[{"embeddable":true,"href":"http:\/\/www.movimientocaamanista.com\/index.php?rest_route=\/wp\/v2\/users\/1"}],"replies":[{"embeddable":true,"href":"http:\/\/www.movimientocaamanista.com\/index.php?rest_route=%2Fwp%2Fv2%2Fcomments&post=8767"}],"version-history":[{"count":1,"href":"http:\/\/www.movimientocaamanista.com\/index.php?rest_route=\/wp\/v2\/posts\/8767\/revisions"}],"predecessor-version":[{"id":8769,"href":"http:\/\/www.movimientocaamanista.com\/index.php?rest_route=\/wp\/v2\/posts\/8767\/revisions\/8769"}],"wp:featuredmedia":[{"embeddable":true,"href":"http:\/\/www.movimientocaamanista.com\/index.php?rest_route=\/wp\/v2\/media\/8768"}],"wp:attachment":[{"href":"http:\/\/www.movimientocaamanista.com\/index.php?rest_route=%2Fwp%2Fv2%2Fmedia&parent=8767"}],"wp:term":[{"taxonomy":"category","embeddable":true,"href":"http:\/\/www.movimientocaamanista.com\/index.php?rest_route=%2Fwp%2Fv2%2Fcategories&post=8767"},{"taxonomy":"post_tag","embeddable":true,"href":"http:\/\/www.movimientocaamanista.com\/index.php?rest_route=%2Fwp%2Fv2%2Ftags&post=8767"}],"curies":[{"name":"wp","href":"https:\/\/api.w.org\/{rel}","templated":true}]}}