{"id":8780,"date":"2023-08-25T10:54:00","date_gmt":"2023-08-25T10:54:00","guid":{"rendered":"http:\/\/www.movimientocaamanista.com\/?p=8780"},"modified":"2023-08-25T10:54:02","modified_gmt":"2023-08-25T10:54:02","slug":"el-futuro-colapso-ecologico-ya-llego","status":"publish","type":"post","link":"http:\/\/www.movimientocaamanista.com\/?p=8780","title":{"rendered":"El futuro (colapso ecol\u00f3gico) ya lleg\u00f3"},"content":{"rendered":"\n<p>Jos\u00e9 Seoane<\/p>\n\n\n\n<p>Fuente: <a href=\"https:\/\/rebelion.org\/el-futuro-colapso-ecologico-ya-llego\/\">Rebeli\u00f3n<\/a><\/p>\n\n\n\n<p>En los \u00faltimos meses se han registrado diferentes anomal\u00edas clim\u00e1ticas que marcan nuevos r\u00e9cords hist\u00f3ricos en la tr\u00e1gica progresi\u00f3n del cambio del clima global.<\/p>\n\n\n\n<p>As\u00ed, en junio, la temperatura de superficie en el Atl\u00e1ntico Norte alcanz\u00f3 el incremento m\u00e1ximo de 1,3 \u00b0C respecto de los valores preindustriales y en similar direcci\u00f3n \u2013aunque en valores menores- aument\u00f3 la temperatura promedio de los mares a nivel global. Por otra parte, la retracci\u00f3n del hielo ant\u00e1rtico alcanz\u00f3 un nuevo l\u00edmite, alcanzando la disminuci\u00f3n hist\u00f3rica del 2016, pero varios meses antes en plena temporada fr\u00eda. La combinaci\u00f3n de estos registros ha motivado que los cient\u00edficos que siguen estos procesos alertaran ante el peligro de estar frente a un cambio profundo de las corrientes que regulan la temperatura y la vida en los oc\u00e9anos y a nivel global.&nbsp;&nbsp;Las olas de calor registradas en las \u00faltimas semanas en las costas de buena parte del mundo (Irlanda, M\u00e9xico, Ecuador, Jap\u00f3n, Mauritania, Islandia, etc.) pueden a su vez ser muestra de ello.<\/p>\n\n\n\n<p>Estos fen\u00f3menos, claro est\u00e1, no se limitan a los mares. El 4 de julio la temperatura mundial del aire&nbsp;&nbsp;alcanz\u00f3 (Global 2m temperatura, medida a 2 metros del suelo) por primera vez en la historia de los \u00faltimos siglos los 17,18 \u00b0C. Mientras tanto, la temperatura en los continentes, particularmente en el Norte, bati\u00f3 tambi\u00e9n r\u00e9cords. 40 \u00baC en Siberia, 50 \u00baC en M\u00e9xico, el junio m\u00e1s caluroso en Inglaterra en la serie hist\u00f3rica iniciada en 1884. Y su contracara, las sequ\u00edas, como la que azota a Uruguay donde la escasez de agua dulce desde mayo oblig\u00f3 a utilizar de manera creciente fuentes salobres volviendo imbebible el agua de grifo para los habitantes del \u00e1rea metropolitana de Montevideo donde se concentra el 60% de la poblaci\u00f3n del pa\u00eds. Una sequ\u00eda que de continuar podr\u00eda dejar directamente sin agua potable a esa regi\u00f3n del pa\u00eds, convirti\u00e9ndola en la primera ciudad del mundo en sufrir esa cat\u00e1strofe. Pero el calor sofocante y las sequ\u00edas traen aparejados tambi\u00e9n incendios voraces como el del bosque boreal que recorre desde hace semanas Canad\u00e1 con m\u00e1s de 500 focos dispersos por diferentes regiones del pa\u00eds muchos de ellos incontrolables, y las difundidas im\u00e1genes de una apocal\u00edptica Nueva York oscurecida y te\u00f1ida de rojo bajo un manto de cenizas.<\/p>\n\n\n\n<p>Este c\u00famulo de evidencias tr\u00e1gicas, contra todas las narrativas negacionistas, vuelve innegable que la crisis clim\u00e1tica ya est\u00e1 aqu\u00ed, entre nosotros.&nbsp;&nbsp;Asimismo, indica el fracaso absoluto de las pol\u00edticas e iniciativas adoptadas para reducir la emisi\u00f3n o presencia de los gases de efecto invernadero en la atm\u00f3sfera. En esta direcci\u00f3n, en mayo de este a\u00f1o&nbsp;&nbsp;los&nbsp;<strong>niveles de di\u00f3xido de carbono (CO2)&nbsp;<\/strong>medidos en el observatorio de referencia global de la&nbsp;<em>NOAA<\/em>&nbsp;en<strong>&nbsp;Hawai&nbsp;<\/strong>alcanzaron un m\u00e1ximo hist\u00f3rico de 424 partes por mill\u00f3n (ppm)llegando a ser&nbsp;m\u00e1s de un 50% m\u00e1s alta que antes del inicio de la era industrial&nbsp;y, las del periodo enero \u2013 mayo de 2023, un 0,3% mayores que las de igual periodo del 2022 y 1,6% respecto del de 2019 (Carbon monitor, 2023). Seg\u00fan el \u00faltimo informe del 2023 del Grupo Intergubernamental de Expertos sobre Cambio Clim\u00e1tico de Naciones Unidas&nbsp;(IPCC, por su nombre en ingl\u00e9s) la temperatura de la superficie global ha aumentado m\u00e1s r\u00e1pido desde 1970 que en cualquier otro per\u00edodo de 50 a\u00f1os durante al menos los \u00faltimos 2000 a\u00f1os, el mismo periodo en el que se desplegaron los acuerdos internacionales y las iniciativas locales para combatir las causas del cambio clim\u00e1tico (IPCC, 2023). El fracaso de estas pol\u00edticas aparece tambi\u00e9n reflejado, en nuestro presente, en la persistencia y fuerza de un capitalismo f\u00f3sil y de su saqueo y destrucci\u00f3n socioambiental; signado por una guerra regional global y los avances de un extractivismo extremo, principales dimensiones de la crisis civilizatoria del capital que amenaza hoy a la vida en el planeta con su Sexta Extinci\u00f3n (Seoane, 2023).<\/p>\n\n\n\n<p>No solo han fracasado estas pol\u00edticas llamadas de mitigaci\u00f3n sino tambi\u00e9n resultan d\u00e9biles o directamente ausentes las bautizadas como de adaptaci\u00f3n que&nbsp;tienen por objetivo minimizar los impactos previsibles del cambio clim\u00e1tico. Sus consecuencias descargadas principalmente sobre los sectores populares plantean no s\u00f3lo la urgencia de una transici\u00f3n socio-ecol\u00f3gica sino tambi\u00e9n de elaborar, desde estos sectores, planes de adaptaci\u00f3n social propios.&nbsp;&nbsp;<\/p>\n\n\n\n<p>En esta misma direcci\u00f3n, el informe anual de la Organizaci\u00f3n Meteorol\u00f3gica Mundial (OMM,&nbsp;<em>Global Annual to Decadal Climate Update<\/em>) difundido en mayo de 2023 ha alertado de que muy probablemente (66% de probabilidades) la temperatura media mundial anual supere los 1,5 \u00b0C al menos en un a\u00f1o de los pr\u00f3ximos cinco (2023-2027), es posible (32% de probabilidades) de que la temperatura media de los pr\u00f3ximos cinco a\u00f1os supere los 1,5 \u00b0C y es casi seguro (98% de probabilidades) de que al menos uno de los pr\u00f3ximos cinco&nbsp;a\u00f1os, as\u00ed como el lustro en su conjunto, sean los m\u00e1s c\u00e1lidos jam\u00e1s registrados (OMM, 2023); siendo que el IPCC ha estimado graves consecuencias de superar esa temperatura de modo permanente.<\/p>\n\n\n\n<p>Esta serie de evidencias de la actualidad y gravedad de la crisis clim\u00e1tica que se\u00f1alamos tambi\u00e9n alertan sobre la proximidad en la que nos encontramos de superar un punto de inflexi\u00f3n a partir del cual estos procesos se retroalimenten y escapen fuera de todo control o morigeraci\u00f3n.<\/p>\n\n\n\n<p>\u00bfCu\u00e1n cerca de este punto nos situar\u00e1 la llegada del fen\u00f3meno de El Ni\u00f1o este a\u00f1o y posiblemente en los pr\u00f3ximos?&nbsp;El Ni\u00f1o&nbsp;es un evento de origen clim\u00e1tico que se expresa en el calentamiento del&nbsp;<a href=\"https:\/\/es.wikipedia.org\/wiki\/Oc%C3%A9ano_Pac%C3%ADfico\" target=\"_blank\" rel=\"noreferrer noopener\">oc\u00e9ano Pac\u00edfico<\/a>&nbsp;oriental ecuatorial y se manifiesta en ciclos de entre tres y ocho a\u00f1os. Con antecedentes en el siglo XIX, en 1924 el climat\u00f3logo&nbsp;<a href=\"https:\/\/es.wikipedia.org\/wiki\/Gilbert_Walker\" target=\"_blank\" rel=\"noreferrer noopener\">Gilbert Walker<\/a>&nbsp;acu\u00f1\u00f3 el t\u00e9rmino \u00abOscilaci\u00f3n Sur\u00bb para identificarlo y en 1969 el meteor\u00f3logo Jacob Bjerknes sugiri\u00f3 que este calentamiento inusual en el Pac\u00edfico oriental pod\u00eda desequilibrar los&nbsp;<a href=\"https:\/\/es.wikipedia.org\/wiki\/Vientos_alisios\" target=\"_blank\" rel=\"noreferrer noopener\">vientos alisios<\/a>&nbsp;e incrementar las aguas c\u00e1lidas hacia el este, es decir, hacia las costas intertropicales de Am\u00e9rica del Sur.<\/p>\n\n\n\n<p>Pero no se trata simplemente de un fen\u00f3meno meteorol\u00f3gico tradicional que se reitera en periodos anuales irregulares. No se trata de un fen\u00f3meno natural; por m\u00e1s que se intente, una y otra vez, invisibilizar o negar sus causas sociales. Por el contrario, en las \u00faltimas d\u00e9cadas, la din\u00e1mica de la crisis clim\u00e1tica ha incrementado tanto su frecuencia como su intensidad. Ya a principios de 2023 concluy\u00f3 el tercer episodio continuado de La Ni\u00f1a, la tercera vez desde 1950 que se extiende por tres a\u00f1os y cada vez con mayor intensidad. As\u00ed tambi\u00e9n, en 2016, El Ni\u00f1o&nbsp;&nbsp;desemboc\u00f3 en el r\u00e9cord de temperatura promedio que alcanz\u00f3 el planeta. Y diferentes cient\u00edficos estiman hoy que ese super-Ni\u00f1o puede reiterarse con consecuencias desconocidas ante los niveles de gases de efecto invernadero y la din\u00e1mica de la crisis clim\u00e1tica actual.<\/p>\n\n\n\n<p>Las banderas de un cambio inspirado en la justicia social y clim\u00e1tica y los caminos efectivos de esta transici\u00f3n socioecol\u00f3gica planteados por los movimientos populares se tornan hoy m\u00e1s imperiosos y apremiantes. Es posible plantear un plan de mitigaci\u00f3n y adaptaci\u00f3n popular de emergencia. Pero para hacer socialmente audibles estas alternativas, para romper con la ceguera ecol\u00f3gica que quiere imponerse, es necesario primero quebrar la construcci\u00f3n epistemol\u00f3gica que quiere inscribir estas cat\u00e1strofes, de modo repetitivo y persistente, en un mundo de pretendida pura naturaleza, en un campo presuntamente externo, ajeno y fuera del control social humano. Se trata de una matriz de naturalizaci\u00f3n que al tiempo que excluye a los grupos sociales y al modo de organizaci\u00f3n socio-econ\u00f3mica de toda responsabilidad en las crisis actuales; quiere convertir a \u00e9stas en sucesos imprevisibles e incognoscibles que solo dejan opci\u00f3n a la resignaci\u00f3n, la alienaci\u00f3n religiosa o la resiliencia individual.&nbsp;Los cuestionamientos a estas miradas se inscriben no solo en los discursos sino tambi\u00e9n en las pr\u00e1cticas y las emociones, en responder a la cat\u00e1strofe con la (re) construcci\u00f3n de lazos solidarios, colectivos, comunitarios, sociales sustentos indispensables del cambio emancipatorio.&nbsp;&nbsp;<\/p>\n\n\n\n<p><strong>Bibliograf\u00eda<\/strong><\/p>\n\n\n\n<p>\u2013 Carbon monitor 2023 \u201cTotal CO2 Emissions Per Year\u201d.&nbsp;Disponible en&nbsp;<a href=\"https:\/\/carbonmonitor.org\/\" target=\"_blank\" rel=\"noreferrer noopener\">https:\/\/carbonmonitor.org\/<\/a><\/p>\n\n\n\n<p>\u2013 IPCC 2023&nbsp;<em>Synthesis report of the IPCC sixth assessment report (AR6)<\/em>&nbsp;(Nueva York: Naciones Unidas).<\/p>\n\n\n\n<p>\u2013 OMM (Organizaci\u00f3n Meteorol\u00f3gica Mundial) 2023&nbsp;<em>Global Annual To Decadal Climate Update<\/em>&nbsp;(Londres: WMO).<\/p>\n\n\n\n<p>\u2013 Seoane, Jos\u00e9 2023 \u201c\u00bfUn mundo en crisis o la crisis de este mundo? Debates y significaciones sobre la crisis en el capitalismo neoliberal\u201d en Seoane, J. (comp.) Neoliberalismo catastr\u00f3fico (Buenos Aires: Ed. Luxemburg)<\/p>\n\n\n\n<p><em>Dr. Jos\u00e9 Seoane. Profesor e investigador de la Facultad de Ciencias Sociales \u2013 UBA. Grupo de Estudios sobre Am\u00e9rica Latina y el Caribe (GEAL). Instituto de Estudios de Am\u00e9rica Latina y el Caribe (IEALC), FCSoc, UBA.&nbsp;<a rel=\"noreferrer noopener\" href=\"mailto:seoane.jo@gmail.com\" target=\"_blank\">seoane.jo@gmail.com<\/a><\/em><\/p>\n","protected":false},"excerpt":{"rendered":"<p>Jos\u00e9 Seoane Fuente: Rebeli\u00f3n En los \u00faltimos meses se han registrado diferentes anomal\u00edas clim\u00e1ticas que marcan nuevos r\u00e9cords hist\u00f3ricos en la tr\u00e1gica progresi\u00f3n del cambio del clima global. As\u00ed, en junio, la temperatura de superficie en el Atl\u00e1ntico Norte alcanz\u00f3 el incremento m\u00e1ximo de 1,3 \u00b0C respecto de los valores preindustriales y en similar direcci\u00f3n [&hellip;]<\/p>\n","protected":false},"author":1,"featured_media":7102,"comment_status":"open","ping_status":"open","sticky":false,"template":"","format":"standard","meta":{"footnotes":""},"categories":[4],"tags":[],"_links":{"self":[{"href":"http:\/\/www.movimientocaamanista.com\/index.php?rest_route=\/wp\/v2\/posts\/8780"}],"collection":[{"href":"http:\/\/www.movimientocaamanista.com\/index.php?rest_route=\/wp\/v2\/posts"}],"about":[{"href":"http:\/\/www.movimientocaamanista.com\/index.php?rest_route=\/wp\/v2\/types\/post"}],"author":[{"embeddable":true,"href":"http:\/\/www.movimientocaamanista.com\/index.php?rest_route=\/wp\/v2\/users\/1"}],"replies":[{"embeddable":true,"href":"http:\/\/www.movimientocaamanista.com\/index.php?rest_route=%2Fwp%2Fv2%2Fcomments&post=8780"}],"version-history":[{"count":1,"href":"http:\/\/www.movimientocaamanista.com\/index.php?rest_route=\/wp\/v2\/posts\/8780\/revisions"}],"predecessor-version":[{"id":8781,"href":"http:\/\/www.movimientocaamanista.com\/index.php?rest_route=\/wp\/v2\/posts\/8780\/revisions\/8781"}],"wp:featuredmedia":[{"embeddable":true,"href":"http:\/\/www.movimientocaamanista.com\/index.php?rest_route=\/wp\/v2\/media\/7102"}],"wp:attachment":[{"href":"http:\/\/www.movimientocaamanista.com\/index.php?rest_route=%2Fwp%2Fv2%2Fmedia&parent=8780"}],"wp:term":[{"taxonomy":"category","embeddable":true,"href":"http:\/\/www.movimientocaamanista.com\/index.php?rest_route=%2Fwp%2Fv2%2Fcategories&post=8780"},{"taxonomy":"post_tag","embeddable":true,"href":"http:\/\/www.movimientocaamanista.com\/index.php?rest_route=%2Fwp%2Fv2%2Ftags&post=8780"}],"curies":[{"name":"wp","href":"https:\/\/api.w.org\/{rel}","templated":true}]}}