{"id":8793,"date":"2023-09-11T11:12:04","date_gmt":"2023-09-11T11:12:04","guid":{"rendered":"http:\/\/www.movimientocaamanista.com\/?p=8793"},"modified":"2023-09-15T11:08:16","modified_gmt":"2023-09-15T11:08:16","slug":"capitalismo-contemporaneo-claudio-katz","status":"publish","type":"post","link":"http:\/\/www.movimientocaamanista.com\/?p=8793","title":{"rendered":"Capitalismo Contempor\u00e1neo &#8211; Claudio Katz"},"content":{"rendered":"\n<figure class=\"wp-block-embed-youtube wp-block-embed is-type-video is-provider-youtube wp-embed-aspect-16-9 wp-has-aspect-ratio\"><div class=\"wp-block-embed__wrapper\">\n<iframe loading=\"lazy\" title=\"Neoliberalismo y Globalizaci\u00f3n Claudio Katz, Capitalismo Contempor\u00e1neo. Clase 1\" width=\"640\" height=\"360\" src=\"https:\/\/www.youtube.com\/embed\/TD9lqoCKZ74?list=PLWfnIgB-PMjuPh0oyntPlEdKiyIRfaKWq\" frameborder=\"0\" allow=\"accelerometer; autoplay; clipboard-write; encrypted-media; gyroscope; picture-in-picture; web-share\" allowfullscreen><\/iframe>\n<\/div><figcaption>Neoliberalismo y Globalizaci\u00f3n &#8211; Clase 1<\/figcaption><\/figure>\n\n\n\n<figure class=\"wp-block-embed-youtube wp-block-embed is-type-video is-provider-youtube wp-embed-aspect-16-9 wp-has-aspect-ratio\"><div class=\"wp-block-embed__wrapper\">\n<iframe loading=\"lazy\" title=\"Revoluci\u00f3n Tecnol\u00f3gica. Claudio Katz. Capitalismo Contempor\u00e1neo, Clase 2\" width=\"640\" height=\"360\" src=\"https:\/\/www.youtube.com\/embed\/GgNsJwF19JY?list=PLWfnIgB-PMjuPh0oyntPlEdKiyIRfaKWq\" frameborder=\"0\" allow=\"accelerometer; autoplay; clipboard-write; encrypted-media; gyroscope; picture-in-picture; web-share\" allowfullscreen><\/iframe>\n<\/div><figcaption>Revoluci\u00f3n Tecnol\u00f3gica &#8211; Clase 2<\/figcaption><\/figure>\n\n\n\n<figure class=\"wp-block-embed-youtube wp-block-embed is-type-video is-provider-youtube wp-embed-aspect-16-9 wp-has-aspect-ratio\"><div class=\"wp-block-embed__wrapper\">\n<iframe loading=\"lazy\" title=\"Reestructuraci\u00f3n del Trabajo.Claudio Katz. Capitalismo Contempor\u00e1neo, Clase 3\" width=\"640\" height=\"360\" src=\"https:\/\/www.youtube.com\/embed\/gfJQ9kOjmfA?list=PLWfnIgB-PMjuPh0oyntPlEdKiyIRfaKWq\" frameborder=\"0\" allow=\"accelerometer; autoplay; clipboard-write; encrypted-media; gyroscope; picture-in-picture; web-share\" allowfullscreen><\/iframe>\n<\/div><figcaption>Reestructuraci\u00f3n del Trabajo &#8211; Clase 3<\/figcaption><\/figure>\n\n\n\n<figure class=\"wp-block-embed-youtube wp-block-embed is-type-video is-provider-youtube wp-embed-aspect-16-9 wp-has-aspect-ratio\"><div class=\"wp-block-embed__wrapper\">\n<iframe loading=\"lazy\" title=\"Financiarizaci\u00f3n. Claudio Katz. Capitalismo Contempor\u00e1neo, Clase 4\" width=\"640\" height=\"360\" src=\"https:\/\/www.youtube.com\/embed\/m8B2NeBVqQg?list=PLWfnIgB-PMjuPh0oyntPlEdKiyIRfaKWq\" frameborder=\"0\" allow=\"accelerometer; autoplay; clipboard-write; encrypted-media; gyroscope; picture-in-picture; web-share\" allowfullscreen><\/iframe>\n<\/div><figcaption>Financiarizaci\u00f3n &#8211; Clase 4<\/figcaption><\/figure>\n\n\n\n<figure class=\"wp-block-embed-youtube wp-block-embed is-type-video is-provider-youtube wp-embed-aspect-16-9 wp-has-aspect-ratio\"><div class=\"wp-block-embed__wrapper\">\n<iframe loading=\"lazy\" title=\"Etapa, Onda Larga. Claudio Katz. Capitalismo Contempor\u00e1neo, Clase 5\" width=\"640\" height=\"360\" src=\"https:\/\/www.youtube.com\/embed\/npgdCFHikQw?list=PLWfnIgB-PMjuPh0oyntPlEdKiyIRfaKWq\" frameborder=\"0\" allow=\"accelerometer; autoplay; clipboard-write; encrypted-media; gyroscope; picture-in-picture; web-share\" allowfullscreen><\/iframe>\n<\/div><figcaption>Etapa, Onda Larga &#8211; Clase 5<\/figcaption><\/figure>\n\n\n\n<figure class=\"wp-block-embed-youtube wp-block-embed is-type-video is-provider-youtube wp-embed-aspect-16-9 wp-has-aspect-ratio\"><div class=\"wp-block-embed__wrapper\">\n<iframe loading=\"lazy\" title=\"Crisis Neoliberales Sobreproducci\u00f3n Global Itinerante Claudio Katz Capitalismo Contempor\u00e1neo Clase 6\" width=\"640\" height=\"360\" src=\"https:\/\/www.youtube.com\/embed\/-1LC_vLk38U?list=PLWfnIgB-PMjuPh0oyntPlEdKiyIRfaKWq\" frameborder=\"0\" allow=\"accelerometer; autoplay; clipboard-write; encrypted-media; gyroscope; picture-in-picture; web-share\" allowfullscreen><\/iframe>\n<\/div><figcaption>Crisis Neoliberales Sobreproducci\u00f3n Global Itinerante &#8211; Clase 6<\/figcaption><\/figure>\n\n\n\n<figure class=\"wp-block-embed-youtube wp-block-embed is-type-video is-provider-youtube wp-embed-aspect-16-9 wp-has-aspect-ratio\"><div class=\"wp-block-embed__wrapper\">\n<iframe loading=\"lazy\" title=\"Subconsumo y Tasa Decreciente de la tasa de ganancia Claudio Katz Capitalismo Contempor\u00e1neo Clase 7\" width=\"640\" height=\"360\" src=\"https:\/\/www.youtube.com\/embed\/0qnAVk0dQTQ?list=PLWfnIgB-PMjuPh0oyntPlEdKiyIRfaKWq\" frameborder=\"0\" allow=\"accelerometer; autoplay; clipboard-write; encrypted-media; gyroscope; picture-in-picture; web-share\" allowfullscreen><\/iframe>\n<\/div><figcaption>Subconsumo y Tasa Decreciente de la tasa de ganancia &#8211; Clase 7<\/figcaption><\/figure>\n\n\n\n<figure class=\"wp-block-embed-youtube wp-block-embed is-type-video is-provider-youtube wp-embed-aspect-16-9 wp-has-aspect-ratio\"><div class=\"wp-block-embed__wrapper\">\n<iframe loading=\"lazy\" title=\"Multicausalidad, Teor\u00eda del Valor, Senilidad Claudio Katz. Capitalismo Contempor\u00e1neo. Clase 8\" width=\"640\" height=\"360\" src=\"https:\/\/www.youtube.com\/embed\/ns-wmEhwhJU?list=PLWfnIgB-PMjuPh0oyntPlEdKiyIRfaKWq\" frameborder=\"0\" allow=\"accelerometer; autoplay; clipboard-write; encrypted-media; gyroscope; picture-in-picture; web-share\" allowfullscreen><\/iframe>\n<\/div><figcaption>Multicausalidad, Teor\u00eda del Valor, Senilidad &#8211; Clase 8<\/figcaption><\/figure>\n\n\n\n<figure class=\"wp-block-embed-youtube wp-block-embed is-type-video is-provider-youtube wp-embed-aspect-16-9 wp-has-aspect-ratio\"><div class=\"wp-block-embed__wrapper\">\n<iframe loading=\"lazy\" title=\"Imperialismo. Claudio Katz. Capitalismo Contempor\u00e1neo, Clase 9\" width=\"640\" height=\"360\" src=\"https:\/\/www.youtube.com\/embed\/Ef0jN0EFp1I?list=PLWfnIgB-PMjuPh0oyntPlEdKiyIRfaKWq\" frameborder=\"0\" allow=\"accelerometer; autoplay; clipboard-write; encrypted-media; gyroscope; picture-in-picture; web-share\" allowfullscreen><\/iframe>\n<\/div><figcaption>Imperialismo &#8211; Clase 9<\/figcaption><\/figure>\n\n\n\n<figure class=\"wp-block-embed-youtube wp-block-embed is-type-video is-provider-youtube wp-embed-aspect-16-9 wp-has-aspect-ratio\"><div class=\"wp-block-embed__wrapper\">\n<iframe loading=\"lazy\" title=\"L\u00f3gica econ\u00f3mica y geopol\u00edtica. Claudio Katz. Capitalismo contempor\u00e1neo. Clase 10\" width=\"640\" height=\"360\" src=\"https:\/\/www.youtube.com\/embed\/nviO-yAxka8?list=PLWfnIgB-PMjuPh0oyntPlEdKiyIRfaKWq\" frameborder=\"0\" allow=\"accelerometer; autoplay; clipboard-write; encrypted-media; gyroscope; picture-in-picture; web-share\" allowfullscreen><\/iframe>\n<\/div><figcaption>L\u00f3gica econ\u00f3mica y geopol\u00edtica &#8211;  Clase 10<\/figcaption><\/figure>\n\n\n\n<figure class=\"wp-block-embed-youtube wp-block-embed is-type-video is-provider-youtube wp-embed-aspect-16-9 wp-has-aspect-ratio\"><div class=\"wp-block-embed__wrapper\">\n<iframe loading=\"lazy\" title=\"Teor\u00eda de la Dependencia. Claudio Katz. Capitalismo Contempor\u00e1neo, Clase 10 II\" width=\"640\" height=\"360\" src=\"https:\/\/www.youtube.com\/embed\/lHHxID8wWmw?list=PLWfnIgB-PMjuPh0oyntPlEdKiyIRfaKWq\" frameborder=\"0\" allow=\"accelerometer; autoplay; clipboard-write; encrypted-media; gyroscope; picture-in-picture; web-share\" allowfullscreen><\/iframe>\n<\/div><figcaption>Teor\u00eda de la Dependencia &#8211; Clase 11<\/figcaption><\/figure>\n\n\n\n<figure class=\"wp-block-embed-youtube wp-block-embed is-type-video is-provider-youtube wp-embed-aspect-16-9 wp-has-aspect-ratio\"><div class=\"wp-block-embed__wrapper\">\n<iframe loading=\"lazy\" title=\"Estados Unidos. Claudio Katz. Capitalismo Contempor\u00e1neo, Clase 11\" width=\"640\" height=\"360\" src=\"https:\/\/www.youtube.com\/embed\/VstR-pNsp3g?list=PLWfnIgB-PMjuPh0oyntPlEdKiyIRfaKWq\" frameborder=\"0\" allow=\"accelerometer; autoplay; clipboard-write; encrypted-media; gyroscope; picture-in-picture; web-share\" allowfullscreen><\/iframe>\n<\/div><figcaption>Estados Unidos &#8211; Clase 12<\/figcaption><\/figure>\n\n\n\n<figure class=\"wp-block-embed-youtube wp-block-embed is-type-video is-provider-youtube wp-embed-aspect-16-9 wp-has-aspect-ratio\"><div class=\"wp-block-embed__wrapper\">\n<iframe loading=\"lazy\" title=\"CHINA. Claudio Katz. Capitalismo Contempor\u00e1neo, Clase 12\" width=\"640\" height=\"360\" src=\"https:\/\/www.youtube.com\/embed\/z5CIAdUIdZU?list=PLWfnIgB-PMjuPh0oyntPlEdKiyIRfaKWq\" frameborder=\"0\" allow=\"accelerometer; autoplay; clipboard-write; encrypted-media; gyroscope; picture-in-picture; web-share\" allowfullscreen><\/iframe>\n<\/div><figcaption>CHINA &#8211; Clase 13<\/figcaption><\/figure>\n\n\n\n<figure class=\"wp-block-embed-youtube wp-block-embed is-type-video is-provider-youtube wp-embed-aspect-16-9 wp-has-aspect-ratio\"><div class=\"wp-block-embed__wrapper\">\n<iframe loading=\"lazy\" title=\"Ideolog\u00eda del neoliberalismo. Claudio Katz. Capitalismo Contempor\u00e1neo, Clase 14\" width=\"640\" height=\"360\" src=\"https:\/\/www.youtube.com\/embed\/Sxgf-ixRMx0?list=PLWfnIgB-PMjuPh0oyntPlEdKiyIRfaKWq\" frameborder=\"0\" allow=\"accelerometer; autoplay; clipboard-write; encrypted-media; gyroscope; picture-in-picture; web-share\" allowfullscreen><\/iframe>\n<\/div><figcaption>Ideolog\u00eda del neoliberalismo &#8211; Clase 14<\/figcaption><\/figure>\n","protected":false},"excerpt":{"rendered":"","protected":false},"author":1,"featured_media":4226,"comment_status":"open","ping_status":"open","sticky":false,"template":"","format":"video","meta":{"footnotes":""},"categories":[15,7,4,8],"tags":[],"_links":{"self":[{"href":"http:\/\/www.movimientocaamanista.com\/index.php?rest_route=\/wp\/v2\/posts\/8793"}],"collection":[{"href":"http:\/\/www.movimientocaamanista.com\/index.php?rest_route=\/wp\/v2\/posts"}],"about":[{"href":"http:\/\/www.movimientocaamanista.com\/index.php?rest_route=\/wp\/v2\/types\/post"}],"author":[{"embeddable":true,"href":"http:\/\/www.movimientocaamanista.com\/index.php?rest_route=\/wp\/v2\/users\/1"}],"replies":[{"embeddable":true,"href":"http:\/\/www.movimientocaamanista.com\/index.php?rest_route=%2Fwp%2Fv2%2Fcomments&post=8793"}],"version-history":[{"count":1,"href":"http:\/\/www.movimientocaamanista.com\/index.php?rest_route=\/wp\/v2\/posts\/8793\/revisions"}],"predecessor-version":[{"id":8794,"href":"http:\/\/www.movimientocaamanista.com\/index.php?rest_route=\/wp\/v2\/posts\/8793\/revisions\/8794"}],"wp:featuredmedia":[{"embeddable":true,"href":"http:\/\/www.movimientocaamanista.com\/index.php?rest_route=\/wp\/v2\/media\/4226"}],"wp:attachment":[{"href":"http:\/\/www.movimientocaamanista.com\/index.php?rest_route=%2Fwp%2Fv2%2Fmedia&parent=8793"}],"wp:term":[{"taxonomy":"category","embeddable":true,"href":"http:\/\/www.movimientocaamanista.com\/index.php?rest_route=%2Fwp%2Fv2%2Fcategories&post=8793"},{"taxonomy":"post_tag","embeddable":true,"href":"http:\/\/www.movimientocaamanista.com\/index.php?rest_route=%2Fwp%2Fv2%2Ftags&post=8793"}],"curies":[{"name":"wp","href":"https:\/\/api.w.org\/{rel}","templated":true}]}}