{"id":8861,"date":"2024-01-05T10:56:27","date_gmt":"2024-01-05T10:56:27","guid":{"rendered":"http:\/\/www.movimientocaamanista.com\/?p=8861"},"modified":"2024-01-05T10:56:28","modified_gmt":"2024-01-05T10:56:28","slug":"transicion-energetica-y-ecologista-la-ultima-estafa-del-capitalismo-verde","status":"publish","type":"post","link":"http:\/\/www.movimientocaamanista.com\/?p=8861","title":{"rendered":"Transici\u00f3n energ\u00e9tica y \u201cecologista\u201d: La \u00faltima estafa del \u201ccapitalismo verde\u201d"},"content":{"rendered":"\n<p>Arturo Inglott<\/p>\n\n\n\n<p>Fuente: <a href=\"https:\/\/kaosenlared.net\/transicion-energetica-y-ecologista-la-ultima-estafa-del-capitalismo-verde\/\">Kaos en la Red<\/a><\/p>\n\n\n\n<p><strong>La crisis medioambiental que sufre el planeta \u2013 y con \u00e9l los seres humanos que los habitamos- no es, como parece haber comprado cierto sector de la izquierda alternativa, un invento interesado de las elites capitalistas. Pero lo que s\u00ed ha hecho las elites capitalistas, ante la ausencia de una izquierda real capaz de articular una propuesta pol\u00edtica para superar este tipo de sociedad, &nbsp;es instrumentalizar la crisis medioambiental en su propio beneficio&nbsp;\u201cofertando\u201d al p\u00fablico, como supuesta alternativa, un nuevo capitalismo ecol\u00f3gico con \u201crostro verde\u201d.<\/strong><\/p>\n\n\n\n<p><em>\u201cEl capitalismo tiende a destruir sus dos fuentes de riqueza: la naturaleza y los seres humanos\u201d<\/em><\/p>\n\n\n\n<p><em>&nbsp;<strong>Karl Marx<\/strong><\/em><\/p>\n\n\n\n<p><em>\u201cNo es posible conseguir mediante reformas que se convierta en amigo de la Tierra un sistema cuya din\u00e1mica esencial es la depredaci\u00f3n creciente e irreversible. Por eso, lo razonablemente reformista es, tambi\u00e9n en esto, irracional\u201d.<\/em><\/p>\n\n\n\n<p><em><strong>Manuel Sacrist\u00e1n Luz\u00f3<\/strong>n. Comunicaci\u00f3n a las jornadas de Ecolog\u00eda y Pol\u00edtica. Mayo de 1979<\/em><\/p>\n\n\n\n<p>La crisis medioambiental que sufre el planeta \u2013 y con \u00e9l los seres humanos que los habitamos- no es, como parece haber comprado cierto sector de la izquierda alternativa, un invento interesado de las<strong>&nbsp;elites capitalistas.<\/strong><\/p>\n\n\n\n<p>Se trata, por el contrario, de una manifestaci\u00f3n m\u00e1s del&nbsp;<strong>car\u00e1cter esencialmente insostenible<\/strong>&nbsp;de un sistema que, como ya apuntara tempranamente el propio<strong>&nbsp;Carlos Marx<\/strong>, tiende a destruir no solo a los trabajadores, sino tambi\u00e9n a la&nbsp;<strong>propia naturaleza,<\/strong>&nbsp;y&nbsp;<strong>cuya necesidad de crecer indefinidamente<\/strong>&nbsp;choca necesariamente con los l\u00edmites de los ecosistemas terrestres.<\/p>\n\n\n\n<p>La&nbsp;<strong>acumulaci\u00f3n creciente de Capital, en efecto,<\/strong>&nbsp;no se realiza solamente a expensas de la&nbsp;<strong>clase trabajadora<\/strong>&nbsp;sino tambi\u00e9n del&nbsp;<strong>medioambiente,<\/strong>&nbsp;convertido, como todo en el capitalismo, en&nbsp;<strong>recursos y mercanc\u00edas desechables.<\/strong><\/p>\n\n\n\n<p>Pero lo que s\u00ed han hecho las&nbsp;<strong>elites capitalistas,<\/strong>&nbsp;ante la ausencia de una izquierda real capaz de articular una propuesta pol\u00edtica para superar este tipo de sociedad, &nbsp;es<strong>&nbsp;instrumentalizar la crisis medioambiental&nbsp;<\/strong>en su propio beneficio&nbsp;<em>\u201cofertando\u201d<\/em>&nbsp;al p\u00fablico, como supuesta alternativa, un&nbsp;<strong>nuevo capitalismo ecol\u00f3gico<\/strong>&nbsp;con&nbsp;<strong><em>\u201crostro verde\u201d.<\/em><\/strong><\/p>\n\n\n\n<p>Aunque los menos atentos a este fen\u00f3meno puedan considerar&nbsp;que ha nacido de la nada, la cierto es que viene de lejos.<\/p>\n\n\n\n<p>Desde los&nbsp;<strong>a\u00f1os sesenta,<\/strong>&nbsp;las&nbsp;<strong>grandes corporaciones<\/strong>&nbsp;han estado adapt\u00e1ndose, progresivamente, a la nueva situaci\u00f3n.&nbsp;&nbsp;<strong>Coca Cola,<\/strong>&nbsp;por ejemplo, lanz\u00f3 una&nbsp;<em><strong>\u201cbotella para la era de la ecolog\u00eda\u201d<\/strong><\/em>. Pero, \u00bfera realmente diferente? No, solo estaba envuelta en un nuevo paquete.<\/p>\n\n\n\n<p>Esta t\u00e1ctica, conocida como<em><strong>&nbsp;\u201clavado verde\u201d<\/strong><\/em><strong>&nbsp;del capitalismo,<\/strong>&nbsp;ha sido una constante en la&nbsp;<strong>historia corporativa<\/strong>. Las empresas&nbsp;<strong>prometen sostenibilidad,<\/strong>&nbsp;aunque detr\u00e1s de escena sean las principales responsables de la creciente degradaci\u00f3n medioambiental.<\/p>\n\n\n\n<p>Hoy, aunque la&nbsp;<strong>crisis clim\u00e1tica&nbsp;<\/strong>es un&nbsp;<strong>tema central en los discursos pol\u00edticos y econ\u00f3micos,<\/strong>&nbsp;y las gra<strong>ndes corporaciones y entidades financieras<\/strong>&nbsp;adoptan esta&nbsp;<strong>fachada \u201cverde\u201d,<\/strong>&nbsp;su aparente preocupaci\u00f3n por el medio ambiente es igualmente falsa.<\/p>\n\n\n\n<p>Pero su objetivo no es ya solamente el de<strong>&nbsp;\u201clavarse\u201d la cara&nbsp;<\/strong>ante los consumidores con&nbsp;<strong>campa\u00f1as de marketing.<\/strong><\/p>\n\n\n\n<p>Para estas corporaciones lo fundamental es situarse para atrapar una importante parte del pastel de nuevos nichos de negocios, como los relacionados con las&nbsp;<strong>fuentes de energ\u00eda renovables,<\/strong>&nbsp;que ser\u00e1n cada vez m\u00e1s importantes en la&nbsp;<strong>competencia capitalista mundial.&nbsp;<\/strong><\/p>\n\n\n\n<p>En este nuevo marco se articulan las pol\u00edticas ideadas en la publicitada&nbsp;<strong>Agenda 20\/30.<\/strong>&nbsp;Un intento de&nbsp;<strong>reconfigurar el capitalismo<\/strong>&nbsp;a medida de los intereses de la&nbsp;<strong>oligarqu\u00eda mundial&nbsp;<\/strong>que tendr\u00e1 como consecuencia una<strong>&nbsp;dram\u00e1tica destrucci\u00f3n de fuerzas productivas<\/strong>&nbsp;y cuyas principales v\u00edctimas ser\u00e1n las&nbsp;<strong>clases trabajadoras<\/strong>&nbsp;y los&nbsp;<strong>sectores m\u00e1s vulnerables de la sociedad.<\/strong><\/p>\n\n\n\n<p><strong>LA TRANSICI\u00d3N AL \u201cCAPITALISMO VERDE\u201d EN EL ESTADO ESPA\u00d1OL<\/strong><\/p>\n\n\n\n<p>Como no pod\u00eda ser de otra forma, el caso de la transici\u00f3n energ\u00e9tica en el&nbsp;<strong>Estado espa\u00f1ol<\/strong>&nbsp;forma parte de esta tendencia global.<\/p>\n\n\n\n<p>Espa\u00f1a es un claro ejemplo de c\u00f3mo las grandes empresas energ\u00e9ticas, bajo la&nbsp;<strong>l\u00f3gica capitalista,<\/strong>&nbsp;<strong>monopolizan los recursos<\/strong>&nbsp;y&nbsp;<strong>perpet\u00faan la desigualdad,<\/strong>&nbsp;marginando a las&nbsp;<strong>clases populares<\/strong>&nbsp;y&nbsp;<strong>destruyendo el medio ambiente en el proceso.<\/strong><\/p>\n\n\n\n<p>El campo de las&nbsp;<strong>alternativas a los combustibles f\u00f3siles<\/strong>&nbsp;como las<strong>&nbsp;energ\u00edas solar o e\u00f3lica<\/strong>&nbsp;se convierte as\u00ed en una nueva fuente de multimillonarios ingresos para las mismas multinacionales que obtienen ping\u00fces beneficios e impulsando un modelo econ\u00f3mico igualmente insostenible y depredador.<\/p>\n\n\n\n<p>La a<strong>lternativa<\/strong>&nbsp;propuesta en este sentido por el&nbsp;<strong>gobierno de Pedro S\u00e1nchez<\/strong>&nbsp;y su alianza con&nbsp;<em><strong>Sumar<\/strong><\/em>, antes con&nbsp;<strong>Unidas Podemos<\/strong>, pese a su aparente&nbsp;<em>\u201cprogresismo\u201d<\/em>, se enmarca totalmente dentro de estos planes del&nbsp;<em><strong>\u201ccapitalismo verde\u201d.<\/strong><\/em><\/p>\n\n\n\n<p>Promueven un modelo de transici\u00f3n ecol\u00f3gica que, lejos de desafiar los cimientos del capitalismo, est\u00e1 orientado a perpetuarlo, perpetuando as\u00ed tambi\u00e9n las estructuras de poder existentes y, en consecuencia, ahondando en la&nbsp;<strong>crisis ecol\u00f3gica y social&nbsp;<\/strong>que este sistema genera.<\/p>\n\n\n\n<p><strong>LA \u00daNICA ALTERNATIVA PROGRESISTA Y REALISTA<\/strong><\/p>\n\n\n\n<p>La&nbsp;<strong>cruda realidad&nbsp;<\/strong>es que la&nbsp;<strong>crisis medioambiental global no tiene soluci\u00f3n<\/strong>, ni la tendr\u00e1, en el marco del sistema econ\u00f3mico capitalista, ni esta soluci\u00f3n podr\u00e1 venir exclusivamente de la mano de nuevos descubrimientos cient\u00edficos y tecnol\u00f3gicos.<\/p>\n\n\n\n<p>Porque, como apuntara l\u00facidamente hace casi 25 a\u00f1os el fil\u00f3sofo espa\u00f1ol&nbsp;<strong>Manuel Sacrist\u00e1n,<\/strong><\/p>\n\n\n\n<p><em>\u201cno es posible conseguir mediante reformas que se convierta en amigo de la Tierra un sistema cuya din\u00e1mica esencial es la depredaci\u00f3n creciente e irreversible\u201d.<\/em><\/p>\n\n\n\n<p>Afrontar esta crisis, y eventualmente, realizar una&nbsp;<strong>transici\u00f3n ecol\u00f3gica<\/strong>&nbsp;justa y realmente sostenible, s\u00f3lo ser\u00eda posible como parte de una transformaci\u00f3n radical de la sociedad que implicara comenzar a construir otro sistema econ\u00f3mico, gestionado democr\u00e1ticamente por la colectividad, que no est\u00e9 regido por la consecuci\u00f3n del m\u00e1ximo beneficio privado y la acumulaci\u00f3n de capital.<\/p>\n","protected":false},"excerpt":{"rendered":"<p>Arturo Inglott Fuente: Kaos en la Red La crisis medioambiental que sufre el planeta \u2013 y con \u00e9l los seres humanos que los habitamos- no es, como parece haber comprado cierto sector de la izquierda alternativa, un invento interesado de las elites capitalistas. Pero lo que s\u00ed ha hecho las elites capitalistas, ante la ausencia [&hellip;]<\/p>\n","protected":false},"author":1,"featured_media":2731,"comment_status":"open","ping_status":"open","sticky":false,"template":"","format":"standard","meta":{"footnotes":""},"categories":[4],"tags":[],"_links":{"self":[{"href":"http:\/\/www.movimientocaamanista.com\/index.php?rest_route=\/wp\/v2\/posts\/8861"}],"collection":[{"href":"http:\/\/www.movimientocaamanista.com\/index.php?rest_route=\/wp\/v2\/posts"}],"about":[{"href":"http:\/\/www.movimientocaamanista.com\/index.php?rest_route=\/wp\/v2\/types\/post"}],"author":[{"embeddable":true,"href":"http:\/\/www.movimientocaamanista.com\/index.php?rest_route=\/wp\/v2\/users\/1"}],"replies":[{"embeddable":true,"href":"http:\/\/www.movimientocaamanista.com\/index.php?rest_route=%2Fwp%2Fv2%2Fcomments&post=8861"}],"version-history":[{"count":1,"href":"http:\/\/www.movimientocaamanista.com\/index.php?rest_route=\/wp\/v2\/posts\/8861\/revisions"}],"predecessor-version":[{"id":8862,"href":"http:\/\/www.movimientocaamanista.com\/index.php?rest_route=\/wp\/v2\/posts\/8861\/revisions\/8862"}],"wp:featuredmedia":[{"embeddable":true,"href":"http:\/\/www.movimientocaamanista.com\/index.php?rest_route=\/wp\/v2\/media\/2731"}],"wp:attachment":[{"href":"http:\/\/www.movimientocaamanista.com\/index.php?rest_route=%2Fwp%2Fv2%2Fmedia&parent=8861"}],"wp:term":[{"taxonomy":"category","embeddable":true,"href":"http:\/\/www.movimientocaamanista.com\/index.php?rest_route=%2Fwp%2Fv2%2Fcategories&post=8861"},{"taxonomy":"post_tag","embeddable":true,"href":"http:\/\/www.movimientocaamanista.com\/index.php?rest_route=%2Fwp%2Fv2%2Ftags&post=8861"}],"curies":[{"name":"wp","href":"https:\/\/api.w.org\/{rel}","templated":true}]}}