{"id":954,"date":"2020-01-06T01:25:11","date_gmt":"2020-01-06T01:25:11","guid":{"rendered":"http:\/\/www.movimientocaamanista.com\/?p=954"},"modified":"2020-01-06T01:25:13","modified_gmt":"2020-01-06T01:25:13","slug":"entrevista-la-pregunta-no-es-si-iran-respondera-sino-cuando-y-en-que-proporciones","status":"publish","type":"post","link":"http:\/\/www.movimientocaamanista.com\/?p=954","title":{"rendered":"Entrevista. \u00abLa pregunta no es si Ir\u00e1n responder\u00e1, sino cu\u00e1ndo y en qu\u00e9 proporciones\u00bb"},"content":{"rendered":"\n<p>Philippe Alcoy Y Max Demian<\/p>\n\n\n\n<p><a href=\"https:\/\/kaosenlared.net\/entrevista-la-pregunta-no-es-si-iran-respondera-sino-cuando-y-en-que-proporciones\/\">Kaos en la Red<\/a><\/p>\n\n\n\n<p><strong>El asesinato del general iran\u00ed Soleimani por parte de Estados Unidos en un ataque selectivo amenaza con precipitar una guerra con consecuencias impredecibles. Para comprender mejor la situaci\u00f3n, entrevistamos a Philippe Alcoy y Max Demian, miembros del comit\u00e9 editorial del sitio R\u00e9volution Permanente de Francia, parte de la Red Internacional La Izquierda Diario.<\/strong><\/p>\n\n\n\n<p><em>Reproducimos a continuaci\u00f3n una entrevista a Philippe Alcoy y Max Demian, miembros del comit\u00e9 editorial del sitio&nbsp;<strong>R\u00e9volution Permanente<\/strong>&nbsp;de Francia, parte de la Red Internacional&nbsp;<strong>La Izquierda Diario<\/strong>.<br><\/em><\/p>\n\n\n\n<p><strong>\u00bfC\u00f3mo encaja este ataque en la escalada reciente entre Estados Unidos e Ir\u00e1n?<\/strong><\/p>\n\n\n\n<p><strong>Max Demian<\/strong>: Para volver a los hechos, debemos ver que esta es una agresi\u00f3n importante y muy grave perpetrada por Estados Unidos. Es parte de todo un ciclo de crecientes tensiones iniciadas por Donald Trump a partir de su decisi\u00f3n de retirarse unilateralmente del acuerdo nuclear con Ir\u00e1n y seguir una pol\u00edtica de \u00abm\u00e1xima presi\u00f3n\u00bb para doblegar al r\u00e9gimen teocr\u00e1tico con sanciones y asfixia econ\u00f3mica. Esta pol\u00edtica llev\u00f3 a Ir\u00e1n a una situaci\u00f3n catastr\u00f3fica y desencaden\u00f3 una serie de escaladas.<\/p>\n\n\n\n<p>Hubo ataques selectivos contra buques petroleros en el Golfo, seguidos en septiembre por un ataque de drones y misiles contra la infraestructura petrolera en Arabia Saudita, reduciendo a casi la mitad de su producci\u00f3n petrolera del reino saud\u00ed. Todo esto equivali\u00f3 a que el r\u00e9gimen iran\u00ed demostrara que no estaba listo para ceder ante la estrategia de presi\u00f3n m\u00e1xima de Trump. Pero esta vez, el asesinato contra Soleimaini sin duda tendr\u00e1 consecuencias mucho m\u00e1s importantes.<\/p>\n\n\n\n<p><strong>Philippe Alcoy<\/strong>: De hecho, en los \u00faltimos d\u00edas ha habido una nueva escalada de tensiones entre Estados Unidos e Ir\u00e1n. El viernes pasado, un ataque con misiles contra una base que albergaba soldados y civiles en Irak result\u00f3 en la muerte de un contratista paramilitar norteamericano y varios soldados estadounidenses e iraqu\u00edes heridos. Washington acus\u00f3 a una milicia pro iran\u00ed, Kataib Hezbollah, y atac\u00f3 cinco de sus posiciones en Irak, pero tambi\u00e9n en Siria. En respuesta, los partidarios de Kataib Hezbollah atacaron la embajada estadounidense en Bagdad, lo que provoc\u00f3 la brutal respuesta norteamericana que culmin\u00f3 con el asesinato del principal general iran\u00ed Qassem Soleimani, pero tambi\u00e9n del l\u00edder de la milicia Kataib Hezbollah, Abu Mahdi al-Muhandis.<\/p>\n\n\n\n<p>Es un golpe para Ir\u00e1n. Soleimani fue quien pens\u00f3 y dirigi\u00f3 la pol\u00edtica regional iran\u00ed durante varias d\u00e9cadas. Ir\u00e1n puede, a pesar de la muerte de Soleimani, continuar llevando a cabo su pol\u00edtica regional, por supuesto. Pero es obvio que los norteamericanos quer\u00edan de alguna manera \u00abdecapitar\u00bb al liderazgo pol\u00edtico-militar iran\u00ed en la regi\u00f3n, y en particular en Irak, y desde este punto de vista obtuvieron una victoria importante. Y esto tendr\u00e1 consecuencias incluso en el caso de una confrontaci\u00f3n directa entre Estados Unidos e Ir\u00e1n: Teher\u00e1n pierde a uno de sus generales m\u00e1s experimentados y capaces de organizar y llevar a cabo tal confrontaci\u00f3n.<\/p>\n\n\n\n<p><strong>\u00bfExiste un riesgo de escalada entre los dos pa\u00edses?<\/strong><\/p>\n\n\n\n<p><strong>PA<\/strong>&nbsp;: No solo existe un \u00abriesgo de escalada\u00bb sino un riesgo real de guerra entre Estados Unidos e Ir\u00e1n. En este sentido, Estados Unidos acaba de anunciar el env\u00edo de 3.000 soldados adicionales a la regi\u00f3n. Es una agresi\u00f3n imperialista muy importante que impacta incluso entre los l\u00edderes occidentales.<\/p>\n\n\n\n<p>Por lo tanto, la pregunta no es si Ir\u00e1n responder\u00e1, sino cu\u00e1ndo y en qu\u00e9 proporciones. Dada la desproporci\u00f3n de fuerzas entre los dos estados, lo m\u00e1s probable es que Ir\u00e1n ataque a un aliado estadounidense en la regi\u00f3n, como Israel o Arabia Saudita. Pero Ir\u00e1n tambi\u00e9n podr\u00eda decidir realizar ataques desde sus posiciones en Yemen o en el L\u00edbano. Los ataques contra diplom\u00e1ticos en la regi\u00f3n no deben ser excluidos, como as\u00ed tampoco contra las bases militares estadounidenses en el Golfo P\u00e9rsico (Bahrein y Qatar especialmente). Una acci\u00f3n m\u00e1s arriesgada, pero en esta etapa no podemos excluir nada, ser\u00eda un ataque contra un portaaviones estadounidense.<\/p>\n\n\n\n<p><strong>\u00bfCu\u00e1l puede ser la respuesta de Ir\u00e1n en esta situaci\u00f3n y dado el riesgo de escalada?<\/strong><\/p>\n\n\n\n<p><strong>MD<\/strong>: Para Ir\u00e1n es muy dif\u00edcil no responder, adem\u00e1s ya han anunciado que responder\u00e1n, pero al mismo tiempo esta situaci\u00f3n revelar\u00e1 sus debilidades y contradicciones. Responder a la altura de la ofensiva estadounidense expone a Ir\u00e1n a una guerra devastadora. El r\u00e9gimen ya est\u00e1 en una situaci\u00f3n desesperada debido a las sanciones estadounidenses. Ir\u00e1n ha experimentado recientemente levantamientos populares que ha sofocado con sangre e imponiendo un apag\u00f3n inform\u00e1tico generalizado. Por otra parte las posiciones en su esfera de influencia se han desestabilizado, especialmente en el L\u00edbano e Irak, por los levantamientos populares en curso que cuestionan la injerencia iran\u00ed en esos pa\u00edses.<\/p>\n\n\n\n<p>Trump conf\u00eda en las contradicciones del r\u00e9gimen iran\u00ed. Hasta ahora su pol\u00edtica de m\u00e1xima presi\u00f3n buscaba debilitar significativamente a Ir\u00e1n, evitando el riesgo de un conflicto mayor. Pero este ataque cambia el juego. Washington apuesta a que es hora de asestar un golpe decisivo a Ir\u00e1n. Est\u00e1 claro que para Estados Unidos fue una maniobra arriesgada, pero que les permite tener el juego en sus manos. En este sentido, tambi\u00e9n debemos ver que estos ataques llegan en un momento crucial para Trump, en medio de la campa\u00f1a por su reelecci\u00f3n, y mientras Corea del Norte reanuda su programa nuclear, lo que significa el fracaso de la pol\u00edtica de negociaci\u00f3n puesta en escena por Trump.<\/p>\n\n\n\n<p><strong>PA<\/strong>: Si Ir\u00e1n no responde al desaf\u00edo, ser\u00e1 una derrota con implicancias importantes para el r\u00e9gimen. Si responden proporcionalmente, ser\u00e1 un mayor riesgo de guerra, con consecuencias a\u00fan peores que en Siria, e incluso posiblemente fatal para el r\u00e9gimen. Las \u00fanicas personas que pueden decidir una no escalada a\u00fan m\u00e1s dram\u00e1tica son los norteamericanos. Pero para eso, necesitan una victoria, es decir que la respuesta iran\u00ed sea proporcionalmente inferior a la de ellos.<\/p>\n\n\n\n<p><strong>\u00bfCu\u00e1les pueden ser las consecuencias en la regi\u00f3n dados los levantamientos populares en muchos pa\u00edses?<\/strong><\/p>\n\n\n\n<p><strong>MD<\/strong>: El r\u00e9gimen iran\u00ed tiene posiciones en muchos pa\u00edses vecinos que hoy est\u00e1n desestabilizadas por el regreso de la lucha de clases. Este es particularmente el caso en Irak, donde los manifestantes corearon consignas anti-iran\u00edes, denunciando la corrupci\u00f3n de las \u00e9lites y la interferencia de Ir\u00e1n en los asuntos internos del pa\u00eds. Tenemos que ver c\u00f3mo la situaci\u00f3n influir\u00e1 en las manifestaciones en Irak, pero es posible que este ataque refuerce el sentimiento de unidad contra el imperialismo, aunque las milicias iran\u00edes en Irak no son populares entre la poblaci\u00f3n.<\/p>\n\n\n\n<p>Al mismo tiempo, la posici\u00f3n de Irak con respecto a los Estados Unidos es ambivalente. Irak depende en t\u00e9rminos econ\u00f3micos, pol\u00edticos y militares tanto de Ir\u00e1n como de Estados Unidos. Los a\u00f1os de la guerra imperialista dejaron al pa\u00eds en ruinas y sin una estructura estatal funcional. Esta es una de las razones por las cuales el Gobierno iraqu\u00ed no ha exigido la retirada de las tropas estadounidenses, al menos hasta ahora. Una vez m\u00e1s, este ataque podr\u00eda cambiar el juego: tendremos que ver cu\u00e1l ser\u00e1 la respuesta del Gobierno iraqu\u00ed a esta gran agresi\u00f3n imperialista en su territorio.<\/p>\n\n\n\n<p>Las consecuencias de este ataque siguen siendo en gran medida impredecibles. Ya sea en lo pol\u00edtico, militar o incluso en los efectos sobre el precio del petr\u00f3leo, que aument\u00f3 en un 3% despu\u00e9s del ataque. Una cosa es cierta, el accionar del imperialismo vuelve a llevar a la regi\u00f3n al borde de una guerra. Es esencial que los sectores que se est\u00e1n movilizando hoy en la regi\u00f3n y en todo el mundo, la clase trabajadora, la juventud, los movimientos de mujeres y las minor\u00edas se unan contra esta gran agresi\u00f3n del imperialismo, mientras denuncian la pol\u00edtica reaccionaria de los poderes regionales, que buscar\u00e1 capitalizar la situaci\u00f3n para relegitimarse en un momento en que las revueltas populares amenazan con derribarlos. Solo la acci\u00f3n internacionalista de la clase obrera puede poner fin a los ciclos de agresi\u00f3n y guerra que est\u00e1n destruyendo a la regi\u00f3n.<\/p>\n\n\n\n<p><strong>PA<\/strong>: De hecho, esta agresi\u00f3n del imperialismo norteamericano sin duda tendr\u00e1 un impacto en las movilizaciones populares en curso en la regi\u00f3n. En Irak, fue sobre todo la poblaci\u00f3n chi\u00edta la que se manifest\u00f3 contra el r\u00e9gimen e incluso contra la interferencia iran\u00ed (lo que no significa que fuera hostil a la poblaci\u00f3n iran\u00ed). Este ataque puede representar una oportunidad para que el reaccionario r\u00e9gimen iran\u00ed recupere influencia entre los chi\u00edtas iraqu\u00edes present\u00e1ndose como garante de la soberan\u00eda iraqu\u00ed sobre los estadounidenses.<\/p>\n\n\n\n<p>Es muy parad\u00f3jico pero es una posibilidad. Tambi\u00e9n es parad\u00f3jico que sea el asesinato de Soleimani lo que abre esta oportunidad al r\u00e9gimen iran\u00ed en la regi\u00f3n. El general comenzaba a ser muy cuestionado, particularmente en Irak, porque dirigi\u00f3 directamente la represi\u00f3n contra los manifestantes para mantener el status quo.<\/p>\n\n\n\n<p>Sobre este punto, me gustar\u00eda hacer un comentario sobre el ataque a la Embajada de los Estados Unidos. De hecho, desde octubre pasado, uno de los puntos geogr\u00e1ficos m\u00e1s importantes de confrontaci\u00f3n se ha ubicado en la entrada de la llamada \u00abzona verde\u00bb en Bagdad, que alberga instituciones estatales, pero tambi\u00e9n embajadas extranjeras, incluida la de Estados Unidos. Entonces, mientras las milicias pro iran\u00edes dispararon balas de plomo a los j\u00f3venes y trabajadores que quer\u00edan manifestarse contra el r\u00e9gimen en esta \u00e1rea de la ciudad, la liberaron para que los milicianos y sus partidarios se manifestaran y lograran ingresar a la Embajada estadounidense.<\/p>\n\n\n\n<p>Es un peque\u00f1o ejemplo del car\u00e1cter de la influencia iran\u00ed en Irak y la regi\u00f3n. Soleimani era un general nefasto que comenz\u00f3 a ser odiado por los trabajadores y j\u00f3venes iraqu\u00edes movilizados, as\u00ed como a todo el r\u00e9gimen corrupto establecido desde 2003 por Ir\u00e1n y Estados Unidos. Sin embargo, no es de la mano del imperialismo que los explotados podr\u00edan deshacerse de este r\u00e9gimen aberrante. En este sentido, el asesinato de Soleimani sigue siendo una agresi\u00f3n imperialista y de ninguna manera es una buena noticia para los trabajadores y los j\u00f3venes. Son los trabajadores y las clases explotadas y los oprimidos los que se deshacen de sus verdugos.<\/p>\n","protected":false},"excerpt":{"rendered":"<p>Philippe Alcoy Y Max Demian Kaos en la Red El asesinato del general iran\u00ed Soleimani por parte de Estados Unidos en un ataque selectivo amenaza con precipitar una guerra con consecuencias impredecibles. Para comprender mejor la situaci\u00f3n, entrevistamos a Philippe Alcoy y Max Demian, miembros del comit\u00e9 editorial del sitio R\u00e9volution Permanente de Francia, parte [&hellip;]<\/p>\n","protected":false},"author":1,"featured_media":955,"comment_status":"open","ping_status":"open","sticky":false,"template":"","format":"standard","meta":{"footnotes":""},"categories":[5,3],"tags":[],"_links":{"self":[{"href":"http:\/\/www.movimientocaamanista.com\/index.php?rest_route=\/wp\/v2\/posts\/954"}],"collection":[{"href":"http:\/\/www.movimientocaamanista.com\/index.php?rest_route=\/wp\/v2\/posts"}],"about":[{"href":"http:\/\/www.movimientocaamanista.com\/index.php?rest_route=\/wp\/v2\/types\/post"}],"author":[{"embeddable":true,"href":"http:\/\/www.movimientocaamanista.com\/index.php?rest_route=\/wp\/v2\/users\/1"}],"replies":[{"embeddable":true,"href":"http:\/\/www.movimientocaamanista.com\/index.php?rest_route=%2Fwp%2Fv2%2Fcomments&post=954"}],"version-history":[{"count":1,"href":"http:\/\/www.movimientocaamanista.com\/index.php?rest_route=\/wp\/v2\/posts\/954\/revisions"}],"predecessor-version":[{"id":956,"href":"http:\/\/www.movimientocaamanista.com\/index.php?rest_route=\/wp\/v2\/posts\/954\/revisions\/956"}],"wp:featuredmedia":[{"embeddable":true,"href":"http:\/\/www.movimientocaamanista.com\/index.php?rest_route=\/wp\/v2\/media\/955"}],"wp:attachment":[{"href":"http:\/\/www.movimientocaamanista.com\/index.php?rest_route=%2Fwp%2Fv2%2Fmedia&parent=954"}],"wp:term":[{"taxonomy":"category","embeddable":true,"href":"http:\/\/www.movimientocaamanista.com\/index.php?rest_route=%2Fwp%2Fv2%2Fcategories&post=954"},{"taxonomy":"post_tag","embeddable":true,"href":"http:\/\/www.movimientocaamanista.com\/index.php?rest_route=%2Fwp%2Fv2%2Ftags&post=954"}],"curies":[{"name":"wp","href":"https:\/\/api.w.org\/{rel}","templated":true}]}}