{"id":960,"date":"2020-01-06T17:37:31","date_gmt":"2020-01-06T17:37:31","guid":{"rendered":"http:\/\/www.movimientocaamanista.com\/?p=960"},"modified":"2020-01-06T17:37:32","modified_gmt":"2020-01-06T17:37:32","slug":"entrando-el-2020-dos-miradas-a-nuestra-america","status":"publish","type":"post","link":"http:\/\/www.movimientocaamanista.com\/?p=960","title":{"rendered":"ENTRANDO EL 2020: DOS MIRADAS A NUESTRA AMERICA"},"content":{"rendered":"\n<p>Narciso Isa Conde<\/p>\n\n\n\n<p>Una por el lado de las derechas.<\/p>\n\n\n\n<p>Otra por la vertiente de la soberan\u00eda, las reformas y la revoluci\u00f3n.<\/p>\n\n\n\n<p>En la primera, se observa la continuidad de la ofensiva imperialista, ultraderechista, neofascista\u2026 con productos pol\u00edticos nefastos en Brasil, Chile, Uruguay, Bolivia, Ecuador, Colombia, Honduras, Hait\u00ed, El Salvador\u2026<\/p>\n\n\n\n<p>Los Trump, Pompeo, Bolsonaro, Pi\u00f1era, Luis Orlando Hern\u00e1ndez. L. Moreno, Jovenel Moises, Bukele, Jeanine A\u00f1ez, Lacalle\u2026 impulsando esa cala\u00f1a, casi siempre con resultados inestables e inconsistentes.<\/p>\n\n\n\n<p>Por el otro lado, se aprecia la reafirmaci\u00f3n del proceso bolivariano-chavista en Venezuela y de la revoluci\u00f3n cubana; junto a la reversi\u00f3n del retroceso macrista en Argentina, avances de la victoria Morena en M\u00e9xico (L\u00f3pez Obrador) y la hermosa oleada del pueblo boricua que se llev\u00f3 de paro al Gobernador colonial Rosell\u00f3.<\/p>\n\n\n\n<p>Pero no solo, ni lo \u00fanico relevante.<\/p>\n\n\n\n<p>En una gran parte de los pa\u00edses v\u00edctimas de la contraofensiva imperialista se han registrado imponentes protestas y paralizaciones, generando intensas y persistentes tendencia a las crueles reacciones represivas gubernamentales y a marcadas perspectivas de ingobernabilidad.<\/p>\n\n\n\n<p>Proliferan las demandas de destituci\u00f3n de Presidentes y Gobiernos, acompa\u00f1ada de propuestas de procesos constituyente enfrentadas a un status quo decadente; apuntando cada vez m\u00e1s a una voluntad mayoritaria de cambio radical.<\/p>\n\n\n\n<p>\u00b7 PERSISTE LA VOLUNTAD DE CAMBIO RADICAL.<\/p>\n\n\n\n<p>As\u00ed las cosas, tantos las imposiciones ultraderechistas, que no tardan en generar indignaciones multitudinarias con fuertes impactos desestabilizadores, como la vuelta a inestables modelos neo-keynesianos no contralados por EEUU y la evidente incapacidad de esa superpotencia para vencer los procesos m\u00e1s radicales, son indicadores de que los pueblos latino-caribe\u00f1os no solo se resisten a vivir bajo modelos neoliberales cada vez m\u00e1s endurecidos y a reg\u00edmenes pol\u00edticos corruptos tutelados desde Washington, sino que persisten en los combates por la nueva independencia y las transformaciones sociales; todav\u00eda, claro est\u00e1, con muchas limitaciones e indefiniciones en la conformaci\u00f3n de sus potenciales fuerzas alternativas.<\/p>\n\n\n\n<p>Los casos chileno, boliviano, haitiano, hondure\u00f1o y puertorrique\u00f1o, se han tornado emblem\u00e1tico en relaci\u00f3n con esa determinaci\u00f3n, expresada en formidables reacciones recurrentes.<\/p>\n\n\n\n<p>Claro que tambi\u00e9n se han producido retrocesos, como los acontecido en Uruguay y El Salvador, que gozan todav\u00eda de una fr\u00e1gil quietud, que dada la tendencia continental, bien podr\u00eda ser alterada en un futuro pr\u00f3ximo en caso de profundizaci\u00f3n del desmonte de los logros sociales alcanzados.<\/p>\n\n\n\n<p>Pero lo m\u00e1s significativo de todo esto es que el ciclo de luchas por la segunda independencia iniciado por la revoluci\u00f3n no ha terminado y que la intensificaci\u00f3n de la dial\u00e9ctica reformas-contrarreformas y revoluci\u00f3n-contrarrevoluci\u00f3n -desplegada desde de finales del Siglo XX- no se ha agotado; augurando nuevas confrontaciones para este 2020 en un contexto en que crece el ideal de Patria Grande Liberada, reverdece la necesidad del socialismo frente a un capitalismo putrefacto, y EE.UU y la UE pierden empuje imperial frente a los imperialismos emergentes de China y Rusia, incluso en su mal llamado \u201cpatio trasero\u201d.<\/p>\n\n\n\n<p>Ese ciclo sigue abierto, con sus evidentes oscilaciones, con avances y retrocesos, con victorias parciales y reveses inestables.<\/p>\n\n\n\n<p>Sigue abierto, pese a un cierto y preocupante retraso en pa\u00edses que como en Rep\u00fablica Dominicana, Panam\u00e1, Costa Rica, Per\u00fa, Jamaica y las islas del Caribe Angl\u00f3fono y Franc\u00f3fono, donde las seudo-democracia neoliberales todav\u00eda \u2013pese a su p\u00e9rdida creciente de legitimidad y momentos de luchas estelares- no han sido estremecidas por el creciente descontento popular.<\/p>\n\n\n\n<p>Ese cuadro general, visto desde dos grandes vertientes contradictorias, auguran un 2020 mucho m\u00e1s intenso en las confrontaciones entre los componentes de estas dos miradas que permiten aproximarnos a la totalidad continental, como parte de un planeta profundamente impactado por la crisis de decadencia de la civilizaci\u00f3n capitalista y la p\u00e9rdida de hegemon\u00eda de los EE.UU.<\/p>\n","protected":false},"excerpt":{"rendered":"<p>Narciso Isa Conde Una por el lado de las derechas. Otra por la vertiente de la soberan\u00eda, las reformas y la revoluci\u00f3n. En la primera, se observa la continuidad de la ofensiva imperialista, ultraderechista, neofascista\u2026 con productos pol\u00edticos nefastos en Brasil, Chile, Uruguay, Bolivia, Ecuador, Colombia, Honduras, Hait\u00ed, El Salvador\u2026 Los Trump, Pompeo, Bolsonaro, Pi\u00f1era, [&hellip;]<\/p>\n","protected":false},"author":1,"featured_media":961,"comment_status":"open","ping_status":"open","sticky":false,"template":"","format":"standard","meta":{"footnotes":""},"categories":[5,3],"tags":[],"_links":{"self":[{"href":"http:\/\/www.movimientocaamanista.com\/index.php?rest_route=\/wp\/v2\/posts\/960"}],"collection":[{"href":"http:\/\/www.movimientocaamanista.com\/index.php?rest_route=\/wp\/v2\/posts"}],"about":[{"href":"http:\/\/www.movimientocaamanista.com\/index.php?rest_route=\/wp\/v2\/types\/post"}],"author":[{"embeddable":true,"href":"http:\/\/www.movimientocaamanista.com\/index.php?rest_route=\/wp\/v2\/users\/1"}],"replies":[{"embeddable":true,"href":"http:\/\/www.movimientocaamanista.com\/index.php?rest_route=%2Fwp%2Fv2%2Fcomments&post=960"}],"version-history":[{"count":1,"href":"http:\/\/www.movimientocaamanista.com\/index.php?rest_route=\/wp\/v2\/posts\/960\/revisions"}],"predecessor-version":[{"id":962,"href":"http:\/\/www.movimientocaamanista.com\/index.php?rest_route=\/wp\/v2\/posts\/960\/revisions\/962"}],"wp:featuredmedia":[{"embeddable":true,"href":"http:\/\/www.movimientocaamanista.com\/index.php?rest_route=\/wp\/v2\/media\/961"}],"wp:attachment":[{"href":"http:\/\/www.movimientocaamanista.com\/index.php?rest_route=%2Fwp%2Fv2%2Fmedia&parent=960"}],"wp:term":[{"taxonomy":"category","embeddable":true,"href":"http:\/\/www.movimientocaamanista.com\/index.php?rest_route=%2Fwp%2Fv2%2Fcategories&post=960"},{"taxonomy":"post_tag","embeddable":true,"href":"http:\/\/www.movimientocaamanista.com\/index.php?rest_route=%2Fwp%2Fv2%2Ftags&post=960"}],"curies":[{"name":"wp","href":"https:\/\/api.w.org\/{rel}","templated":true}]}}