{"id":963,"date":"2020-01-06T17:41:29","date_gmt":"2020-01-06T17:41:29","guid":{"rendered":"http:\/\/www.movimientocaamanista.com\/?p=963"},"modified":"2020-01-06T17:42:59","modified_gmt":"2020-01-06T17:42:59","slug":"se-va-el-19","status":"publish","type":"post","link":"http:\/\/www.movimientocaamanista.com\/?p=963","title":{"rendered":"SE VA EL 19"},"content":{"rendered":"\n<p>Narciso Isa Conde<\/p>\n\n\n\n<p>Parece que fue ayer el inicio de este siglo, pero\nhan pasado&nbsp; 19 a\u00f1os. Estamos despidiendo\nel 2019 y todav\u00eda bregando con la decadencia de este r\u00e9gimen y otros similares\nen el Continente, aunque podemos decir con orgullo que el pueblo movilizado de\nverde por tres a\u00f1os consecutivos logr\u00f3 ahora romperle parcialmente la \u201csiquitrilla\u201d<\/p>\n\n\n\n<p>La fractura del PLD (partido-Estado-corporaci\u00f3n)\nequivale a quiebra de la dictadura institucionalizada y posiblemente de sus\nveintes a\u00f1os de gobierno, no as\u00ed al fin del sistema de corrupci\u00f3n e impunidad a\ncargo del actual r\u00e9gimen de partidos y c\u00fapulas de la clase capitalista y\nfacciones militares-policiales gangsterizadas.<\/p>\n\n\n\n<p>Esta victoria parcial es de Marcha Verde y de\nlos movimientos sociales que confluyeron en ella para librar esta lucha\nanti-impunidad esencialmente pol\u00edtica, en la que los partidos tradicionales y\nlas instituciones quedaron maltrechos, pero todav\u00eda con vida.<\/p>\n\n\n\n<p>El hueso result\u00f3 m\u00e1s duro de roer que los que\nmuchos pensaron. Las mordidas verdes lograron sobretodo erosionar en mayor\ngrado su parte morada, sin lograr todav\u00eda carcomerlo todo.<\/p>\n\n\n\n<p>&nbsp;El hueso\nconserv\u00f3 as\u00ed partes de sus debilitadas estructuras, lo suficiente \u2013ayudadas por\nel sector m\u00e1s conservador de los in\u00edciales impulsores del movimiento verde-\npara intentar nuevamente, por la v\u00eda de unas elecciones a su servicio, la\nreproducci\u00f3n de la institucionalidad decadente y el r\u00e9gimen de impunidad con la\npreeminencia de &nbsp;otros actores del\nsistema. <\/p>\n\n\n\n<p>En eso est\u00e1n sus cuestionados protagonistas\ncamino al 2020, a\u00f1o en el que ya desde su inicio electoral podr\u00eda afirmarse,\nque en cuanto a&nbsp; su composici\u00f3n,&nbsp; Gobierno y Estado resultantes, posiblemente\nhabr\u00e1n de tener otra configuraci\u00f3n y &nbsp;mayor fragilidad, a consecuencia de una grave\ndivisi\u00f3n y desgaste de sus agentes de control. <\/p>\n\n\n\n<p>Tendr\u00e1n lugar cambios de rostros con mayores\nfracturas sist\u00e9micas. Un desgaste acumulado mayor y una conciencia popular contestataria\nde calado m\u00e1s profundo, agregando los desgarramientos que podr\u00edan producirse en\nfebrero y mayo, dentro de una competencia en la que prima lograr impunidad y\noportunidades para robar y saquear a cualquier precio.<\/p>\n\n\n\n<p>Cierra el 2019 y la configuraci\u00f3n del cambio\nreal sigue pendiente, en buena medida diferido, montado sobre una clase\ndominante-gobernante que no cesa de exhibir su degradaci\u00f3n, una crisis\necon\u00f3mica en gestaci\u00f3n, un neoliberalismo&nbsp;\ncontinentalmente impugnado y un d\u00e9ficit de alternativa que dilata la\nnecesaria ruptura.\n\nDe ah\u00ed el valor de cara al 2020 de la asunci\u00f3n\nde la lucha por un Cambio Radica Pro-Constituyente, que desmonte la\ninstitucionalidad pervertida y promueva la creaci\u00f3n de un nuevo Estado con\nnuevas normas, impactado por nuevos actores sociales y pol\u00edticos.\n\n\n\n<\/p>\n","protected":false},"excerpt":{"rendered":"<p>Narciso Isa Conde Parece que fue ayer el inicio de este siglo, pero han pasado&nbsp; 19 a\u00f1os. Estamos despidiendo el 2019 y todav\u00eda bregando con la decadencia de este r\u00e9gimen y otros similares en el Continente, aunque podemos decir con orgullo que el pueblo movilizado de verde por tres a\u00f1os consecutivos logr\u00f3 ahora romperle parcialmente [&hellip;]<\/p>\n","protected":false},"author":1,"featured_media":964,"comment_status":"open","ping_status":"open","sticky":false,"template":"","format":"standard","meta":{"footnotes":""},"categories":[5,2],"tags":[],"_links":{"self":[{"href":"http:\/\/www.movimientocaamanista.com\/index.php?rest_route=\/wp\/v2\/posts\/963"}],"collection":[{"href":"http:\/\/www.movimientocaamanista.com\/index.php?rest_route=\/wp\/v2\/posts"}],"about":[{"href":"http:\/\/www.movimientocaamanista.com\/index.php?rest_route=\/wp\/v2\/types\/post"}],"author":[{"embeddable":true,"href":"http:\/\/www.movimientocaamanista.com\/index.php?rest_route=\/wp\/v2\/users\/1"}],"replies":[{"embeddable":true,"href":"http:\/\/www.movimientocaamanista.com\/index.php?rest_route=%2Fwp%2Fv2%2Fcomments&post=963"}],"version-history":[{"count":1,"href":"http:\/\/www.movimientocaamanista.com\/index.php?rest_route=\/wp\/v2\/posts\/963\/revisions"}],"predecessor-version":[{"id":965,"href":"http:\/\/www.movimientocaamanista.com\/index.php?rest_route=\/wp\/v2\/posts\/963\/revisions\/965"}],"wp:featuredmedia":[{"embeddable":true,"href":"http:\/\/www.movimientocaamanista.com\/index.php?rest_route=\/wp\/v2\/media\/964"}],"wp:attachment":[{"href":"http:\/\/www.movimientocaamanista.com\/index.php?rest_route=%2Fwp%2Fv2%2Fmedia&parent=963"}],"wp:term":[{"taxonomy":"category","embeddable":true,"href":"http:\/\/www.movimientocaamanista.com\/index.php?rest_route=%2Fwp%2Fv2%2Fcategories&post=963"},{"taxonomy":"post_tag","embeddable":true,"href":"http:\/\/www.movimientocaamanista.com\/index.php?rest_route=%2Fwp%2Fv2%2Ftags&post=963"}],"curies":[{"name":"wp","href":"https:\/\/api.w.org\/{rel}","templated":true}]}}